{"id":6637,"date":"2015-09-24T16:10:03","date_gmt":"2015-09-24T14:10:03","guid":{"rendered":"http:\/\/www.erasmusmagazine.nl\/2015\/09\/24\/voor-een-festival-de-bak-in\/?lang=en"},"modified":"2025-12-19T11:22:22","modified_gmt":"2025-12-19T10:22:22","slug":"voor-een-festival-de-bak-in","status":"publish","type":"post","link":"https:\/\/www.erasmusmagazine.nl\/en\/2015\/09\/24\/voor-een-festival-de-bak-in\/","title":{"rendered":"Going to jail to attend a festival"},"content":{"rendered":"<figure class=\"wp-block-image size-large\"><img loading=\"lazy\" decoding=\"async\" width=\"1271\" height=\"538\" src=\"https:\/\/www.erasmusmagazine.nl\/en\/wp-content\/uploads\/sites\/8\/2017\/05\/09194416\/festival-12-inchCity-Behind-Bars-1.jpg?image-crop-positioner-ts=1766139041\" alt=\"\" class=\"wp-image-40470\" srcset=\"https:\/\/www.erasmusmagazine.nl\/en\/wp-content\/uploads\/sites\/8\/2017\/05\/09194416\/festival-12-inchCity-Behind-Bars-1.jpg?image-crop-positioner-ts=1766139041 1271w, https:\/\/www.erasmusmagazine.nl\/en\/wp-content\/uploads\/sites\/8\/2017\/05\/09194416\/festival-12-inchCity-Behind-Bars-1-875x370.jpg?image-crop-positioner-ts=1766139041 875w, https:\/\/www.erasmusmagazine.nl\/en\/wp-content\/uploads\/sites\/8\/2017\/05\/09194416\/festival-12-inchCity-Behind-Bars-1-300x127.jpg?image-crop-positioner-ts=1766139041 300w\" sizes=\"auto, (max-width: 1271px) 100vw, 1271px\" \/><figcaption class=\"wp-element-caption\"><p data-component=\"image-credits\" class=\"flex flex-wrap gap-2 items-center text-base\">\n\t<span aria-hidden=\"true\"><svg width=\"24\" height=\"24\" viewBox=\"0 0 24 24\" fill=\"none\" xmlns=\"http:\/\/www.w3.org\/2000\/svg\">\n<path d=\"M19.5 5.25H16.9012L15.6234 3.33375C15.555 3.23114 15.4623 3.147 15.3535 3.08879C15.2448 3.03057 15.1233 3.00007 15 3H9C8.87665 3.00007 8.75522 3.03057 8.64648 3.08879C8.53773 3.147 8.44502 3.23114 8.37656 3.33375L7.09781 5.25H4.5C3.90326 5.25 3.33097 5.48705 2.90901 5.90901C2.48705 6.33097 2.25 6.90326 2.25 7.5V18C2.25 18.5967 2.48705 19.169 2.90901 19.591C3.33097 20.0129 3.90326 20.25 4.5 20.25H19.5C20.0967 20.25 20.669 20.0129 21.091 19.591C21.5129 19.169 21.75 18.5967 21.75 18V7.5C21.75 6.90326 21.5129 6.33097 21.091 5.90901C20.669 5.48705 20.0967 5.25 19.5 5.25ZM15.375 12.375C15.375 13.0425 15.1771 13.695 14.8062 14.25C14.4354 14.8051 13.9083 15.2376 13.2916 15.4931C12.6749 15.7485 11.9963 15.8154 11.3416 15.6852C10.6869 15.5549 10.0855 15.2335 9.61351 14.7615C9.14151 14.2895 8.82007 13.6881 8.68985 13.0334C8.55962 12.3787 8.62646 11.7001 8.88191 11.0834C9.13735 10.4667 9.56993 9.93964 10.125 9.56879C10.68 9.19794 11.3325 9 12 9C12.8951 9 13.7535 9.35558 14.3865 9.98851C15.0194 10.6214 15.375 11.4799 15.375 12.375Z\" fill=\"currentColor\"\/>\n<\/svg>\n<\/span>\n\t<span class=\"sr-only\">Image by:<\/span>\n\n\t\t\t<span>\n\t\t\t\t\t\t\t<span>12 inchCity Behind Bars<\/span>\t\t\t\t\t<\/span>\n\t<\/p>\n<\/figcaption><\/figure><p>How likely are Erasmus students to end up in jail? Sure, there is always an outside chance, but generally speaking, students are unlikely to go to jail. To remedy that, a festival called \u2018In de bak\u2019 (Behind Bars) will be held in the former prison on the Noordsingel, for all you virtuous people who would never go to jail for any other reasons.<\/p>\n<figure class=\"wp-block-image size-full\"><img loading=\"lazy\" decoding=\"async\" width=\"1283\" height=\"538\" src=\"https:\/\/www.erasmusmagazine.nl\/en\/wp-content\/uploads\/sites\/8\/2017\/05\/09194414\/festival-12-inchCity-Behind-Bars-2.jpg?image-crop-positioner-ts=1766139041\" alt=\"\" class=\"wp-image-40468\" srcset=\"https:\/\/www.erasmusmagazine.nl\/en\/wp-content\/uploads\/sites\/8\/2017\/05\/09194414\/festival-12-inchCity-Behind-Bars-2.jpg?image-crop-positioner-ts=1766139041 1283w, https:\/\/www.erasmusmagazine.nl\/en\/wp-content\/uploads\/sites\/8\/2017\/05\/09194414\/festival-12-inchCity-Behind-Bars-2-875x367.jpg?image-crop-positioner-ts=1766139041 875w, https:\/\/www.erasmusmagazine.nl\/en\/wp-content\/uploads\/sites\/8\/2017\/05\/09194414\/festival-12-inchCity-Behind-Bars-2-1280x537.jpg?image-crop-positioner-ts=1766139041 1280w, https:\/\/www.erasmusmagazine.nl\/en\/wp-content\/uploads\/sites\/8\/2017\/05\/09194414\/festival-12-inchCity-Behind-Bars-2-300x126.jpg?image-crop-positioner-ts=1766139041 300w\" sizes=\"auto, (max-width: 1283px) 100vw, 1283px\" \/><\/figure><p>The jail was built over 150 years ago and over time has confined criminals such as the infamous Willem Holleeder. In other words, it\u2019s a great location for a party!<\/p>\n<p>This Saturday, a dance festival will be held at the jail, called <a href=\"http:\/\/12inchcity.com\/behind-bars-sold-out\/\">12 inchCity Behind Bars<\/a>. Four cell blocks will be transformed into four different styles of dance halls. You\u2019re expected to report at the gate between 12 and 2pm and once you\u2019re inside, you obviously won\u2019t be allowed to leave.<\/p>\n<p>This Sunday, the jail will host a quieter kind of party: <a href=\"http:\/\/www.swanmarket.nl\/\">Swan Market<\/a>, bringing you stalls laden with vintage products and jewellery, food trucks and local bands. This will be your last opportunity to go behind bars, because after this weekend, the jail will be converted into a block of flats.<\/p>\n<p><em>Of course, if you\u2019d rather party outside a jail, you\u2019re free to head to <\/em><a href=\"https:\/\/www.rotown.nl\/agenda\/losgeld\/\"><em>Losgeld in Rotown<\/em><\/a><em> for some dirty R&amp;B. Or alternatively, head to Museumpark, which will be transformed into a scene straight from <\/em>One Thousand and One Nights for the <a href=\"http:\/\/djemaaelfnarotterdam.stichtingdeloodsen.nl\/\"><em>Djemaa El Fna<\/em><\/a><em> food festival, named after the famous market place in Marrakech.<\/em><\/p>\n\n\t<div data-name=\"acf\/persons\" class=\"mt-6 md:mt-8 lg:mt-10\" >\n\t\t\t\t\t<h2 class=\"sr-only\">De redactie<\/h2>\n\t\t\n\t\t<div class=\"space-y-6\">\n\n\t\t\t\n\t\t\t<ul class=\"grid grid-cols-1 md:grid-cols-2 gap-4 md:gap-8 md:items-center\">\n\t\t\t\t\t\t\t\t\t\t\t\t\t\t<li>\n\t\t\t\t\t\t<div data-component=\"teaser-person\" class=\"relative flex gap-4 items-center md:gap-8\">\n\n\t\t\t<span class=\"image:rounded-full image:size-20 image:aspect-square image:object-cover md:image:size-36 shrink-0\">\n\t\t\t<img loading=\"lazy\" decoding=\"async\" width=\"466\" height=\"432\" src=\"https:\/\/www.erasmusmagazine.nl\/en\/wp-content\/uploads\/sites\/8\/2017\/05\/09193114\/celine-maessen.jpg?image-crop-positioner-ts=1766139038\" class=\"attachment-large size-large\" alt=\"\" srcset=\"https:\/\/www.erasmusmagazine.nl\/en\/wp-content\/uploads\/sites\/8\/2017\/05\/09193114\/celine-maessen.jpg?image-crop-positioner-ts=1766139038 466w, https:\/\/www.erasmusmagazine.nl\/en\/wp-content\/uploads\/sites\/8\/2017\/05\/09193114\/celine-maessen-300x278.jpg?image-crop-positioner-ts=1766139038 300w\" sizes=\"auto, (max-width: 466px) 100vw, 466px\" \/>\n\t\t<\/span>\n\t\n\t<div>\n\t\t<a href=\"https:\/\/www.erasmusmagazine.nl\/en\/persons\/celine-maessen-2\/\" class=\"absolute-link font-tiempos-headline underline hocus:no-underline decoration-1 underline-offset-2 text-lg text-current\">C\u00e9line Maessen<\/a>\n\n\t\t\t<\/div>\n<\/div>\n\t\t\t\t\t<\/li>\n\t\t\t\t\t\t\t<\/ul>\n\t\t<\/div>\n\t<\/div>\n","protected":false},"excerpt":{"rendered":"<p>How likely are Erasmus students to end up in jail? Sure, there is always an outside chance, but generally speaking, students are unlikely to go to jail. To remedy that, a festival called \u2018In de bak\u2019 (Behind Bars) will be held in the former prison on the Noordsingel, for all you virtuous people who would [&hellip;]<\/p>\n","protected":false},"author":113,"featured_media":463,"comment_status":"closed","ping_status":"closed","sticky":false,"template":"","format":"standard","meta":{"_acf_changed":false,"_trash_the_other_posts":false,"editor_notices":[],"footnotes":""},"categories":[8],"em_content_type":[24778],"class_list":["post-6637","post","type-post","status-publish","format-standard","has-post-thumbnail","hentry","category-studentlife","em_content_type-nieuws"],"acf":[],"yoast_head":"<!-- This site is optimized with the Yoast SEO plugin v27.3 - https:\/\/yoast.com\/product\/yoast-seo-wordpress\/ -->\n<title>C\u00e9line&#039;s weekendtip: feesten achter slot en grendel<\/title>\n<meta name=\"description\" content=\"12 inchCity Behind Bars festival in de gevangenis\" \/>\n<meta name=\"robots\" content=\"index, follow, max-snippet:-1, max-image-preview:large, max-video-preview:-1\" \/>\n<link rel=\"canonical\" href=\"https:\/\/www.erasmusmagazine.nl\/en\/2015\/09\/24\/voor-een-festival-de-bak-in\/\" \/>\n<meta property=\"og:locale\" content=\"en_GB\" \/>\n<meta property=\"og:type\" content=\"article\" \/>\n<meta property=\"og:title\" content=\"C\u00e9line&#039;s weekendtip: feesten achter slot en grendel\" \/>\n<meta property=\"og:description\" content=\"C\u00e9line&#039;s weekendtip: feesten achter slot en grendel bij het 12 inchCity Behind Bars festival in de gevangenis\" \/>\n<meta property=\"og:url\" content=\"https:\/\/www.erasmusmagazine.nl\/en\/2015\/09\/24\/voor-een-festival-de-bak-in\/\" \/>\n<meta property=\"og:site_name\" content=\"Erasmus Magazine\" \/>\n<meta property=\"article:publisher\" content=\"https:\/\/www.facebook.com\/ErasmusMagazineInternational\/\" \/>\n<meta property=\"article:published_time\" content=\"2015-09-24T14:10:03+00:00\" \/>\n<meta property=\"article:modified_time\" content=\"2025-12-19T10:22:22+00:00\" \/>\n<meta property=\"og:image\" content=\"https:\/\/www.erasmusmagazine.nl\/en\/wp-content\/uploads\/sites\/8\/2017\/12\/12142930\/erasmus-feat-image-template1-21.png?image-crop-positioner-ts=1766139131\" \/>\n\t<meta property=\"og:image:width\" content=\"1200\" \/>\n\t<meta property=\"og:image:height\" content=\"630\" \/>\n\t<meta property=\"og:image:type\" content=\"image\/png\" \/>\n<meta name=\"author\" content=\"C\u00e9line Maessen\" \/>\n<meta name=\"twitter:card\" content=\"summary_large_image\" \/>\n<meta name=\"twitter:title\" content=\"C\u00e9line&#039;s weekendtip: feesten achter slot en grendel\" \/>\n<meta name=\"twitter:description\" content=\"C\u00e9line&#039;s weekendtip: feesten achter slot en grendel bij het 12 inchCity Behind Bars festival in de gevangenis\" \/>\n<meta name=\"twitter:creator\" content=\"@erasmusmag\" \/>\n<meta name=\"twitter:site\" content=\"@erasmusmag\" \/>\n<meta name=\"twitter:label1\" content=\"Estimated reading time\" \/>\n\t<meta name=\"twitter:data1\" content=\"1 minute\" \/>\n\t<meta name=\"twitter:label2\" content=\"Written by\" \/>\n\t<meta name=\"twitter:data2\" content=\"C\u00e9line Maessen\" \/>\n<script type=\"application\/ld+json\" class=\"yoast-schema-graph\">{\"@context\":\"https:\\\/\\\/schema.org\",\"@graph\":[{\"@type\":\"Article\",\"@id\":\"https:\\\/\\\/www.erasmusmagazine.nl\\\/en\\\/2015\\\/09\\\/24\\\/voor-een-festival-de-bak-in\\\/#article\",\"isPartOf\":{\"@id\":\"https:\\\/\\\/www.erasmusmagazine.nl\\\/en\\\/2015\\\/09\\\/24\\\/voor-een-festival-de-bak-in\\\/\"},\"author\":\"C\u00e9line Maessen\",\"headline\":\"Going to jail to attend a festival\",\"datePublished\":\"2015-09-24T14:10:03+00:00\",\"dateModified\":\"2025-12-19T10:22:22+00:00\",\"mainEntityOfPage\":{\"@id\":\"https:\\\/\\\/www.erasmusmagazine.nl\\\/en\\\/2015\\\/09\\\/24\\\/voor-een-festival-de-bak-in\\\/\"},\"wordCount\":262,\"image\":{\"@id\":\"https:\\\/\\\/www.erasmusmagazine.nl\\\/en\\\/2015\\\/09\\\/24\\\/voor-een-festival-de-bak-in\\\/#primaryimage\"},\"thumbnailUrl\":\"https:\\\/\\\/www.erasmusmagazine.nl\\\/en\\\/wp-content\\\/uploads\\\/sites\\\/8\\\/2017\\\/02\\\/24103750\\\/Behind-bars-371x234.png?image-crop-positioner-ts=1766139024\",\"articleSection\":[\"Student life\"],\"inLanguage\":\"en-GB\"},{\"@type\":\"WebPage\",\"@id\":\"https:\\\/\\\/www.erasmusmagazine.nl\\\/en\\\/2015\\\/09\\\/24\\\/voor-een-festival-de-bak-in\\\/\",\"url\":\"https:\\\/\\\/www.erasmusmagazine.nl\\\/en\\\/2015\\\/09\\\/24\\\/voor-een-festival-de-bak-in\\\/\",\"name\":\"C\u00e9line's weekendtip: feesten achter slot en grendel\",\"isPartOf\":{\"@id\":\"https:\\\/\\\/www.erasmusmagazine.nl\\\/en\\\/#website\"},\"primaryImageOfPage\":{\"@id\":\"https:\\\/\\\/www.erasmusmagazine.nl\\\/en\\\/2015\\\/09\\\/24\\\/voor-een-festival-de-bak-in\\\/#primaryimage\"},\"image\":{\"@id\":\"https:\\\/\\\/www.erasmusmagazine.nl\\\/en\\\/2015\\\/09\\\/24\\\/voor-een-festival-de-bak-in\\\/#primaryimage\"},\"thumbnailUrl\":\"https:\\\/\\\/www.erasmusmagazine.nl\\\/en\\\/wp-content\\\/uploads\\\/sites\\\/8\\\/2017\\\/02\\\/24103750\\\/Behind-bars-371x234.png?image-crop-positioner-ts=1766139024\",\"datePublished\":\"2015-09-24T14:10:03+00:00\",\"dateModified\":\"2025-12-19T10:22:22+00:00\",\"author\":\"C\u00e9line Maessen\",\"description\":\"12 inchCity Behind Bars festival in de gevangenis\",\"breadcrumb\":{\"@id\":\"https:\\\/\\\/www.erasmusmagazine.nl\\\/en\\\/2015\\\/09\\\/24\\\/voor-een-festival-de-bak-in\\\/#breadcrumb\"},\"inLanguage\":\"en-GB\",\"potentialAction\":[{\"@type\":\"ReadAction\",\"target\":[\"https:\\\/\\\/www.erasmusmagazine.nl\\\/en\\\/2015\\\/09\\\/24\\\/voor-een-festival-de-bak-in\\\/\"]}]},{\"@type\":\"ImageObject\",\"inLanguage\":\"en-GB\",\"@id\":\"https:\\\/\\\/www.erasmusmagazine.nl\\\/en\\\/2015\\\/09\\\/24\\\/voor-een-festival-de-bak-in\\\/#primaryimage\",\"url\":\"https:\\\/\\\/www.erasmusmagazine.nl\\\/en\\\/wp-content\\\/uploads\\\/sites\\\/8\\\/2017\\\/02\\\/24103750\\\/Behind-bars-371x234.png?image-crop-positioner-ts=1766139024\",\"contentUrl\":\"https:\\\/\\\/www.erasmusmagazine.nl\\\/en\\\/wp-content\\\/uploads\\\/sites\\\/8\\\/2017\\\/02\\\/24103750\\\/Behind-bars-371x234.png?image-crop-positioner-ts=1766139024\",\"width\":371,\"height\":234},{\"@type\":\"BreadcrumbList\",\"@id\":\"https:\\\/\\\/www.erasmusmagazine.nl\\\/en\\\/2015\\\/09\\\/24\\\/voor-een-festival-de-bak-in\\\/#breadcrumb\",\"itemListElement\":[{\"@type\":\"ListItem\",\"position\":1,\"name\":\"Home\",\"item\":\"https:\\\/\\\/www.erasmusmagazine.nl\\\/en\\\/\"},{\"@type\":\"ListItem\",\"position\":2,\"name\":\"Going to jail to attend a festival\"}]},{\"@type\":\"WebSite\",\"@id\":\"https:\\\/\\\/www.erasmusmagazine.nl\\\/en\\\/#website\",\"url\":\"https:\\\/\\\/www.erasmusmagazine.nl\\\/en\\\/\",\"name\":\"Erasmus Magazine\",\"description\":\"Independent news platform of Erasmus University Rotterdam\",\"potentialAction\":[{\"@type\":\"SearchAction\",\"target\":{\"@type\":\"EntryPoint\",\"urlTemplate\":\"https:\\\/\\\/www.erasmusmagazine.nl\\\/en\\\/?s={search_term_string}\"},\"query-input\":{\"@type\":\"PropertyValueSpecification\",\"valueRequired\":true,\"valueName\":\"search_term_string\"}}],\"inLanguage\":\"en-GB\"},{\"@type\":\"Person\",\"name\":\"C\u00e9line Maessen\",\"id\":\"https:\\\/\\\/www.erasmusmagazine.nl\\\/en\\\/persons\\\/celine-maessen-2\\\/\",\"url\":\"https:\\\/\\\/www.erasmusmagazine.nl\\\/en\\\/persons\\\/celine-maessen-2\\\/\",\"image\":{\"@type\":\"ImageObject\",\"inLanguage\":\"en-GB\",\"@id\":\"https:\\\/\\\/www.erasmusmagazine.nl\\\/en\\\/wp-content\\\/uploads\\\/sites\\\/8\\\/2017\\\/05\\\/09193114\\\/celine-maessen.jpg\",\"url\":\"https:\\\/\\\/www.erasmusmagazine.nl\\\/en\\\/wp-content\\\/uploads\\\/sites\\\/8\\\/2017\\\/05\\\/09193114\\\/celine-maessen.jpg\",\"contentUrl\":\"https:\\\/\\\/www.erasmusmagazine.nl\\\/en\\\/wp-content\\\/uploads\\\/sites\\\/8\\\/2017\\\/05\\\/09193114\\\/celine-maessen.jpg\",\"caption\":\"C\u00e9line Maessen\"}}]}<\/script>\n<!-- \/ Yoast SEO plugin. -->","yoast_head_json":{"title":"C\u00e9line's weekendtip: feesten achter slot en grendel","description":"12 inchCity Behind Bars festival in de gevangenis","robots":{"index":"index","follow":"follow","max-snippet":"max-snippet:-1","max-image-preview":"max-image-preview:large","max-video-preview":"max-video-preview:-1"},"canonical":"https:\/\/www.erasmusmagazine.nl\/en\/2015\/09\/24\/voor-een-festival-de-bak-in\/","og_locale":"en_GB","og_type":"article","og_title":"C\u00e9line's weekendtip: feesten achter slot en grendel","og_description":"C\u00e9line's weekendtip: feesten achter slot en grendel bij het 12 inchCity Behind Bars festival in de gevangenis","og_url":"https:\/\/www.erasmusmagazine.nl\/en\/2015\/09\/24\/voor-een-festival-de-bak-in\/","og_site_name":"Erasmus Magazine","article_publisher":"https:\/\/www.facebook.com\/ErasmusMagazineInternational\/","article_published_time":"2015-09-24T14:10:03+00:00","article_modified_time":"2025-12-19T10:22:22+00:00","og_image":[{"width":1200,"height":630,"url":"https:\/\/www.erasmusmagazine.nl\/en\/wp-content\/uploads\/sites\/8\/2017\/12\/12142930\/erasmus-feat-image-template1-21.png?image-crop-positioner-ts=1766139131","type":"image\/png"}],"author":"C\u00e9line Maessen","twitter_card":"summary_large_image","twitter_title":"C\u00e9line's weekendtip: feesten achter slot en grendel","twitter_description":"C\u00e9line's weekendtip: feesten achter slot en grendel bij het 12 inchCity Behind Bars festival in de gevangenis","twitter_creator":"@erasmusmag","twitter_site":"@erasmusmag","twitter_misc":{"Estimated reading time":"1 minute","Written by":"C\u00e9line Maessen"},"schema":{"@context":"https:\/\/schema.org","@graph":[{"@type":"Article","@id":"https:\/\/www.erasmusmagazine.nl\/en\/2015\/09\/24\/voor-een-festival-de-bak-in\/#article","isPartOf":{"@id":"https:\/\/www.erasmusmagazine.nl\/en\/2015\/09\/24\/voor-een-festival-de-bak-in\/"},"author":"C\u00e9line Maessen","headline":"Going to jail to attend a festival","datePublished":"2015-09-24T14:10:03+00:00","dateModified":"2025-12-19T10:22:22+00:00","mainEntityOfPage":{"@id":"https:\/\/www.erasmusmagazine.nl\/en\/2015\/09\/24\/voor-een-festival-de-bak-in\/"},"wordCount":262,"image":{"@id":"https:\/\/www.erasmusmagazine.nl\/en\/2015\/09\/24\/voor-een-festival-de-bak-in\/#primaryimage"},"thumbnailUrl":"https:\/\/www.erasmusmagazine.nl\/en\/wp-content\/uploads\/sites\/8\/2017\/02\/24103750\/Behind-bars-371x234.png?image-crop-positioner-ts=1766139024","articleSection":["Student life"],"inLanguage":"en-GB"},{"@type":"WebPage","@id":"https:\/\/www.erasmusmagazine.nl\/en\/2015\/09\/24\/voor-een-festival-de-bak-in\/","url":"https:\/\/www.erasmusmagazine.nl\/en\/2015\/09\/24\/voor-een-festival-de-bak-in\/","name":"C\u00e9line's weekendtip: feesten achter slot en grendel","isPartOf":{"@id":"https:\/\/www.erasmusmagazine.nl\/en\/#website"},"primaryImageOfPage":{"@id":"https:\/\/www.erasmusmagazine.nl\/en\/2015\/09\/24\/voor-een-festival-de-bak-in\/#primaryimage"},"image":{"@id":"https:\/\/www.erasmusmagazine.nl\/en\/2015\/09\/24\/voor-een-festival-de-bak-in\/#primaryimage"},"thumbnailUrl":"https:\/\/www.erasmusmagazine.nl\/en\/wp-content\/uploads\/sites\/8\/2017\/02\/24103750\/Behind-bars-371x234.png?image-crop-positioner-ts=1766139024","datePublished":"2015-09-24T14:10:03+00:00","dateModified":"2025-12-19T10:22:22+00:00","author":"C\u00e9line Maessen","description":"12 inchCity Behind Bars festival in de gevangenis","breadcrumb":{"@id":"https:\/\/www.erasmusmagazine.nl\/en\/2015\/09\/24\/voor-een-festival-de-bak-in\/#breadcrumb"},"inLanguage":"en-GB","potentialAction":[{"@type":"ReadAction","target":["https:\/\/www.erasmusmagazine.nl\/en\/2015\/09\/24\/voor-een-festival-de-bak-in\/"]}]},{"@type":"ImageObject","inLanguage":"en-GB","@id":"https:\/\/www.erasmusmagazine.nl\/en\/2015\/09\/24\/voor-een-festival-de-bak-in\/#primaryimage","url":"https:\/\/www.erasmusmagazine.nl\/en\/wp-content\/uploads\/sites\/8\/2017\/02\/24103750\/Behind-bars-371x234.png?image-crop-positioner-ts=1766139024","contentUrl":"https:\/\/www.erasmusmagazine.nl\/en\/wp-content\/uploads\/sites\/8\/2017\/02\/24103750\/Behind-bars-371x234.png?image-crop-positioner-ts=1766139024","width":371,"height":234},{"@type":"BreadcrumbList","@id":"https:\/\/www.erasmusmagazine.nl\/en\/2015\/09\/24\/voor-een-festival-de-bak-in\/#breadcrumb","itemListElement":[{"@type":"ListItem","position":1,"name":"Home","item":"https:\/\/www.erasmusmagazine.nl\/en\/"},{"@type":"ListItem","position":2,"name":"Going to jail to attend a festival"}]},{"@type":"WebSite","@id":"https:\/\/www.erasmusmagazine.nl\/en\/#website","url":"https:\/\/www.erasmusmagazine.nl\/en\/","name":"Erasmus Magazine","description":"Independent news platform of Erasmus University Rotterdam","potentialAction":[{"@type":"SearchAction","target":{"@type":"EntryPoint","urlTemplate":"https:\/\/www.erasmusmagazine.nl\/en\/?s={search_term_string}"},"query-input":{"@type":"PropertyValueSpecification","valueRequired":true,"valueName":"search_term_string"}}],"inLanguage":"en-GB"},{"@type":"Person","name":"C\u00e9line Maessen","id":"https:\/\/www.erasmusmagazine.nl\/en\/persons\/celine-maessen-2\/","url":"https:\/\/www.erasmusmagazine.nl\/en\/persons\/celine-maessen-2\/","image":{"@type":"ImageObject","inLanguage":"en-GB","@id":"https:\/\/www.erasmusmagazine.nl\/en\/wp-content\/uploads\/sites\/8\/2017\/05\/09193114\/celine-maessen.jpg","url":"https:\/\/www.erasmusmagazine.nl\/en\/wp-content\/uploads\/sites\/8\/2017\/05\/09193114\/celine-maessen.jpg","contentUrl":"https:\/\/www.erasmusmagazine.nl\/en\/wp-content\/uploads\/sites\/8\/2017\/05\/09193114\/celine-maessen.jpg","caption":"C\u00e9line Maessen"}}]}},"_links":{"self":[{"href":"https:\/\/www.erasmusmagazine.nl\/en\/wp-json\/wp\/v2\/posts\/6637","targetHints":{"allow":["GET"]}}],"collection":[{"href":"https:\/\/www.erasmusmagazine.nl\/en\/wp-json\/wp\/v2\/posts"}],"about":[{"href":"https:\/\/www.erasmusmagazine.nl\/en\/wp-json\/wp\/v2\/types\/post"}],"author":[{"embeddable":true,"href":"https:\/\/www.erasmusmagazine.nl\/en\/wp-json\/wp\/v2\/users\/113"}],"replies":[{"embeddable":true,"href":"https:\/\/www.erasmusmagazine.nl\/en\/wp-json\/wp\/v2\/comments?post=6637"}],"version-history":[{"count":1,"href":"https:\/\/www.erasmusmagazine.nl\/en\/wp-json\/wp\/v2\/posts\/6637\/revisions"}],"predecessor-version":[{"id":185306,"href":"https:\/\/www.erasmusmagazine.nl\/en\/wp-json\/wp\/v2\/posts\/6637\/revisions\/185306"}],"wp:featuredmedia":[{"embeddable":true,"href":"https:\/\/www.erasmusmagazine.nl\/en\/wp-json\/wp\/v2\/media\/463"}],"wp:attachment":[{"href":"https:\/\/www.erasmusmagazine.nl\/en\/wp-json\/wp\/v2\/media?parent=6637"}],"wp:term":[{"taxonomy":"category","embeddable":true,"href":"https:\/\/www.erasmusmagazine.nl\/en\/wp-json\/wp\/v2\/categories?post=6637"},{"taxonomy":"em_content_type","embeddable":true,"href":"https:\/\/www.erasmusmagazine.nl\/en\/wp-json\/wp\/v2\/em_content_type?post=6637"}],"curies":[{"name":"wp","href":"https:\/\/api.w.org\/{rel}","templated":true}]}}