{"id":2430,"date":"2016-09-26T16:58:22","date_gmt":"2016-09-26T14:58:22","guid":{"rendered":"http:\/\/www.erasmusmagazine.nl\/en\/?p=59078"},"modified":"2025-12-19T11:22:09","modified_gmt":"2025-12-19T10:22:09","slug":"this-is-me-lyydia-alajaasko-19","status":"publish","type":"post","link":"https:\/\/www.erasmusmagazine.nl\/en\/2016\/09\/26\/this-is-me-lyydia-alajaasko-19\/","title":{"rendered":"This is me: Lyydia Alaj\u00e4\u00e4sk\u00f6 (19)"},"content":{"rendered":"<figure class=\"wp-block-image size-large is-resized\"><img loading=\"lazy\" decoding=\"async\" width=\"1280\" height=\"854\" src=\"https:\/\/www.erasmusmagazine.nl\/en\/wp-content\/uploads\/sites\/8\/2017\/05\/09220537\/Lyydia-028-1280x854.jpg?image-crop-positioner-ts=1766139090\" alt=\"\" class=\"wp-image-59071\" srcset=\"https:\/\/www.erasmusmagazine.nl\/en\/wp-content\/uploads\/sites\/8\/2017\/05\/09220537\/Lyydia-028-1280x854.jpg?image-crop-positioner-ts=1766139090 1280w, https:\/\/www.erasmusmagazine.nl\/en\/wp-content\/uploads\/sites\/8\/2017\/05\/09220537\/Lyydia-028-875x584.jpg?image-crop-positioner-ts=1766139090 875w, https:\/\/www.erasmusmagazine.nl\/en\/wp-content\/uploads\/sites\/8\/2017\/05\/09220537\/Lyydia-028-300x200.jpg?image-crop-positioner-ts=1766139090 300w, https:\/\/www.erasmusmagazine.nl\/en\/wp-content\/uploads\/sites\/8\/2017\/05\/09220537\/Lyydia-028.jpg?image-crop-positioner-ts=1766139090 2000w\" sizes=\"auto, (max-width: 1280px) 100vw, 1280px\" \/><figcaption class=\"wp-element-caption\"><p data-component=\"image-credits\" class=\"flex flex-wrap gap-2 items-center text-base\">\n\t<span aria-hidden=\"true\"><svg width=\"24\" height=\"24\" viewBox=\"0 0 24 24\" fill=\"none\" xmlns=\"http:\/\/www.w3.org\/2000\/svg\">\n<path d=\"M19.5 5.25H16.9012L15.6234 3.33375C15.555 3.23114 15.4623 3.147 15.3535 3.08879C15.2448 3.03057 15.1233 3.00007 15 3H9C8.87665 3.00007 8.75522 3.03057 8.64648 3.08879C8.53773 3.147 8.44502 3.23114 8.37656 3.33375L7.09781 5.25H4.5C3.90326 5.25 3.33097 5.48705 2.90901 5.90901C2.48705 6.33097 2.25 6.90326 2.25 7.5V18C2.25 18.5967 2.48705 19.169 2.90901 19.591C3.33097 20.0129 3.90326 20.25 4.5 20.25H19.5C20.0967 20.25 20.669 20.0129 21.091 19.591C21.5129 19.169 21.75 18.5967 21.75 18V7.5C21.75 6.90326 21.5129 6.33097 21.091 5.90901C20.669 5.48705 20.0967 5.25 19.5 5.25ZM15.375 12.375C15.375 13.0425 15.1771 13.695 14.8062 14.25C14.4354 14.8051 13.9083 15.2376 13.2916 15.4931C12.6749 15.7485 11.9963 15.8154 11.3416 15.6852C10.6869 15.5549 10.0855 15.2335 9.61351 14.7615C9.14151 14.2895 8.82007 13.6881 8.68985 13.0334C8.55962 12.3787 8.62646 11.7001 8.88191 11.0834C9.13735 10.4667 9.56993 9.93964 10.125 9.56879C10.68 9.19794 11.3325 9 12 9C12.8951 9 13.7535 9.35558 14.3865 9.98851C15.0194 10.6214 15.375 11.4799 15.375 12.375Z\" fill=\"currentColor\"\/>\n<\/svg>\n<\/span>\n\t<span class=\"sr-only\">Image by:<\/span>\n\n\t\t\t<span>\n\t\t\t\t\t\t\t<a href=\"https:\/\/www.erasmusmagazine.nl\/en\/persons\/ronald-van-den-heerik\/\" class=\"underline hocus:no-underline decoration-1 underline-offset-2\">Ronald van den Heerik<\/a>\t\t\t\t\t<\/span>\n\t<\/p>\n<\/figcaption><\/figure><div data-component=core\/image><\/div><p><strong>Style.<\/strong> \u201cMy style very much depends on my mood. However, I usually favour casual clothing. Pieces that aren\u2019t too flamboyant, in cool and warm tones. But when I go out in the evening, that\u2019s a different story. I love the process of dressing up, putting on makeup, etc. It\u2019s almost something artistic to me. I find clothes a way to express myself. Most importantly, I dress for myself and not to please anyone else. The same applies to my hair, although the blue colour was actually an accident.\u201d<\/p>\n<p><strong>Feminism.<\/strong> \u201cI\u2019ve always been a feminist. In fact, the strong and independent Mulan was always my favourite character when I was growing up. I look up to my Mum as well. She\u2019s a strong woman and she never depended on my Dad for anything. I have a deep interest in the subject of female empowerment in Third World countries.\u201d<\/p>\n<p><strong>Poetry.<\/strong> \u201cI have a passion for literature and poetry, and I write the latter as a hobby. Warsan Shire, a Somalian poet, and Clementine van Radics, who has become famous through Tumblr, are my major influencers as well as favourite poets. The first one explores topics such as refugees and the dichotomy between males and females. However, I don\u2019t find poetry a means to bring social awareness. I believe this would take away from the poetry itself.\u201d<\/p>\n<p><strong>Golden Rings.<\/strong> \u201cThe two golden rings I am wearing belonged to my late grandparents who passed away two years ago. These are their wedding rings and I wear them to keep their memory with me. I feel a special bond with my grandmother. She also wrote poetry and I was lucky enough to read her diaries and discover this connection between us.\u201d<\/p>\n\n\t<div data-name=\"acf\/persons\" class=\"mt-6 md:mt-8 lg:mt-10\" >\n\t\t\t\t\t<h2 class=\"sr-only\">De redactie<\/h2>\n\t\t\n\t\t<div class=\"space-y-6\">\n\n\t\t\t\n\t\t\t<ul class=\"grid grid-cols-1 md:grid-cols-2 gap-4 md:gap-8 md:items-center\">\n\t\t\t\t\t\t\t\t\t\t\t\t\t\t<li>\n\t\t\t\t\t\t<div data-component=\"teaser-person\" class=\"relative flex gap-4 items-center md:gap-8\">\n\n\t\n\t<div>\n\t\t<a href=\"https:\/\/www.erasmusmagazine.nl\/en\/persons\/giorgia-chiesa\/\" class=\"absolute-link font-tiempos-headline underline hocus:no-underline decoration-1 underline-offset-2 text-lg text-current\">Giorgia Chiesa<\/a>\n\n\t\t\t\t\t<p class=\"text-md\">Stagiair<\/p>\n\t\t\t<\/div>\n<\/div>\n\t\t\t\t\t<\/li>\n\t\t\t\t\t\t\t<\/ul>\n\t\t<\/div>\n\t<\/div>\n\n\t<div data-name=\"acf\/posts\" class=\"alignfull py-6 md:py-8 lg:py-10 bg-white\" >\n\t\t<div class=\"container-fixed\">\n\n\t\t\t\n\t\t\t<div class=\"space-y-6 md:space-y-8\">\n\n\t\t\t\t\t\t\t\t\t<h2 class=\"text-xl md:text-2xl\">Latest news<\/h2>\n\t\t\t\t\n\t\t\t\t\t\n\t<ul data-component=\"post-grid\" class=\"grid items-stretch grid-cols-1 gap-2 md:gap-4 lg:gap-8 text-zoom-lg:grid-cols-1\n\t\t\n\t\tlg:grid-cols-3\n\t\t\">\n\n\t\t\n\t\t\t\t\t\t\n\t\t\t\n\t\t\t<li class=\"@container\">\n\t\t\t\t\n<div data-component=\"teaser-post\" class=\"block-theme-sand hidden lg:flex h-full relative flex bg-sand-300\n\tblock-theme-violet:bg-white block-theme-violet:text-purple block-theme-mocha:bg-sand-500 block-theme-mocha:text-brown\n\tblock-theme-sand:bg-sand-300 block-theme-sand:text-neutral-900\n\tblock-theme-violet:outline-purple-100 block-theme-violet:outline-1 block-theme-violet:outline-t-0\n\tflex-col @xl:flex-row\">\n\t\t\t<div class=\"relative image:w-full image:aspect-video image:object-cover shrink-0 w-full @xl:w-1\/2\">\n\t\t\t<img loading=\"lazy\" decoding=\"async\" width=\"1280\" height=\"720\" src=\"https:\/\/www.erasmusmagazine.nl\/en\/wp-content\/uploads\/sites\/8\/2025\/10\/28175131\/tegenprotest-hoogleraar-ontslag-israel-plaza-spar-Wieneke-Gunneweg_1968-1280x720.jpg?image-crop-positioner-ts=1766154600\" class=\"attachment-video_xl size-video_xl\" alt=\"\" srcset=\"https:\/\/www.erasmusmagazine.nl\/en\/wp-content\/uploads\/sites\/8\/2025\/10\/28175131\/tegenprotest-hoogleraar-ontslag-israel-plaza-spar-Wieneke-Gunneweg_1968-1280x720.jpg?image-crop-positioner-ts=1766154600 1280w, https:\/\/www.erasmusmagazine.nl\/en\/wp-content\/uploads\/sites\/8\/2025\/10\/28175131\/tegenprotest-hoogleraar-ontslag-israel-plaza-spar-Wieneke-Gunneweg_1968-500x282.jpg?image-crop-positioner-ts=1766154600 500w, https:\/\/www.erasmusmagazine.nl\/en\/wp-content\/uploads\/sites\/8\/2025\/10\/28175131\/tegenprotest-hoogleraar-ontslag-israel-plaza-spar-Wieneke-Gunneweg_1968-832x468.jpg?image-crop-positioner-ts=1766154600 832w\" sizes=\"auto, (max-width: 1280px) 100vw, 1280px\" \/>\n\n\t\t\t\t\t<\/div>\n\t\n\t<div class=\"flex flex-col gap-2 md:gap-4 p-4 @md:p-8 @xl:p-8 \">\n\n\t\t\t\t<h3 class=\"text-md @sm:text-xl @md:text-2xl @xl:text-2xl\">\n\t\t\t<a href=\"https:\/\/www.erasmusmagazine.nl\/en\/2026\/04\/28\/bestrijding-antisemitisme-steile-leercurve-voor-onderwijsbestuurders\/\" class=\"absolute-link text-current underline-offset-2 decoration-2 hocus:underline @md:decoration-3 @xl:decoration-4 inline-block\">\n\t\t\t\tCombating antisemitism: \u2018Steep learning curve\u2019 for education administrators\n\t\t\t<\/a>\n\t\t<\/h3>\n\n\t\t<div class=\"flex flex-wrap gap-4 items-center\">\n\t\t\t<span class=\"sr-only\">Gepubliceerd op:<\/span>\n\t\t\t<time class=\"text-sm font-soehne text-neutral-900\" datetime=\"2026-04-28\">28 April 2026<\/time>\n\n\t\t\t\t\t\t\t\t\t\t\t\n\t<ul data-component=\"list-badges\" class=\"flex items-center gap-2 flex-wrap\" aria-label=\"Geplaatst in categorie\">\n\t\t\t\t\t<li>\n\t\t\t\t\t<div data-component=\"badge\" class=\"block-theme-violet:bg-purple font-soehne font-bold text-sm bg-brown-600 block-theme-violet:bg-purple text-white py-[2px] px-2\">\n\t\t\t\t\tSafety\n\t\t\t<\/div>\n\t\t\t<\/li>\n\t\t\t<\/ul>\n\t\t\t\t\t<\/div>\n\n\t\t\t<\/div>\n<\/div>\n\t\t\t\t\t\t\t\t\t\n<div data-component=\"teaser-post-small\" class=\"block-theme-sand lg:hidden relative flex h-full bg-sand-300\n\tblock-theme-violet:bg-white block-theme-violet:text-purple block-theme-mocha:bg-sand-500 block-theme-mocha:text-brown\n\tblock-theme-sand:bg-sand-300 block-theme-sand:text-neutral-900\n\tblock-theme-violet:outline-purple-100 block-theme-violet:outline-1 block-theme-violet:outline-t-0\n\ttheme-mocha:bg-white! theme-violet:bg-white! theme-sand:bg-white!\n\tflex-row gap-4 @md:gap-8 p-4 @md:p-6\">\n\t\t\t<div class=\"image:w-full image:aspect-square image:object-cover shrink-0 size-17.5 @sm:size-21.25 @md:size-30 @lg:size-40\">\n\t\t\t<img loading=\"lazy\" decoding=\"async\" width=\"460\" height=\"307\" src=\"https:\/\/www.erasmusmagazine.nl\/en\/wp-content\/uploads\/sites\/8\/2025\/10\/28175131\/tegenprotest-hoogleraar-ontslag-israel-plaza-spar-Wieneke-Gunneweg_1968.jpg?image-crop-positioner-ts=1766154600\" class=\"attachment-square_lg size-square_lg\" alt=\"\" srcset=\"https:\/\/www.erasmusmagazine.nl\/en\/wp-content\/uploads\/sites\/8\/2025\/10\/28175131\/tegenprotest-hoogleraar-ontslag-israel-plaza-spar-Wieneke-Gunneweg_1968.jpg?image-crop-positioner-ts=1766154600 2560w, https:\/\/www.erasmusmagazine.nl\/en\/wp-content\/uploads\/sites\/8\/2025\/10\/28175131\/tegenprotest-hoogleraar-ontslag-israel-plaza-spar-Wieneke-Gunneweg_1968-875x583.jpg?image-crop-positioner-ts=1766154600 875w, https:\/\/www.erasmusmagazine.nl\/en\/wp-content\/uploads\/sites\/8\/2025\/10\/28175131\/tegenprotest-hoogleraar-ontslag-israel-plaza-spar-Wieneke-Gunneweg_1968-1600x1067.jpg?image-crop-positioner-ts=1766154600 1600w, https:\/\/www.erasmusmagazine.nl\/en\/wp-content\/uploads\/sites\/8\/2025\/10\/28175131\/tegenprotest-hoogleraar-ontslag-israel-plaza-spar-Wieneke-Gunneweg_1968-300x200.jpg?image-crop-positioner-ts=1766154600 300w, https:\/\/www.erasmusmagazine.nl\/en\/wp-content\/uploads\/sites\/8\/2025\/10\/28175131\/tegenprotest-hoogleraar-ontslag-israel-plaza-spar-Wieneke-Gunneweg_1968-1280x854.jpg?image-crop-positioner-ts=1766154600 1280w, https:\/\/www.erasmusmagazine.nl\/en\/wp-content\/uploads\/sites\/8\/2025\/10\/28175131\/tegenprotest-hoogleraar-ontslag-israel-plaza-spar-Wieneke-Gunneweg_1968-1536x1024.jpg?image-crop-positioner-ts=1766154600 1536w, https:\/\/www.erasmusmagazine.nl\/en\/wp-content\/uploads\/sites\/8\/2025\/10\/28175131\/tegenprotest-hoogleraar-ontslag-israel-plaza-spar-Wieneke-Gunneweg_1968-2048x1366.jpg?image-crop-positioner-ts=1766154600 2048w\" sizes=\"auto, (max-width: 460px) 100vw, 460px\" \/>\n\t\t<\/div>\n\t\n\t<div class=\"flex flex-col gap-2 md:gap-4 \">\n\t\t\t\t<h3 class=\"text-md @lg:text-lg\">\n\t\t\t<a href=\"https:\/\/www.erasmusmagazine.nl\/en\/2026\/04\/28\/bestrijding-antisemitisme-steile-leercurve-voor-onderwijsbestuurders\/\" class=\"absolute-link text-current hocus:underline inline-block\">\n\t\t\t\tCombating antisemitism: \u2018Steep learning curve\u2019 for education administrators\n\t\t\t<\/a>\n\t\t<\/h3>\n\n\t\t<div class=\"flex flex-wrap gap-4 items-center\">\n\t\t\t<span class=\"sr-only\">Gepubliceerd op:<\/span>\n\t\t\t<time class=\"text-sm font-soehne text-neutral-900\" datetime=\"2026-04-28\">28 April 2026<\/time>\n\n\t\t\t\t\t\t\t\t\t\t\t\n\t<ul data-component=\"list-badges\" class=\"flex items-center gap-2 flex-wrap\" aria-label=\"Geplaatst in categorie\">\n\t\t\t\t\t<li>\n\t\t\t\t\t<div data-component=\"badge\" class=\"block-theme-violet:bg-purple font-soehne font-bold text-sm bg-brown-600 block-theme-violet:bg-purple text-white py-[2px] px-2\">\n\t\t\t\t\tSafety\n\t\t\t<\/div>\n\t\t\t<\/li>\n\t\t\t<\/ul>\n\t\t\t\t\t<\/div>\n\n\t\t\t<\/div>\n<\/div>\n\t\t\t\t\t\t\t<\/li>\n\t\t\n\t\t\t\t\t\t\n\t\t\t\n\t\t\t<li class=\"@container\">\n\t\t\t\t\n<div data-component=\"teaser-post\" class=\"block-theme-sand hidden lg:flex h-full relative flex bg-sand-300\n\tblock-theme-violet:bg-white block-theme-violet:text-purple block-theme-mocha:bg-sand-500 block-theme-mocha:text-brown\n\tblock-theme-sand:bg-sand-300 block-theme-sand:text-neutral-900\n\tblock-theme-violet:outline-purple-100 block-theme-violet:outline-1 block-theme-violet:outline-t-0\n\tflex-col @xl:flex-row\">\n\t\t\t<div class=\"relative image:w-full image:aspect-video image:object-cover shrink-0 w-full @xl:w-1\/2\">\n\t\t\t<img loading=\"lazy\" decoding=\"async\" width=\"1280\" height=\"720\" src=\"https:\/\/www.erasmusmagazine.nl\/en\/wp-content\/uploads\/sites\/8\/rianne-letschert_persfoto_2026__martijn-beekman-1280x720.jpg?image-crop-positioner-ts=1776934694\" class=\"attachment-video_xl size-video_xl\" alt=\"\" srcset=\"https:\/\/www.erasmusmagazine.nl\/en\/wp-content\/uploads\/sites\/8\/rianne-letschert_persfoto_2026__martijn-beekman-1280x720.jpg?image-crop-positioner-ts=1776934694 1280w, https:\/\/www.erasmusmagazine.nl\/en\/wp-content\/uploads\/sites\/8\/rianne-letschert_persfoto_2026__martijn-beekman-500x282.jpg?image-crop-positioner-ts=1776934694 500w, https:\/\/www.erasmusmagazine.nl\/en\/wp-content\/uploads\/sites\/8\/rianne-letschert_persfoto_2026__martijn-beekman-832x468.jpg?image-crop-positioner-ts=1776934694 832w\" sizes=\"auto, (max-width: 1280px) 100vw, 1280px\" \/>\n\n\t\t\t\t\t<\/div>\n\t\n\t<div class=\"flex flex-col gap-2 md:gap-4 p-4 @md:p-8 @xl:p-8 \">\n\n\t\t\t\t<h3 class=\"text-md @sm:text-xl @md:text-2xl @xl:text-2xl\">\n\t\t\t<a href=\"https:\/\/www.erasmusmagazine.nl\/en\/2026\/04\/24\/letschert-honderden-miljoenen-erbij-voor-hoger-onderwijs\/\" class=\"absolute-link text-current underline-offset-2 decoration-2 hocus:underline @md:decoration-3 @xl:decoration-4 inline-block\">\n\t\t\t\tLetschert: hundreds of millions more for higher education\n\t\t\t<\/a>\n\t\t<\/h3>\n\n\t\t<div class=\"flex flex-wrap gap-4 items-center\">\n\t\t\t<span class=\"sr-only\">Gepubliceerd op:<\/span>\n\t\t\t<time class=\"text-sm font-soehne text-neutral-900\" datetime=\"2026-04-24\">24 April 2026<\/time>\n\n\t\t\t\t\t\t\t\t\t\t\t\n\t<ul data-component=\"list-badges\" class=\"flex items-center gap-2 flex-wrap\" aria-label=\"Geplaatst in categorie\">\n\t\t\t\t\t<li>\n\t\t\t\t\t<div data-component=\"badge\" class=\"block-theme-violet:bg-purple font-soehne font-bold text-sm bg-brown-600 block-theme-violet:bg-purple text-white py-[2px] px-2\">\n\t\t\t\t\tNieuws\n\t\t\t<\/div>\n\t\t\t<\/li>\n\t\t\t<\/ul>\n\t\t\t\t\t<\/div>\n\n\t\t\t<\/div>\n<\/div>\n\t\t\t\t\t\t\t\t\t\n<div data-component=\"teaser-post-small\" class=\"block-theme-sand lg:hidden relative flex h-full bg-sand-300\n\tblock-theme-violet:bg-white block-theme-violet:text-purple block-theme-mocha:bg-sand-500 block-theme-mocha:text-brown\n\tblock-theme-sand:bg-sand-300 block-theme-sand:text-neutral-900\n\tblock-theme-violet:outline-purple-100 block-theme-violet:outline-1 block-theme-violet:outline-t-0\n\ttheme-mocha:bg-white! theme-violet:bg-white! theme-sand:bg-white!\n\tflex-row gap-4 @md:gap-8 p-4 @md:p-6\">\n\t\t\t<div class=\"image:w-full image:aspect-square image:object-cover shrink-0 size-17.5 @sm:size-21.25 @md:size-30 @lg:size-40\">\n\t\t\t<img loading=\"lazy\" decoding=\"async\" width=\"460\" height=\"460\" src=\"https:\/\/www.erasmusmagazine.nl\/en\/wp-content\/uploads\/sites\/8\/rianne-letschert_persfoto_2026__martijn-beekman-460x460.jpg?image-crop-positioner-ts=1776934694\" class=\"attachment-square_lg size-square_lg\" alt=\"\" srcset=\"https:\/\/www.erasmusmagazine.nl\/en\/wp-content\/uploads\/sites\/8\/rianne-letschert_persfoto_2026__martijn-beekman-460x460.jpg?image-crop-positioner-ts=1776934694 460w, https:\/\/www.erasmusmagazine.nl\/en\/wp-content\/uploads\/sites\/8\/rianne-letschert_persfoto_2026__martijn-beekman-115x115.jpg?image-crop-positioner-ts=1776934694 115w, https:\/\/www.erasmusmagazine.nl\/en\/wp-content\/uploads\/sites\/8\/rianne-letschert_persfoto_2026__martijn-beekman-230x230.jpg?image-crop-positioner-ts=1776934694 230w\" sizes=\"auto, (max-width: 460px) 100vw, 460px\" \/>\n\t\t<\/div>\n\t\n\t<div class=\"flex flex-col gap-2 md:gap-4 \">\n\t\t\t\t<h3 class=\"text-md @lg:text-lg\">\n\t\t\t<a href=\"https:\/\/www.erasmusmagazine.nl\/en\/2026\/04\/24\/letschert-honderden-miljoenen-erbij-voor-hoger-onderwijs\/\" class=\"absolute-link text-current hocus:underline inline-block\">\n\t\t\t\tLetschert: hundreds of millions more for higher education\n\t\t\t<\/a>\n\t\t<\/h3>\n\n\t\t<div class=\"flex flex-wrap gap-4 items-center\">\n\t\t\t<span class=\"sr-only\">Gepubliceerd op:<\/span>\n\t\t\t<time class=\"text-sm font-soehne text-neutral-900\" datetime=\"2026-04-24\">24 April 2026<\/time>\n\n\t\t\t\t\t\t\t\t\t\t\t\n\t<ul data-component=\"list-badges\" class=\"flex items-center gap-2 flex-wrap\" aria-label=\"Geplaatst in categorie\">\n\t\t\t\t\t<li>\n\t\t\t\t\t<div data-component=\"badge\" class=\"block-theme-violet:bg-purple font-soehne font-bold text-sm bg-brown-600 block-theme-violet:bg-purple text-white py-[2px] px-2\">\n\t\t\t\t\tNieuws\n\t\t\t<\/div>\n\t\t\t<\/li>\n\t\t\t<\/ul>\n\t\t\t\t\t<\/div>\n\n\t\t\t<\/div>\n<\/div>\n\t\t\t\t\t\t\t<\/li>\n\t\t\n\t\t\t\t\t\t\n\t\t\t\n\t\t\t<li class=\"@container\">\n\t\t\t\t\n<div data-component=\"teaser-post\" class=\"block-theme-sand hidden lg:flex h-full relative flex bg-sand-300\n\tblock-theme-violet:bg-white block-theme-violet:text-purple block-theme-mocha:bg-sand-500 block-theme-mocha:text-brown\n\tblock-theme-sand:bg-sand-300 block-theme-sand:text-neutral-900\n\tblock-theme-violet:outline-purple-100 block-theme-violet:outline-1 block-theme-violet:outline-t-0\n\tflex-col @xl:flex-row\">\n\t\t\t<div class=\"relative image:w-full image:aspect-video image:object-cover shrink-0 w-full @xl:w-1\/2\">\n\t\t\t<img loading=\"lazy\" decoding=\"async\" width=\"1079\" height=\"720\" src=\"https:\/\/www.erasmusmagazine.nl\/en\/wp-content\/uploads\/sites\/8\/2024\/11\/07103456\/collegezaal-master-open-dag-2023-foto-EUR.jpg?image-crop-positioner-ts=1766139400\" class=\"attachment-video_xl size-video_xl\" alt=\"\" srcset=\"https:\/\/www.erasmusmagazine.nl\/en\/wp-content\/uploads\/sites\/8\/2024\/11\/07103456\/collegezaal-master-open-dag-2023-foto-EUR.jpg?image-crop-positioner-ts=1766139400 1619w, https:\/\/www.erasmusmagazine.nl\/en\/wp-content\/uploads\/sites\/8\/2024\/11\/07103456\/collegezaal-master-open-dag-2023-foto-EUR-875x584.jpg?image-crop-positioner-ts=1766139400 875w, https:\/\/www.erasmusmagazine.nl\/en\/wp-content\/uploads\/sites\/8\/2024\/11\/07103456\/collegezaal-master-open-dag-2023-foto-EUR-1600x1067.jpg?image-crop-positioner-ts=1766139400 1600w, https:\/\/www.erasmusmagazine.nl\/en\/wp-content\/uploads\/sites\/8\/2024\/11\/07103456\/collegezaal-master-open-dag-2023-foto-EUR-300x200.jpg?image-crop-positioner-ts=1766139400 300w, https:\/\/www.erasmusmagazine.nl\/en\/wp-content\/uploads\/sites\/8\/2024\/11\/07103456\/collegezaal-master-open-dag-2023-foto-EUR-1280x854.jpg?image-crop-positioner-ts=1766139400 1280w, https:\/\/www.erasmusmagazine.nl\/en\/wp-content\/uploads\/sites\/8\/2024\/11\/07103456\/collegezaal-master-open-dag-2023-foto-EUR-1536x1025.jpg?image-crop-positioner-ts=1766139400 1536w, https:\/\/www.erasmusmagazine.nl\/en\/wp-content\/uploads\/sites\/8\/2024\/11\/07103456\/collegezaal-master-open-dag-2023-foto-EUR-150x100.jpg?image-crop-positioner-ts=1766139400 150w, https:\/\/www.erasmusmagazine.nl\/en\/wp-content\/uploads\/sites\/8\/2024\/11\/07103456\/collegezaal-master-open-dag-2023-foto-EUR-225x150.jpg?image-crop-positioner-ts=1766139400 225w\" sizes=\"auto, (max-width: 1079px) 100vw, 1079px\" \/>\n\n\t\t\t\t\t<\/div>\n\t\n\t<div class=\"flex flex-col gap-2 md:gap-4 p-4 @md:p-8 @xl:p-8 \">\n\n\t\t\t\t<h3 class=\"text-md @sm:text-xl @md:text-2xl @xl:text-2xl\">\n\t\t\t<a href=\"https:\/\/www.erasmusmagazine.nl\/en\/2026\/04\/24\/erasmus-universiteit-krijgt-voorlopig-positief-advies-op-instellingstoets\/\" class=\"absolute-link text-current underline-offset-2 decoration-2 hocus:underline @md:decoration-3 @xl:decoration-4 inline-block\">\n\t\t\t\tErasmus University receives preliminary positive recommendation on institutional review\n\t\t\t<\/a>\n\t\t<\/h3>\n\n\t\t<div class=\"flex flex-wrap gap-4 items-center\">\n\t\t\t<span class=\"sr-only\">Gepubliceerd op:<\/span>\n\t\t\t<time class=\"text-sm font-soehne text-neutral-900\" datetime=\"2026-04-24\">24 April 2026<\/time>\n\n\t\t\t\t\t\t\t\t\t\t\t\n\t<ul data-component=\"list-badges\" class=\"flex items-center gap-2 flex-wrap\" aria-label=\"Geplaatst in categorie\">\n\t\t\t\t\t<li>\n\t\t\t\t\t<div data-component=\"badge\" class=\"block-theme-violet:bg-purple font-soehne font-bold text-sm bg-brown-600 block-theme-violet:bg-purple text-white py-[2px] px-2\">\n\t\t\t\t\tEducation\n\t\t\t<\/div>\n\t\t\t<\/li>\n\t\t\t<\/ul>\n\t\t\t\t\t<\/div>\n\n\t\t\t<\/div>\n<\/div>\n\t\t\t\t\t\t\t\t\t\n<div data-component=\"teaser-post-small\" class=\"block-theme-sand lg:hidden relative flex h-full bg-sand-300\n\tblock-theme-violet:bg-white block-theme-violet:text-purple block-theme-mocha:bg-sand-500 block-theme-mocha:text-brown\n\tblock-theme-sand:bg-sand-300 block-theme-sand:text-neutral-900\n\tblock-theme-violet:outline-purple-100 block-theme-violet:outline-1 block-theme-violet:outline-t-0\n\ttheme-mocha:bg-white! theme-violet:bg-white! theme-sand:bg-white!\n\tflex-row gap-4 @md:gap-8 p-4 @md:p-6\">\n\t\t\t<div class=\"image:w-full image:aspect-square image:object-cover shrink-0 size-17.5 @sm:size-21.25 @md:size-30 @lg:size-40\">\n\t\t\t<img loading=\"lazy\" decoding=\"async\" width=\"460\" height=\"307\" src=\"https:\/\/www.erasmusmagazine.nl\/en\/wp-content\/uploads\/sites\/8\/2024\/11\/07103456\/collegezaal-master-open-dag-2023-foto-EUR.jpg?image-crop-positioner-ts=1766139400\" class=\"attachment-square_lg size-square_lg\" alt=\"\" srcset=\"https:\/\/www.erasmusmagazine.nl\/en\/wp-content\/uploads\/sites\/8\/2024\/11\/07103456\/collegezaal-master-open-dag-2023-foto-EUR.jpg?image-crop-positioner-ts=1766139400 1619w, https:\/\/www.erasmusmagazine.nl\/en\/wp-content\/uploads\/sites\/8\/2024\/11\/07103456\/collegezaal-master-open-dag-2023-foto-EUR-875x584.jpg?image-crop-positioner-ts=1766139400 875w, https:\/\/www.erasmusmagazine.nl\/en\/wp-content\/uploads\/sites\/8\/2024\/11\/07103456\/collegezaal-master-open-dag-2023-foto-EUR-1600x1067.jpg?image-crop-positioner-ts=1766139400 1600w, https:\/\/www.erasmusmagazine.nl\/en\/wp-content\/uploads\/sites\/8\/2024\/11\/07103456\/collegezaal-master-open-dag-2023-foto-EUR-300x200.jpg?image-crop-positioner-ts=1766139400 300w, https:\/\/www.erasmusmagazine.nl\/en\/wp-content\/uploads\/sites\/8\/2024\/11\/07103456\/collegezaal-master-open-dag-2023-foto-EUR-1280x854.jpg?image-crop-positioner-ts=1766139400 1280w, https:\/\/www.erasmusmagazine.nl\/en\/wp-content\/uploads\/sites\/8\/2024\/11\/07103456\/collegezaal-master-open-dag-2023-foto-EUR-1536x1025.jpg?image-crop-positioner-ts=1766139400 1536w, https:\/\/www.erasmusmagazine.nl\/en\/wp-content\/uploads\/sites\/8\/2024\/11\/07103456\/collegezaal-master-open-dag-2023-foto-EUR-150x100.jpg?image-crop-positioner-ts=1766139400 150w, https:\/\/www.erasmusmagazine.nl\/en\/wp-content\/uploads\/sites\/8\/2024\/11\/07103456\/collegezaal-master-open-dag-2023-foto-EUR-225x150.jpg?image-crop-positioner-ts=1766139400 225w\" sizes=\"auto, (max-width: 460px) 100vw, 460px\" \/>\n\t\t<\/div>\n\t\n\t<div class=\"flex flex-col gap-2 md:gap-4 \">\n\t\t\t\t<h3 class=\"text-md @lg:text-lg\">\n\t\t\t<a href=\"https:\/\/www.erasmusmagazine.nl\/en\/2026\/04\/24\/erasmus-universiteit-krijgt-voorlopig-positief-advies-op-instellingstoets\/\" class=\"absolute-link text-current hocus:underline inline-block\">\n\t\t\t\tErasmus University receives preliminary positive recommendation on institutional review\n\t\t\t<\/a>\n\t\t<\/h3>\n\n\t\t<div class=\"flex flex-wrap gap-4 items-center\">\n\t\t\t<span class=\"sr-only\">Gepubliceerd op:<\/span>\n\t\t\t<time class=\"text-sm font-soehne text-neutral-900\" datetime=\"2026-04-24\">24 April 2026<\/time>\n\n\t\t\t\t\t\t\t\t\t\t\t\n\t<ul data-component=\"list-badges\" class=\"flex items-center gap-2 flex-wrap\" aria-label=\"Geplaatst in categorie\">\n\t\t\t\t\t<li>\n\t\t\t\t\t<div data-component=\"badge\" class=\"block-theme-violet:bg-purple font-soehne font-bold text-sm bg-brown-600 block-theme-violet:bg-purple text-white py-[2px] px-2\">\n\t\t\t\t\tEducation\n\t\t\t<\/div>\n\t\t\t<\/li>\n\t\t\t<\/ul>\n\t\t\t\t\t<\/div>\n\n\t\t\t<\/div>\n<\/div>\n\t\t\t\t\t\t\t<\/li>\n\t\t\t<\/ul>\n\n\t\t\t\t\t\t\t\t\t<div class=\"text-right text-brown-600\">\n\t\t\t\t\t\t\n\n\n\n<a\n\tdata-variant=\"outline\"\n\tdata-size=\"default\"\n\tclass=\"group inline-flex justify-center items-center gap-2 cursor-pointer text-md font-soehne underline-offset-2 decoration-2 px-4 min-h-[3.75rem] border-2 border-current bg-transparent text-current font-bold hocus:underline w-full lg:w-auto\"\n\n\t\n\t\t\thref=\"\"\n\t\n\t\n\t\n\t\n\t\n\t\n\t\n\t\n\t\n\t\n\t\n\t\n\t>\n\t\n\t\t\t\t\t<span data-button-text class=\"\">\n\t\t\tAll articles\n\n\t\t\t\t\t<\/span>\n\t\n\t\t\t\t\t\t<span class=\" flex items-center justify-center w-[1em] h-[1em] icon  \" aria-hidden=\"true\">\n\t\t\t<svg aria-hidden=\"true\" width=\"20\" height=\"17\" viewBox=\"0 0 20 17\" fill=\"none\" xmlns=\"http:\/\/www.w3.org\/2000\/svg\">\n<path d=\"M18.25 7.5C18.8023 7.5 19.25 7.94772 19.25 8.5C19.25 9.05228 18.8023 9.5 18.25 9.5H1.75C1.19772 9.5 0.75 9.05228 0.75 8.5C0.75 7.94772 1.19772 7.5 1.75 7.5H18.25Z\" fill=\"currentColor\"\/>\n<path d=\"M10.793 1.04295C11.1835 0.65243 11.8165 0.65243 12.207 1.04295L18.957 7.79295C19.3476 8.18348 19.3476 8.81649 18.957 9.20702L12.207 15.957C11.8165 16.3475 11.1835 16.3475 10.793 15.957C10.4024 15.5665 10.4024 14.9335 10.793 14.543L16.8359 8.49999L10.793 2.45702C10.4024 2.06649 10.4024 1.43348 10.793 1.04295Z\" fill=\"currentColor\"\/>\n<\/svg>\n\n\t\t<\/span>\n\n\t\t\t\n\t<\/a>\n\t\t\t\t\t<\/div>\n\t\t\t\t\t\t\t<\/div>\n\t\t<\/div>\n\t<\/div>\n","protected":false},"excerpt":{"rendered":"<p>Style. \u201cMy style very much depends on my mood. However, I usually favour casual clothing. Pieces that aren\u2019t too flamboyant, in cool and warm tones. But when I go out in the evening, that\u2019s a different story. I love the process of dressing up, putting on makeup, etc. It\u2019s almost something artistic to me. I [&hellip;]<\/p>\n","protected":false},"author":0,"featured_media":0,"comment_status":"open","ping_status":"closed","sticky":false,"template":"","format":"standard","meta":{"_acf_changed":false,"_trash_the_other_posts":false,"editor_notices":[],"footnotes":""},"categories":[148],"em_content_type":[],"class_list":["post-2430","post","type-post","status-publish","format-standard","hentry","category-rubriek-en-dit-ben-ik"],"acf":[],"yoast_head":"<!-- This site is optimized with the Yoast SEO plugin v27.3 - https:\/\/yoast.com\/product\/yoast-seo-wordpress\/ -->\n<title>This is me: Lyydia Alaj\u00e4\u00e4sk\u00f6 (19)<\/title>\n<meta name=\"description\" content=\"Student Economics Lyydia Alaj\u00e4\u00e4sk\u00f6 (19) has been a feminist for life.\" \/>\n<meta name=\"robots\" content=\"index, follow, max-snippet:-1, max-image-preview:large, max-video-preview:-1\" \/>\n<link rel=\"canonical\" href=\"https:\/\/www.erasmusmagazine.nl\/en\/2016\/09\/26\/this-is-me-lyydia-alajaasko-19\/\" \/>\n<meta property=\"og:locale\" content=\"en_GB\" \/>\n<meta property=\"og:type\" content=\"article\" \/>\n<meta property=\"og:title\" content=\"This is me: Lyydia Alaj\u00e4\u00e4sk\u00f6 (19)\" \/>\n<meta property=\"og:description\" content=\"Bachelorstudent Economics &amp; Business Economics Lyydia Alaj\u00e4\u00e4sk\u00f6 (19) has been a feminist for life. &#039;The strong and independent Mulan was always my favourite character when I was growing up.&#039;\" \/>\n<meta property=\"og:url\" content=\"https:\/\/www.erasmusmagazine.nl\/en\/2016\/09\/26\/this-is-me-lyydia-alajaasko-19\/\" \/>\n<meta property=\"og:site_name\" content=\"Erasmus Magazine\" \/>\n<meta property=\"article:publisher\" content=\"https:\/\/www.facebook.com\/ErasmusMagazineInternational\/\" \/>\n<meta property=\"article:published_time\" content=\"2016-09-26T14:58:22+00:00\" \/>\n<meta property=\"article:modified_time\" content=\"2025-12-19T10:22:09+00:00\" \/>\n<meta property=\"og:image\" content=\"https:\/\/www.erasmusmagazine.nl\/en\/wp-content\/uploads\/sites\/8\/2017\/12\/12142930\/erasmus-feat-image-template1-21.png?image-crop-positioner-ts=1766139131\" \/>\n\t<meta property=\"og:image:width\" content=\"1200\" \/>\n\t<meta property=\"og:image:height\" content=\"630\" \/>\n\t<meta property=\"og:image:type\" content=\"image\/png\" \/>\n<meta name=\"twitter:card\" content=\"summary_large_image\" \/>\n<meta name=\"twitter:title\" content=\"This is me: Lyydia Alaj\u00e4\u00e4sk\u00f6 (19)\" \/>\n<meta name=\"twitter:description\" content=\"Bachelorstudent Economics &amp; Business Economics Lyydia Alaj\u00e4\u00e4sk\u00f6 (19) has been a feminist for life. &#039;The strong and independent Mulan was always my favourite character when I was growing up.&#039;\" \/>\n<meta name=\"twitter:creator\" content=\"@erasmusmag\" \/>\n<meta name=\"twitter:site\" content=\"@erasmusmag\" \/>\n<meta name=\"twitter:label1\" content=\"Estimated reading time\" \/>\n\t<meta name=\"twitter:data1\" content=\"1 minute\" \/>\n\t<meta name=\"twitter:label2\" content=\"Written by\" \/>\n\t<meta name=\"twitter:data2\" content=\"Giorgia Chiesa\" \/>\n<script type=\"application\/ld+json\" class=\"yoast-schema-graph\">{\"@context\":\"https:\\\/\\\/schema.org\",\"@graph\":[{\"@type\":\"Article\",\"@id\":\"https:\\\/\\\/www.erasmusmagazine.nl\\\/en\\\/2016\\\/09\\\/26\\\/this-is-me-lyydia-alajaasko-19\\\/#article\",\"isPartOf\":{\"@id\":\"https:\\\/\\\/www.erasmusmagazine.nl\\\/en\\\/2016\\\/09\\\/26\\\/this-is-me-lyydia-alajaasko-19\\\/\"},\"author\":\"Giorgia Chiesa\",\"headline\":\"This is me: Lyydia Alaj\u00e4\u00e4sk\u00f6 (19)\",\"datePublished\":\"2016-09-26T14:58:22+00:00\",\"dateModified\":\"2025-12-19T10:22:09+00:00\",\"mainEntityOfPage\":{\"@id\":\"https:\\\/\\\/www.erasmusmagazine.nl\\\/en\\\/2016\\\/09\\\/26\\\/this-is-me-lyydia-alajaasko-19\\\/\"},\"wordCount\":298,\"commentCount\":0,\"image\":{\"@id\":\"https:\\\/\\\/www.erasmusmagazine.nl\\\/en\\\/2016\\\/09\\\/26\\\/this-is-me-lyydia-alajaasko-19\\\/#primaryimage\"},\"thumbnailUrl\":\"https:\\\/\\\/www.erasmusmagazine.nl\\\/en\\\/wp-content\\\/uploads\\\/sites\\\/8\\\/2017\\\/05\\\/09220537\\\/Lyydia-028-1280x854.jpg?image-crop-positioner-ts=1766139090\",\"articleSection\":[\"This is me\"],\"inLanguage\":\"en-GB\",\"potentialAction\":[{\"@type\":\"CommentAction\",\"name\":\"Comment\",\"target\":[\"https:\\\/\\\/www.erasmusmagazine.nl\\\/en\\\/2016\\\/09\\\/26\\\/this-is-me-lyydia-alajaasko-19\\\/#respond\"]}]},{\"@type\":\"WebPage\",\"@id\":\"https:\\\/\\\/www.erasmusmagazine.nl\\\/en\\\/2016\\\/09\\\/26\\\/this-is-me-lyydia-alajaasko-19\\\/\",\"url\":\"https:\\\/\\\/www.erasmusmagazine.nl\\\/en\\\/2016\\\/09\\\/26\\\/this-is-me-lyydia-alajaasko-19\\\/\",\"name\":\"This is me: Lyydia Alaj\u00e4\u00e4sk\u00f6 (19)\",\"isPartOf\":{\"@id\":\"https:\\\/\\\/www.erasmusmagazine.nl\\\/en\\\/#website\"},\"primaryImageOfPage\":{\"@id\":\"https:\\\/\\\/www.erasmusmagazine.nl\\\/en\\\/2016\\\/09\\\/26\\\/this-is-me-lyydia-alajaasko-19\\\/#primaryimage\"},\"image\":{\"@id\":\"https:\\\/\\\/www.erasmusmagazine.nl\\\/en\\\/2016\\\/09\\\/26\\\/this-is-me-lyydia-alajaasko-19\\\/#primaryimage\"},\"thumbnailUrl\":\"https:\\\/\\\/www.erasmusmagazine.nl\\\/en\\\/wp-content\\\/uploads\\\/sites\\\/8\\\/2017\\\/05\\\/09220537\\\/Lyydia-028-1280x854.jpg?image-crop-positioner-ts=1766139090\",\"datePublished\":\"2016-09-26T14:58:22+00:00\",\"dateModified\":\"2025-12-19T10:22:09+00:00\",\"author\":\"Giorgia Chiesa\",\"description\":\"Student Economics Lyydia Alaj\u00e4\u00e4sk\u00f6 (19) has been a feminist for life.\",\"breadcrumb\":{\"@id\":\"https:\\\/\\\/www.erasmusmagazine.nl\\\/en\\\/2016\\\/09\\\/26\\\/this-is-me-lyydia-alajaasko-19\\\/#breadcrumb\"},\"inLanguage\":\"en-GB\",\"potentialAction\":[{\"@type\":\"ReadAction\",\"target\":[\"https:\\\/\\\/www.erasmusmagazine.nl\\\/en\\\/2016\\\/09\\\/26\\\/this-is-me-lyydia-alajaasko-19\\\/\"]}]},{\"@type\":\"ImageObject\",\"inLanguage\":\"en-GB\",\"@id\":\"https:\\\/\\\/www.erasmusmagazine.nl\\\/en\\\/2016\\\/09\\\/26\\\/this-is-me-lyydia-alajaasko-19\\\/#primaryimage\",\"url\":\"https:\\\/\\\/www.erasmusmagazine.nl\\\/en\\\/wp-content\\\/uploads\\\/sites\\\/8\\\/2017\\\/05\\\/09220537\\\/Lyydia-028.jpg?image-crop-positioner-ts=1766139090\",\"contentUrl\":\"https:\\\/\\\/www.erasmusmagazine.nl\\\/en\\\/wp-content\\\/uploads\\\/sites\\\/8\\\/2017\\\/05\\\/09220537\\\/Lyydia-028.jpg?image-crop-positioner-ts=1766139090\",\"width\":2000,\"height\":1334},{\"@type\":\"BreadcrumbList\",\"@id\":\"https:\\\/\\\/www.erasmusmagazine.nl\\\/en\\\/2016\\\/09\\\/26\\\/this-is-me-lyydia-alajaasko-19\\\/#breadcrumb\",\"itemListElement\":[{\"@type\":\"ListItem\",\"position\":1,\"name\":\"Home\",\"item\":\"https:\\\/\\\/www.erasmusmagazine.nl\\\/en\\\/\"},{\"@type\":\"ListItem\",\"position\":2,\"name\":\"This is me: Lyydia Alaj\u00e4\u00e4sk\u00f6 (19)\"}]},{\"@type\":\"WebSite\",\"@id\":\"https:\\\/\\\/www.erasmusmagazine.nl\\\/en\\\/#website\",\"url\":\"https:\\\/\\\/www.erasmusmagazine.nl\\\/en\\\/\",\"name\":\"Erasmus Magazine\",\"description\":\"Independent news platform of Erasmus University Rotterdam\",\"potentialAction\":[{\"@type\":\"SearchAction\",\"target\":{\"@type\":\"EntryPoint\",\"urlTemplate\":\"https:\\\/\\\/www.erasmusmagazine.nl\\\/en\\\/?s={search_term_string}\"},\"query-input\":{\"@type\":\"PropertyValueSpecification\",\"valueRequired\":true,\"valueName\":\"search_term_string\"}}],\"inLanguage\":\"en-GB\"},{\"@type\":\"Person\",\"name\":\"Giorgia Chiesa\",\"id\":\"https:\\\/\\\/www.erasmusmagazine.nl\\\/en\\\/persons\\\/giorgia-chiesa\\\/\",\"url\":\"https:\\\/\\\/www.erasmusmagazine.nl\\\/en\\\/persons\\\/giorgia-chiesa\\\/\"}]}<\/script>\n<!-- \/ Yoast SEO plugin. -->","yoast_head_json":{"title":"This is me: Lyydia Alaj\u00e4\u00e4sk\u00f6 (19)","description":"Student Economics Lyydia Alaj\u00e4\u00e4sk\u00f6 (19) has been a feminist for life.","robots":{"index":"index","follow":"follow","max-snippet":"max-snippet:-1","max-image-preview":"max-image-preview:large","max-video-preview":"max-video-preview:-1"},"canonical":"https:\/\/www.erasmusmagazine.nl\/en\/2016\/09\/26\/this-is-me-lyydia-alajaasko-19\/","og_locale":"en_GB","og_type":"article","og_title":"This is me: Lyydia Alaj\u00e4\u00e4sk\u00f6 (19)","og_description":"Bachelorstudent Economics & Business Economics Lyydia Alaj\u00e4\u00e4sk\u00f6 (19) has been a feminist for life. 'The strong and independent Mulan was always my favourite character when I was growing up.'","og_url":"https:\/\/www.erasmusmagazine.nl\/en\/2016\/09\/26\/this-is-me-lyydia-alajaasko-19\/","og_site_name":"Erasmus Magazine","article_publisher":"https:\/\/www.facebook.com\/ErasmusMagazineInternational\/","article_published_time":"2016-09-26T14:58:22+00:00","article_modified_time":"2025-12-19T10:22:09+00:00","og_image":[{"width":1200,"height":630,"url":"https:\/\/www.erasmusmagazine.nl\/en\/wp-content\/uploads\/sites\/8\/2017\/12\/12142930\/erasmus-feat-image-template1-21.png?image-crop-positioner-ts=1766139131","type":"image\/png"}],"twitter_card":"summary_large_image","twitter_title":"This is me: Lyydia Alaj\u00e4\u00e4sk\u00f6 (19)","twitter_description":"Bachelorstudent Economics & Business Economics Lyydia Alaj\u00e4\u00e4sk\u00f6 (19) has been a feminist for life. 'The strong and independent Mulan was always my favourite character when I was growing up.'","twitter_creator":"@erasmusmag","twitter_site":"@erasmusmag","twitter_misc":{"Estimated reading time":"1 minute","Written by":"Giorgia Chiesa"},"schema":{"@context":"https:\/\/schema.org","@graph":[{"@type":"Article","@id":"https:\/\/www.erasmusmagazine.nl\/en\/2016\/09\/26\/this-is-me-lyydia-alajaasko-19\/#article","isPartOf":{"@id":"https:\/\/www.erasmusmagazine.nl\/en\/2016\/09\/26\/this-is-me-lyydia-alajaasko-19\/"},"author":"Giorgia Chiesa","headline":"This is me: Lyydia Alaj\u00e4\u00e4sk\u00f6 (19)","datePublished":"2016-09-26T14:58:22+00:00","dateModified":"2025-12-19T10:22:09+00:00","mainEntityOfPage":{"@id":"https:\/\/www.erasmusmagazine.nl\/en\/2016\/09\/26\/this-is-me-lyydia-alajaasko-19\/"},"wordCount":298,"commentCount":0,"image":{"@id":"https:\/\/www.erasmusmagazine.nl\/en\/2016\/09\/26\/this-is-me-lyydia-alajaasko-19\/#primaryimage"},"thumbnailUrl":"https:\/\/www.erasmusmagazine.nl\/en\/wp-content\/uploads\/sites\/8\/2017\/05\/09220537\/Lyydia-028-1280x854.jpg?image-crop-positioner-ts=1766139090","articleSection":["This is me"],"inLanguage":"en-GB","potentialAction":[{"@type":"CommentAction","name":"Comment","target":["https:\/\/www.erasmusmagazine.nl\/en\/2016\/09\/26\/this-is-me-lyydia-alajaasko-19\/#respond"]}]},{"@type":"WebPage","@id":"https:\/\/www.erasmusmagazine.nl\/en\/2016\/09\/26\/this-is-me-lyydia-alajaasko-19\/","url":"https:\/\/www.erasmusmagazine.nl\/en\/2016\/09\/26\/this-is-me-lyydia-alajaasko-19\/","name":"This is me: Lyydia Alaj\u00e4\u00e4sk\u00f6 (19)","isPartOf":{"@id":"https:\/\/www.erasmusmagazine.nl\/en\/#website"},"primaryImageOfPage":{"@id":"https:\/\/www.erasmusmagazine.nl\/en\/2016\/09\/26\/this-is-me-lyydia-alajaasko-19\/#primaryimage"},"image":{"@id":"https:\/\/www.erasmusmagazine.nl\/en\/2016\/09\/26\/this-is-me-lyydia-alajaasko-19\/#primaryimage"},"thumbnailUrl":"https:\/\/www.erasmusmagazine.nl\/en\/wp-content\/uploads\/sites\/8\/2017\/05\/09220537\/Lyydia-028-1280x854.jpg?image-crop-positioner-ts=1766139090","datePublished":"2016-09-26T14:58:22+00:00","dateModified":"2025-12-19T10:22:09+00:00","author":"Giorgia Chiesa","description":"Student Economics Lyydia Alaj\u00e4\u00e4sk\u00f6 (19) has been a feminist for life.","breadcrumb":{"@id":"https:\/\/www.erasmusmagazine.nl\/en\/2016\/09\/26\/this-is-me-lyydia-alajaasko-19\/#breadcrumb"},"inLanguage":"en-GB","potentialAction":[{"@type":"ReadAction","target":["https:\/\/www.erasmusmagazine.nl\/en\/2016\/09\/26\/this-is-me-lyydia-alajaasko-19\/"]}]},{"@type":"ImageObject","inLanguage":"en-GB","@id":"https:\/\/www.erasmusmagazine.nl\/en\/2016\/09\/26\/this-is-me-lyydia-alajaasko-19\/#primaryimage","url":"https:\/\/www.erasmusmagazine.nl\/en\/wp-content\/uploads\/sites\/8\/2017\/05\/09220537\/Lyydia-028.jpg?image-crop-positioner-ts=1766139090","contentUrl":"https:\/\/www.erasmusmagazine.nl\/en\/wp-content\/uploads\/sites\/8\/2017\/05\/09220537\/Lyydia-028.jpg?image-crop-positioner-ts=1766139090","width":2000,"height":1334},{"@type":"BreadcrumbList","@id":"https:\/\/www.erasmusmagazine.nl\/en\/2016\/09\/26\/this-is-me-lyydia-alajaasko-19\/#breadcrumb","itemListElement":[{"@type":"ListItem","position":1,"name":"Home","item":"https:\/\/www.erasmusmagazine.nl\/en\/"},{"@type":"ListItem","position":2,"name":"This is me: Lyydia Alaj\u00e4\u00e4sk\u00f6 (19)"}]},{"@type":"WebSite","@id":"https:\/\/www.erasmusmagazine.nl\/en\/#website","url":"https:\/\/www.erasmusmagazine.nl\/en\/","name":"Erasmus Magazine","description":"Independent news platform of Erasmus University Rotterdam","potentialAction":[{"@type":"SearchAction","target":{"@type":"EntryPoint","urlTemplate":"https:\/\/www.erasmusmagazine.nl\/en\/?s={search_term_string}"},"query-input":{"@type":"PropertyValueSpecification","valueRequired":true,"valueName":"search_term_string"}}],"inLanguage":"en-GB"},{"@type":"Person","name":"Giorgia Chiesa","id":"https:\/\/www.erasmusmagazine.nl\/en\/persons\/giorgia-chiesa\/","url":"https:\/\/www.erasmusmagazine.nl\/en\/persons\/giorgia-chiesa\/"}]}},"_links":{"self":[{"href":"https:\/\/www.erasmusmagazine.nl\/en\/wp-json\/wp\/v2\/posts\/2430","targetHints":{"allow":["GET"]}}],"collection":[{"href":"https:\/\/www.erasmusmagazine.nl\/en\/wp-json\/wp\/v2\/posts"}],"about":[{"href":"https:\/\/www.erasmusmagazine.nl\/en\/wp-json\/wp\/v2\/types\/post"}],"replies":[{"embeddable":true,"href":"https:\/\/www.erasmusmagazine.nl\/en\/wp-json\/wp\/v2\/comments?post=2430"}],"version-history":[{"count":1,"href":"https:\/\/www.erasmusmagazine.nl\/en\/wp-json\/wp\/v2\/posts\/2430\/revisions"}],"predecessor-version":[{"id":184716,"href":"https:\/\/www.erasmusmagazine.nl\/en\/wp-json\/wp\/v2\/posts\/2430\/revisions\/184716"}],"wp:attachment":[{"href":"https:\/\/www.erasmusmagazine.nl\/en\/wp-json\/wp\/v2\/media?parent=2430"}],"wp:term":[{"taxonomy":"category","embeddable":true,"href":"https:\/\/www.erasmusmagazine.nl\/en\/wp-json\/wp\/v2\/categories?post=2430"},{"taxonomy":"em_content_type","embeddable":true,"href":"https:\/\/www.erasmusmagazine.nl\/en\/wp-json\/wp\/v2\/em_content_type?post=2430"}],"curies":[{"name":"wp","href":"https:\/\/api.w.org\/{rel}","templated":true}]}}