{"id":177679,"date":"2025-04-09T15:27:13","date_gmt":"2025-04-09T13:27:13","guid":{"rendered":"https:\/\/www.erasmusmagazine.nl\/en\/?p=177679"},"modified":"2025-12-19T11:27:45","modified_gmt":"2025-12-19T10:27:45","slug":"the-situationship-of-dutchies-and-internationals","status":"publish","type":"post","link":"https:\/\/www.erasmusmagazine.nl\/en\/2025\/04\/09\/the-situationship-of-dutchies-and-internationals\/","title":{"rendered":"The situationship of Dutchies and internationals"},"content":{"rendered":"<p>With the current withdrawal of funds for higher education, many of us feel frustrated, confused, and underappreciated. But for international academics in the Netherlands, this moment might feel especially tough.<\/p>\n<figure class=\"wp-block-image size-large is-resized\"><img loading=\"lazy\" decoding=\"async\" width=\"1600\" height=\"933\" src=\"https:\/\/www.erasmusmagazine.nl\/en\/wp-content\/uploads\/sites\/8\/2024\/11\/18171613\/Irena-Boskovic-column_2_Willemse-Wiersema-1600x933.jpg?image-crop-positioner-ts=1766139402\" alt=\"\" class=\"wp-image-173488\" srcset=\"https:\/\/www.erasmusmagazine.nl\/en\/wp-content\/uploads\/sites\/8\/2024\/11\/18171613\/Irena-Boskovic-column_2_Willemse-Wiersema-1600x933.jpg?image-crop-positioner-ts=1766139402 1600w, https:\/\/www.erasmusmagazine.nl\/en\/wp-content\/uploads\/sites\/8\/2024\/11\/18171613\/Irena-Boskovic-column_2_Willemse-Wiersema-875x510.jpg?image-crop-positioner-ts=1766139402 875w, https:\/\/www.erasmusmagazine.nl\/en\/wp-content\/uploads\/sites\/8\/2024\/11\/18171613\/Irena-Boskovic-column_2_Willemse-Wiersema-300x175.jpg?image-crop-positioner-ts=1766139402 300w, https:\/\/www.erasmusmagazine.nl\/en\/wp-content\/uploads\/sites\/8\/2024\/11\/18171613\/Irena-Boskovic-column_2_Willemse-Wiersema-1280x746.jpg?image-crop-positioner-ts=1766139402 1280w, https:\/\/www.erasmusmagazine.nl\/en\/wp-content\/uploads\/sites\/8\/2024\/11\/18171613\/Irena-Boskovic-column_2_Willemse-Wiersema-1536x895.jpg?image-crop-positioner-ts=1766139402 1536w, https:\/\/www.erasmusmagazine.nl\/en\/wp-content\/uploads\/sites\/8\/2024\/11\/18171613\/Irena-Boskovic-column_2_Willemse-Wiersema-2048x1194.jpg?image-crop-positioner-ts=1766139402 2048w, https:\/\/www.erasmusmagazine.nl\/en\/wp-content\/uploads\/sites\/8\/2024\/11\/18171613\/Irena-Boskovic-column_2_Willemse-Wiersema-150x87.jpg?image-crop-positioner-ts=1766139402 150w, https:\/\/www.erasmusmagazine.nl\/en\/wp-content\/uploads\/sites\/8\/2024\/11\/18171613\/Irena-Boskovic-column_2_Willemse-Wiersema-225x131.jpg?image-crop-positioner-ts=1766139402 225w\" sizes=\"auto, (max-width: 1600px) 100vw, 1600px\" \/><figcaption class=\"wp-element-caption\"><p data-component=\"image-credits\" class=\"flex flex-wrap gap-2 items-center text-base\">\n\t<span aria-hidden=\"true\"><svg width=\"24\" height=\"24\" viewBox=\"0 0 24 24\" fill=\"none\" xmlns=\"http:\/\/www.w3.org\/2000\/svg\">\n<path d=\"M19.5 5.25H16.9012L15.6234 3.33375C15.555 3.23114 15.4623 3.147 15.3535 3.08879C15.2448 3.03057 15.1233 3.00007 15 3H9C8.87665 3.00007 8.75522 3.03057 8.64648 3.08879C8.53773 3.147 8.44502 3.23114 8.37656 3.33375L7.09781 5.25H4.5C3.90326 5.25 3.33097 5.48705 2.90901 5.90901C2.48705 6.33097 2.25 6.90326 2.25 7.5V18C2.25 18.5967 2.48705 19.169 2.90901 19.591C3.33097 20.0129 3.90326 20.25 4.5 20.25H19.5C20.0967 20.25 20.669 20.0129 21.091 19.591C21.5129 19.169 21.75 18.5967 21.75 18V7.5C21.75 6.90326 21.5129 6.33097 21.091 5.90901C20.669 5.48705 20.0967 5.25 19.5 5.25ZM15.375 12.375C15.375 13.0425 15.1771 13.695 14.8062 14.25C14.4354 14.8051 13.9083 15.2376 13.2916 15.4931C12.6749 15.7485 11.9963 15.8154 11.3416 15.6852C10.6869 15.5549 10.0855 15.2335 9.61351 14.7615C9.14151 14.2895 8.82007 13.6881 8.68985 13.0334C8.55962 12.3787 8.62646 11.7001 8.88191 11.0834C9.13735 10.4667 9.56993 9.93964 10.125 9.56879C10.68 9.19794 11.3325 9 12 9C12.8951 9 13.7535 9.35558 14.3865 9.98851C15.0194 10.6214 15.375 11.4799 15.375 12.375Z\" fill=\"currentColor\"\/>\n<\/svg>\n<\/span>\n\t<span class=\"sr-only\">Image by:<\/span>\n\n\t\t\t<span>\n\t\t\t\t\t\t\t<a href=\"https:\/\/www.erasmusmagazine.nl\/en\/persons\/levien-willemse\/\" class=\"underline hocus:no-underline decoration-1 underline-offset-2\">Levien Willemse<\/a>, \t\t\t\t\t<\/span>\n\t\t\t<span>\n\t\t\t\t\t\t\t<a href=\"https:\/\/www.erasmusmagazine.nl\/en\/persons\/pauline-wiersema\/\" class=\"underline hocus:no-underline decoration-1 underline-offset-2\">Pauline Wiersema<\/a>\t\t\t\t\t<\/span>\n\t<\/p>\n<\/figcaption><\/figure><p>We often talk about the challenges international students face and rightly so. But we rarely speak about international staff who also chose to build their careers here. Maybe that\u2019s because, until now, the benefits outweighed the drawbacks, and it felt a bit bratty to complain. But after a couple of conversations in which it was subtly implied that we, as internationals, might be taking funds that <em>rightfully<\/em> belong to the Dutch, I decided to be that brat.<\/p>\n<p>First, to be clear: I know there aren\u2019t many countries that would let someone work for a decade without fluently speaking the national language. I also know that my income supports a decent lifestyle, and the university backs me in ways I might not find elsewhere. Having these conditions still feels surreal to many of us, whereas for Dutch academics, this may seem standard. Indeed, Dutchies have always held themselves (and their institutions) to a higher standard, which is admirable.<\/p>\n<p>But lately, something has shifted. Just like the public rhetoric around international students where discussions on housing and overcrowding have fuelled xenophobia, there\u2019s now a similar undercurrent tied to the funding cuts. Inevitably, fewer resources mean fewer opportunities. And when spots become limited, do internationals become the easy target, an expense that\u2019s easy to cut?<\/p>\n<p>We\u2019ve seen this play out before in places like the UK. The narrative of outsiders taking jobs, draining systems, not belonging. A big part of me wants to believe that kind of sentiment won\u2019t take root here. But I\u2019m also afraid that it already has. And given the current political climate, that fear doesn\u2019t feel unfounded.<\/p>\n<p>It\u2019s simply unfair to invite internationals to the table in good times, only to question or sideline them when things get hard. We were invited to contribute and yet now we are made to feel like a burden. And let\u2019s be clear: we <em>have<\/em> brought something to that table. We\u2019ve built courses, supervised students, written grants, published under Dutch institutions, and helped grow their international reputation. That\u2019s probably the only thing comforting us as we eat Dutch food, bike through Dutch rain, pay our Tikkies on time, and hope that paracetamol cures everything.<\/p>\n<p>So when certain politicians try to paint us as opportunists, it\u2019s not just wrong, it\u2019s hurtful. It also ignores the human side of things: we gave something up to be here. Pieces of ourselves, the lives and people we left behind, the places that used to feel like home.<\/p>\n<p>I think a lot of internationals are simply tired of this <em>situationship<\/em> we have with the countries we\u2019ve given so much to. So whether it\u2019s during a time of cuts or abundance, the Netherlands has to decide: are we in this together or only when it\u2019s easy? Because if it is the latter, then indeed we can talk about opportunism, but it\u2019s not coming from our side.<\/p>\n\t<div data-name=\"acf\/featured-text\" class=\"md:mt-6 p-4 md:p-6 lg:p-8 bg-sand-300 theme-sand:bg-white theme-violet:bg-white theme-mocha:bg-white wysiwyg *:last:mb-0!\" >\n\t\t<p>Irena Bo\u0161kovi\u0107 is assistant professor in Forensic and legal psychology.<\/p>\n\n\t<\/div>\n\n\t<div data-name=\"acf\/posts-list\" >\n\t\t\n\t\t<div class=\"space-y-6 md:space-y-8\">\n\n\t\t\t\t\t\t\t<h2 class=\"text-lg md:text-xl\">Read more<\/h2>\n\t\t\t\n\t\t\t<ul class=\"grid items-strecth grid-cols-1 gap-2 md:gap-4 lg:gap-8\">\n\t\t\t\t\t\t\t\t\t\t\t\t\t\t\n\t\t\t\t\t<li class=\"@container\">\n\t\t\t\t\t\t\n<div data-component=\"teaser-post-small\" class=\"block-theme-violet  relative flex h-full bg-sand-300\n\tblock-theme-violet:bg-white block-theme-violet:text-purple block-theme-mocha:bg-sand-500 block-theme-mocha:text-brown\n\tblock-theme-sand:bg-sand-300 block-theme-sand:text-neutral-900\n\tblock-theme-violet:outline-purple-100 block-theme-violet:outline-1 block-theme-violet:outline-t-0\n\ttheme-mocha:bg-white! theme-violet:bg-white! theme-sand:bg-white!\n\tflex-row gap-4 @md:gap-8 p-4 @md:p-6\">\n\t\t\t<div class=\"image:w-full image:aspect-square image:object-cover shrink-0 size-17.5 @sm:size-21.25 @md:size-30 @lg:size-40\">\n\t\t\t<img loading=\"lazy\" decoding=\"async\" width=\"460\" height=\"268\" src=\"https:\/\/www.erasmusmagazine.nl\/en\/wp-content\/uploads\/sites\/8\/2024\/11\/18171618\/Irena-Boskovic-column_1_Willemse-Wiersema.jpg?image-crop-positioner-ts=1766139402\" class=\"attachment-square_lg size-square_lg\" alt=\"\" srcset=\"https:\/\/www.erasmusmagazine.nl\/en\/wp-content\/uploads\/sites\/8\/2024\/11\/18171618\/Irena-Boskovic-column_1_Willemse-Wiersema.jpg?image-crop-positioner-ts=1766139402 2560w, https:\/\/www.erasmusmagazine.nl\/en\/wp-content\/uploads\/sites\/8\/2024\/11\/18171618\/Irena-Boskovic-column_1_Willemse-Wiersema-875x510.jpg?image-crop-positioner-ts=1766139402 875w, https:\/\/www.erasmusmagazine.nl\/en\/wp-content\/uploads\/sites\/8\/2024\/11\/18171618\/Irena-Boskovic-column_1_Willemse-Wiersema-1600x933.jpg?image-crop-positioner-ts=1766139402 1600w, https:\/\/www.erasmusmagazine.nl\/en\/wp-content\/uploads\/sites\/8\/2024\/11\/18171618\/Irena-Boskovic-column_1_Willemse-Wiersema-300x175.jpg?image-crop-positioner-ts=1766139402 300w, https:\/\/www.erasmusmagazine.nl\/en\/wp-content\/uploads\/sites\/8\/2024\/11\/18171618\/Irena-Boskovic-column_1_Willemse-Wiersema-1280x746.jpg?image-crop-positioner-ts=1766139402 1280w, https:\/\/www.erasmusmagazine.nl\/en\/wp-content\/uploads\/sites\/8\/2024\/11\/18171618\/Irena-Boskovic-column_1_Willemse-Wiersema-1536x895.jpg?image-crop-positioner-ts=1766139402 1536w, https:\/\/www.erasmusmagazine.nl\/en\/wp-content\/uploads\/sites\/8\/2024\/11\/18171618\/Irena-Boskovic-column_1_Willemse-Wiersema-2048x1194.jpg?image-crop-positioner-ts=1766139402 2048w, https:\/\/www.erasmusmagazine.nl\/en\/wp-content\/uploads\/sites\/8\/2024\/11\/18171618\/Irena-Boskovic-column_1_Willemse-Wiersema-150x87.jpg?image-crop-positioner-ts=1766139402 150w, https:\/\/www.erasmusmagazine.nl\/en\/wp-content\/uploads\/sites\/8\/2024\/11\/18171618\/Irena-Boskovic-column_1_Willemse-Wiersema-225x131.jpg?image-crop-positioner-ts=1766139402 225w\" sizes=\"auto, (max-width: 460px) 100vw, 460px\" \/>\n\t\t<\/div>\n\t\n\t<div class=\"flex flex-col gap-2 md:gap-4 \">\n\t\t\t\t<h3 class=\"text-md @lg:text-lg\">\n\t\t\t<a href=\"https:\/\/www.erasmusmagazine.nl\/en\/2025\/03\/13\/if-wisdom-is-to-doubt-are-academics-maybe-too-wise\/\" class=\"absolute-link text-current hocus:underline inline-block\">\n\t\t\t\tIf wisdom is to doubt, are academics maybe too wise?\n\t\t\t<\/a>\n\t\t<\/h3>\n\n\t\t<div class=\"flex flex-wrap gap-4 items-center\">\n\t\t\t<span class=\"sr-only\">Gepubliceerd op:<\/span>\n\t\t\t<time class=\"text-sm font-soehne text-neutral-900\" datetime=\"2025-03-13\">13 March 2025<\/time>\n\n\t\t\t\t\t\t\t\t\t\t\t\n\t<ul data-component=\"list-badges\" class=\"flex items-center gap-2 flex-wrap\" aria-label=\"Geplaatst in categorie\">\n\t\t\t\t\t<li>\n\t\t\t\t\t<div data-component=\"badge\" class=\"block-theme-violet:bg-purple font-soehne font-bold text-sm bg-brown-600 block-theme-violet:bg-purple text-white py-[2px] px-2\">\n\t\t\t\t\tColumn\n\t\t\t<\/div>\n\t\t\t<\/li>\n\t\t\t<\/ul>\n\t\t\t\t\t<\/div>\n\n\t\t\t<\/div>\n<\/div>\n\t\t\t\t\t<\/li>\n\t\t\t\t\t\t\t<\/ul>\n\n\t\t\t\t\t<\/div>\n\t<\/div>\n\n\t<div data-name=\"acf\/persons\" class=\"mt-6 md:mt-8 lg:mt-10\" >\n\t\t\t\t\t<h2 class=\"sr-only\">De redactie<\/h2>\n\t\t\n\t\t<div class=\"space-y-6\">\n\n\t\t\t\n\t\t\t<ul class=\"grid grid-cols-1 md:grid-cols-2 gap-4 md:gap-8 md:items-center\">\n\t\t\t\t\t\t\t\t\t\t\t\t\t\t<li>\n\t\t\t\t\t\t<div data-component=\"teaser-person\" class=\"relative flex gap-4 items-center md:gap-8\">\n\n\t\t\t<span class=\"image:rounded-full image:size-20 image:aspect-square image:object-cover md:image:size-36 shrink-0\">\n\t\t\t<img loading=\"lazy\" decoding=\"async\" width=\"457\" height=\"457\" src=\"https:\/\/www.erasmusmagazine.nl\/en\/wp-content\/uploads\/sites\/8\/2024\/11\/05162324\/Irena_Boskovic_Levien-Willemse.jpg?image-crop-positioner-ts=1766139399\" class=\"attachment-large size-large\" alt=\"\" srcset=\"https:\/\/www.erasmusmagazine.nl\/en\/wp-content\/uploads\/sites\/8\/2024\/11\/05162324\/Irena_Boskovic_Levien-Willemse.jpg?image-crop-positioner-ts=1766139399 457w, https:\/\/www.erasmusmagazine.nl\/en\/wp-content\/uploads\/sites\/8\/2024\/11\/05162324\/Irena_Boskovic_Levien-Willemse-300x300.jpg?image-crop-positioner-ts=1766139399 300w, https:\/\/www.erasmusmagazine.nl\/en\/wp-content\/uploads\/sites\/8\/2024\/11\/05162324\/Irena_Boskovic_Levien-Willemse-150x150.jpg?image-crop-positioner-ts=1766139399 150w, https:\/\/www.erasmusmagazine.nl\/en\/wp-content\/uploads\/sites\/8\/2024\/11\/05162324\/Irena_Boskovic_Levien-Willemse-100x100.jpg?image-crop-positioner-ts=1766139399 100w, https:\/\/www.erasmusmagazine.nl\/en\/wp-content\/uploads\/sites\/8\/2024\/11\/05162324\/Irena_Boskovic_Levien-Willemse-225x225.jpg?image-crop-positioner-ts=1766139399 225w\" sizes=\"auto, (max-width: 457px) 100vw, 457px\" \/>\n\t\t<\/span>\n\t\n\t<div>\n\t\t<a href=\"https:\/\/www.erasmusmagazine.nl\/en\/persons\/irena-boskovic\/\" class=\"absolute-link font-tiempos-headline underline hocus:no-underline decoration-1 underline-offset-2 text-lg text-current\">Irena Bo\u0161kovi\u0107<\/a>\n\n\t\t\t<\/div>\n<\/div>\n\t\t\t\t\t<\/li>\n\t\t\t\t\t\t\t<\/ul>\n\t\t<\/div>\n\t<\/div>\n\n\t<div data-name=\"acf\/posts\" class=\"alignfull py-6 md:py-8 lg:py-10 bg-white\" >\n\t\t<div class=\"container-fixed\">\n\n\t\t\t\n\t\t\t<div class=\"space-y-6 md:space-y-8\">\n\n\t\t\t\t\t\t\t\t\t<h2 class=\"text-xl md:text-2xl\">Latest news<\/h2>\n\t\t\t\t\n\t\t\t\t\t\n\t<ul data-component=\"post-grid\" class=\"grid items-stretch grid-cols-1 gap-2 md:gap-4 lg:gap-8 text-zoom-lg:grid-cols-1\n\t\t\n\t\tlg:grid-cols-3\n\t\t\">\n\n\t\t\n\t\t\t\t\t\t\n\t\t\t\n\t\t\t<li class=\"@container\">\n\t\t\t\t\n<div data-component=\"teaser-post\" class=\"block-theme-sand hidden lg:flex h-full relative flex bg-sand-300\n\tblock-theme-violet:bg-white block-theme-violet:text-purple block-theme-mocha:bg-sand-500 block-theme-mocha:text-brown\n\tblock-theme-sand:bg-sand-300 block-theme-sand:text-neutral-900\n\tblock-theme-violet:outline-purple-100 block-theme-violet:outline-1 block-theme-violet:outline-t-0\n\tflex-col @xl:flex-row\">\n\t\t\t<div class=\"relative image:w-full image:aspect-video image:object-cover shrink-0 w-full @xl:w-1\/2\">\n\t\t\t<img loading=\"lazy\" decoding=\"async\" width=\"1280\" height=\"720\" src=\"https:\/\/www.erasmusmagazine.nl\/en\/wp-content\/uploads\/sites\/8\/rianne-letschert_persfoto_2026__martijn-beekman-1280x720.jpg?image-crop-positioner-ts=1776934694\" class=\"attachment-video_xl size-video_xl\" alt=\"\" srcset=\"https:\/\/www.erasmusmagazine.nl\/en\/wp-content\/uploads\/sites\/8\/rianne-letschert_persfoto_2026__martijn-beekman-1280x720.jpg?image-crop-positioner-ts=1776934694 1280w, https:\/\/www.erasmusmagazine.nl\/en\/wp-content\/uploads\/sites\/8\/rianne-letschert_persfoto_2026__martijn-beekman-500x282.jpg?image-crop-positioner-ts=1776934694 500w, https:\/\/www.erasmusmagazine.nl\/en\/wp-content\/uploads\/sites\/8\/rianne-letschert_persfoto_2026__martijn-beekman-832x468.jpg?image-crop-positioner-ts=1776934694 832w\" sizes=\"auto, (max-width: 1280px) 100vw, 1280px\" \/>\n\n\t\t\t\t\t<\/div>\n\t\n\t<div class=\"flex flex-col gap-2 md:gap-4 p-4 @md:p-8 @xl:p-8 \">\n\n\t\t\t\t<h3 class=\"text-md @sm:text-xl @md:text-2xl @xl:text-2xl\">\n\t\t\t<a href=\"https:\/\/www.erasmusmagazine.nl\/en\/2026\/04\/24\/letschert-honderden-miljoenen-erbij-voor-hoger-onderwijs\/\" class=\"absolute-link text-current underline-offset-2 decoration-2 hocus:underline @md:decoration-3 @xl:decoration-4 inline-block\">\n\t\t\t\tLetschert: hundreds of millions more for higher education\n\t\t\t<\/a>\n\t\t<\/h3>\n\n\t\t<div class=\"flex flex-wrap gap-4 items-center\">\n\t\t\t<span class=\"sr-only\">Gepubliceerd op:<\/span>\n\t\t\t<time class=\"text-sm font-soehne text-neutral-900\" datetime=\"2026-04-24\">24 April 2026<\/time>\n\n\t\t\t\t\t\t\t\t\t\t\t\n\t<ul data-component=\"list-badges\" class=\"flex items-center gap-2 flex-wrap\" aria-label=\"Geplaatst in categorie\">\n\t\t\t\t\t<li>\n\t\t\t\t\t<div data-component=\"badge\" class=\"block-theme-violet:bg-purple font-soehne font-bold text-sm bg-brown-600 block-theme-violet:bg-purple text-white py-[2px] px-2\">\n\t\t\t\t\tNieuws\n\t\t\t<\/div>\n\t\t\t<\/li>\n\t\t\t<\/ul>\n\t\t\t\t\t<\/div>\n\n\t\t\t<\/div>\n<\/div>\n\t\t\t\t\t\t\t\t\t\n<div data-component=\"teaser-post-small\" class=\"block-theme-sand lg:hidden relative flex h-full bg-sand-300\n\tblock-theme-violet:bg-white block-theme-violet:text-purple block-theme-mocha:bg-sand-500 block-theme-mocha:text-brown\n\tblock-theme-sand:bg-sand-300 block-theme-sand:text-neutral-900\n\tblock-theme-violet:outline-purple-100 block-theme-violet:outline-1 block-theme-violet:outline-t-0\n\ttheme-mocha:bg-white! theme-violet:bg-white! theme-sand:bg-white!\n\tflex-row gap-4 @md:gap-8 p-4 @md:p-6\">\n\t\t\t<div class=\"image:w-full image:aspect-square image:object-cover shrink-0 size-17.5 @sm:size-21.25 @md:size-30 @lg:size-40\">\n\t\t\t<img loading=\"lazy\" decoding=\"async\" width=\"460\" height=\"460\" src=\"https:\/\/www.erasmusmagazine.nl\/en\/wp-content\/uploads\/sites\/8\/rianne-letschert_persfoto_2026__martijn-beekman-460x460.jpg?image-crop-positioner-ts=1776934694\" class=\"attachment-square_lg size-square_lg\" alt=\"\" srcset=\"https:\/\/www.erasmusmagazine.nl\/en\/wp-content\/uploads\/sites\/8\/rianne-letschert_persfoto_2026__martijn-beekman-460x460.jpg?image-crop-positioner-ts=1776934694 460w, https:\/\/www.erasmusmagazine.nl\/en\/wp-content\/uploads\/sites\/8\/rianne-letschert_persfoto_2026__martijn-beekman-115x115.jpg?image-crop-positioner-ts=1776934694 115w, https:\/\/www.erasmusmagazine.nl\/en\/wp-content\/uploads\/sites\/8\/rianne-letschert_persfoto_2026__martijn-beekman-230x230.jpg?image-crop-positioner-ts=1776934694 230w\" sizes=\"auto, (max-width: 460px) 100vw, 460px\" \/>\n\t\t<\/div>\n\t\n\t<div class=\"flex flex-col gap-2 md:gap-4 \">\n\t\t\t\t<h3 class=\"text-md @lg:text-lg\">\n\t\t\t<a href=\"https:\/\/www.erasmusmagazine.nl\/en\/2026\/04\/24\/letschert-honderden-miljoenen-erbij-voor-hoger-onderwijs\/\" class=\"absolute-link text-current hocus:underline inline-block\">\n\t\t\t\tLetschert: hundreds of millions more for higher education\n\t\t\t<\/a>\n\t\t<\/h3>\n\n\t\t<div class=\"flex flex-wrap gap-4 items-center\">\n\t\t\t<span class=\"sr-only\">Gepubliceerd op:<\/span>\n\t\t\t<time class=\"text-sm font-soehne text-neutral-900\" datetime=\"2026-04-24\">24 April 2026<\/time>\n\n\t\t\t\t\t\t\t\t\t\t\t\n\t<ul data-component=\"list-badges\" class=\"flex items-center gap-2 flex-wrap\" aria-label=\"Geplaatst in categorie\">\n\t\t\t\t\t<li>\n\t\t\t\t\t<div data-component=\"badge\" class=\"block-theme-violet:bg-purple font-soehne font-bold text-sm bg-brown-600 block-theme-violet:bg-purple text-white py-[2px] px-2\">\n\t\t\t\t\tNieuws\n\t\t\t<\/div>\n\t\t\t<\/li>\n\t\t\t<\/ul>\n\t\t\t\t\t<\/div>\n\n\t\t\t<\/div>\n<\/div>\n\t\t\t\t\t\t\t<\/li>\n\t\t\n\t\t\t\t\t\t\n\t\t\t\n\t\t\t<li class=\"@container\">\n\t\t\t\t\n<div data-component=\"teaser-post\" class=\"block-theme-sand hidden lg:flex h-full relative flex bg-sand-300\n\tblock-theme-violet:bg-white block-theme-violet:text-purple block-theme-mocha:bg-sand-500 block-theme-mocha:text-brown\n\tblock-theme-sand:bg-sand-300 block-theme-sand:text-neutral-900\n\tblock-theme-violet:outline-purple-100 block-theme-violet:outline-1 block-theme-violet:outline-t-0\n\tflex-col @xl:flex-row\">\n\t\t\t<div class=\"relative image:w-full image:aspect-video image:object-cover shrink-0 w-full @xl:w-1\/2\">\n\t\t\t<img loading=\"lazy\" decoding=\"async\" width=\"1079\" height=\"720\" src=\"https:\/\/www.erasmusmagazine.nl\/en\/wp-content\/uploads\/sites\/8\/2024\/11\/07103456\/collegezaal-master-open-dag-2023-foto-EUR.jpg?image-crop-positioner-ts=1766139400\" class=\"attachment-video_xl size-video_xl\" alt=\"\" srcset=\"https:\/\/www.erasmusmagazine.nl\/en\/wp-content\/uploads\/sites\/8\/2024\/11\/07103456\/collegezaal-master-open-dag-2023-foto-EUR.jpg?image-crop-positioner-ts=1766139400 1619w, https:\/\/www.erasmusmagazine.nl\/en\/wp-content\/uploads\/sites\/8\/2024\/11\/07103456\/collegezaal-master-open-dag-2023-foto-EUR-875x584.jpg?image-crop-positioner-ts=1766139400 875w, https:\/\/www.erasmusmagazine.nl\/en\/wp-content\/uploads\/sites\/8\/2024\/11\/07103456\/collegezaal-master-open-dag-2023-foto-EUR-1600x1067.jpg?image-crop-positioner-ts=1766139400 1600w, https:\/\/www.erasmusmagazine.nl\/en\/wp-content\/uploads\/sites\/8\/2024\/11\/07103456\/collegezaal-master-open-dag-2023-foto-EUR-300x200.jpg?image-crop-positioner-ts=1766139400 300w, https:\/\/www.erasmusmagazine.nl\/en\/wp-content\/uploads\/sites\/8\/2024\/11\/07103456\/collegezaal-master-open-dag-2023-foto-EUR-1280x854.jpg?image-crop-positioner-ts=1766139400 1280w, https:\/\/www.erasmusmagazine.nl\/en\/wp-content\/uploads\/sites\/8\/2024\/11\/07103456\/collegezaal-master-open-dag-2023-foto-EUR-1536x1025.jpg?image-crop-positioner-ts=1766139400 1536w, https:\/\/www.erasmusmagazine.nl\/en\/wp-content\/uploads\/sites\/8\/2024\/11\/07103456\/collegezaal-master-open-dag-2023-foto-EUR-150x100.jpg?image-crop-positioner-ts=1766139400 150w, https:\/\/www.erasmusmagazine.nl\/en\/wp-content\/uploads\/sites\/8\/2024\/11\/07103456\/collegezaal-master-open-dag-2023-foto-EUR-225x150.jpg?image-crop-positioner-ts=1766139400 225w\" sizes=\"auto, (max-width: 1079px) 100vw, 1079px\" \/>\n\n\t\t\t\t\t<\/div>\n\t\n\t<div class=\"flex flex-col gap-2 md:gap-4 p-4 @md:p-8 @xl:p-8 \">\n\n\t\t\t\t<h3 class=\"text-md @sm:text-xl @md:text-2xl @xl:text-2xl\">\n\t\t\t<a href=\"https:\/\/www.erasmusmagazine.nl\/en\/2026\/04\/24\/erasmus-universiteit-krijgt-voorlopig-positief-advies-op-instellingstoets\/\" class=\"absolute-link text-current underline-offset-2 decoration-2 hocus:underline @md:decoration-3 @xl:decoration-4 inline-block\">\n\t\t\t\tErasmus University receives preliminary positive recommendation on institutional review\n\t\t\t<\/a>\n\t\t<\/h3>\n\n\t\t<div class=\"flex flex-wrap gap-4 items-center\">\n\t\t\t<span class=\"sr-only\">Gepubliceerd op:<\/span>\n\t\t\t<time class=\"text-sm font-soehne text-neutral-900\" datetime=\"2026-04-24\">24 April 2026<\/time>\n\n\t\t\t\t\t\t\t\t\t\t\t\n\t<ul data-component=\"list-badges\" class=\"flex items-center gap-2 flex-wrap\" aria-label=\"Geplaatst in categorie\">\n\t\t\t\t\t<li>\n\t\t\t\t\t<div data-component=\"badge\" class=\"block-theme-violet:bg-purple font-soehne font-bold text-sm bg-brown-600 block-theme-violet:bg-purple text-white py-[2px] px-2\">\n\t\t\t\t\tEducation\n\t\t\t<\/div>\n\t\t\t<\/li>\n\t\t\t<\/ul>\n\t\t\t\t\t<\/div>\n\n\t\t\t<\/div>\n<\/div>\n\t\t\t\t\t\t\t\t\t\n<div data-component=\"teaser-post-small\" class=\"block-theme-sand lg:hidden relative flex h-full bg-sand-300\n\tblock-theme-violet:bg-white block-theme-violet:text-purple block-theme-mocha:bg-sand-500 block-theme-mocha:text-brown\n\tblock-theme-sand:bg-sand-300 block-theme-sand:text-neutral-900\n\tblock-theme-violet:outline-purple-100 block-theme-violet:outline-1 block-theme-violet:outline-t-0\n\ttheme-mocha:bg-white! theme-violet:bg-white! theme-sand:bg-white!\n\tflex-row gap-4 @md:gap-8 p-4 @md:p-6\">\n\t\t\t<div class=\"image:w-full image:aspect-square image:object-cover shrink-0 size-17.5 @sm:size-21.25 @md:size-30 @lg:size-40\">\n\t\t\t<img loading=\"lazy\" decoding=\"async\" width=\"460\" height=\"307\" src=\"https:\/\/www.erasmusmagazine.nl\/en\/wp-content\/uploads\/sites\/8\/2024\/11\/07103456\/collegezaal-master-open-dag-2023-foto-EUR.jpg?image-crop-positioner-ts=1766139400\" class=\"attachment-square_lg size-square_lg\" alt=\"\" srcset=\"https:\/\/www.erasmusmagazine.nl\/en\/wp-content\/uploads\/sites\/8\/2024\/11\/07103456\/collegezaal-master-open-dag-2023-foto-EUR.jpg?image-crop-positioner-ts=1766139400 1619w, https:\/\/www.erasmusmagazine.nl\/en\/wp-content\/uploads\/sites\/8\/2024\/11\/07103456\/collegezaal-master-open-dag-2023-foto-EUR-875x584.jpg?image-crop-positioner-ts=1766139400 875w, https:\/\/www.erasmusmagazine.nl\/en\/wp-content\/uploads\/sites\/8\/2024\/11\/07103456\/collegezaal-master-open-dag-2023-foto-EUR-1600x1067.jpg?image-crop-positioner-ts=1766139400 1600w, https:\/\/www.erasmusmagazine.nl\/en\/wp-content\/uploads\/sites\/8\/2024\/11\/07103456\/collegezaal-master-open-dag-2023-foto-EUR-300x200.jpg?image-crop-positioner-ts=1766139400 300w, https:\/\/www.erasmusmagazine.nl\/en\/wp-content\/uploads\/sites\/8\/2024\/11\/07103456\/collegezaal-master-open-dag-2023-foto-EUR-1280x854.jpg?image-crop-positioner-ts=1766139400 1280w, https:\/\/www.erasmusmagazine.nl\/en\/wp-content\/uploads\/sites\/8\/2024\/11\/07103456\/collegezaal-master-open-dag-2023-foto-EUR-1536x1025.jpg?image-crop-positioner-ts=1766139400 1536w, https:\/\/www.erasmusmagazine.nl\/en\/wp-content\/uploads\/sites\/8\/2024\/11\/07103456\/collegezaal-master-open-dag-2023-foto-EUR-150x100.jpg?image-crop-positioner-ts=1766139400 150w, https:\/\/www.erasmusmagazine.nl\/en\/wp-content\/uploads\/sites\/8\/2024\/11\/07103456\/collegezaal-master-open-dag-2023-foto-EUR-225x150.jpg?image-crop-positioner-ts=1766139400 225w\" sizes=\"auto, (max-width: 460px) 100vw, 460px\" \/>\n\t\t<\/div>\n\t\n\t<div class=\"flex flex-col gap-2 md:gap-4 \">\n\t\t\t\t<h3 class=\"text-md @lg:text-lg\">\n\t\t\t<a href=\"https:\/\/www.erasmusmagazine.nl\/en\/2026\/04\/24\/erasmus-universiteit-krijgt-voorlopig-positief-advies-op-instellingstoets\/\" class=\"absolute-link text-current hocus:underline inline-block\">\n\t\t\t\tErasmus University receives preliminary positive recommendation on institutional review\n\t\t\t<\/a>\n\t\t<\/h3>\n\n\t\t<div class=\"flex flex-wrap gap-4 items-center\">\n\t\t\t<span class=\"sr-only\">Gepubliceerd op:<\/span>\n\t\t\t<time class=\"text-sm font-soehne text-neutral-900\" datetime=\"2026-04-24\">24 April 2026<\/time>\n\n\t\t\t\t\t\t\t\t\t\t\t\n\t<ul data-component=\"list-badges\" class=\"flex items-center gap-2 flex-wrap\" aria-label=\"Geplaatst in categorie\">\n\t\t\t\t\t<li>\n\t\t\t\t\t<div data-component=\"badge\" class=\"block-theme-violet:bg-purple font-soehne font-bold text-sm bg-brown-600 block-theme-violet:bg-purple text-white py-[2px] px-2\">\n\t\t\t\t\tEducation\n\t\t\t<\/div>\n\t\t\t<\/li>\n\t\t\t<\/ul>\n\t\t\t\t\t<\/div>\n\n\t\t\t<\/div>\n<\/div>\n\t\t\t\t\t\t\t<\/li>\n\t\t\n\t\t\t\t\t\t\n\t\t\t\n\t\t\t<li class=\"@container\">\n\t\t\t\t\n<div data-component=\"teaser-post\" class=\"block-theme-sand hidden lg:flex h-full relative flex bg-sand-300\n\tblock-theme-violet:bg-white block-theme-violet:text-purple block-theme-mocha:bg-sand-500 block-theme-mocha:text-brown\n\tblock-theme-sand:bg-sand-300 block-theme-sand:text-neutral-900\n\tblock-theme-violet:outline-purple-100 block-theme-violet:outline-1 block-theme-violet:outline-t-0\n\tflex-col @xl:flex-row\">\n\t\t\t<div class=\"relative image:w-full image:aspect-video image:object-cover shrink-0 w-full @xl:w-1\/2\">\n\t\t\t<img loading=\"lazy\" decoding=\"async\" width=\"1280\" height=\"720\" src=\"https:\/\/www.erasmusmagazine.nl\/en\/wp-content\/uploads\/sites\/8\/server-1235959_1920-1280x720.jpg?image-crop-positioner-ts=1777012514\" class=\"attachment-video_xl size-video_xl\" alt=\"\" srcset=\"https:\/\/www.erasmusmagazine.nl\/en\/wp-content\/uploads\/sites\/8\/server-1235959_1920-1280x720.jpg?image-crop-positioner-ts=1777012514 1280w, https:\/\/www.erasmusmagazine.nl\/en\/wp-content\/uploads\/sites\/8\/server-1235959_1920-500x282.jpg?image-crop-positioner-ts=1777012514 500w, https:\/\/www.erasmusmagazine.nl\/en\/wp-content\/uploads\/sites\/8\/server-1235959_1920-832x468.jpg?image-crop-positioner-ts=1777012514 832w\" sizes=\"auto, (max-width: 1280px) 100vw, 1280px\" \/>\n\n\t\t\t\t\t<\/div>\n\t\n\t<div class=\"flex flex-col gap-2 md:gap-4 p-4 @md:p-8 @xl:p-8 \">\n\n\t\t\t\t<h3 class=\"text-md @sm:text-xl @md:text-2xl @xl:text-2xl\">\n\t\t\t<a href=\"https:\/\/www.erasmusmagazine.nl\/en\/2026\/04\/24\/aivd-blijft-waarschuwen-voor-diefstal-van-kennis\/\" class=\"absolute-link text-current underline-offset-2 decoration-2 hocus:underline @md:decoration-3 @xl:decoration-4 inline-block\">\n\t\t\t\tAIVD continues to warn about knowledge theft\n\t\t\t<\/a>\n\t\t<\/h3>\n\n\t\t<div class=\"flex flex-wrap gap-4 items-center\">\n\t\t\t<span class=\"sr-only\">Gepubliceerd op:<\/span>\n\t\t\t<time class=\"text-sm font-soehne text-neutral-900\" datetime=\"2026-04-24\">24 April 2026<\/time>\n\n\t\t\t\t\t\t\t\t\t\t\t\n\t<ul data-component=\"list-badges\" class=\"flex items-center gap-2 flex-wrap\" aria-label=\"Geplaatst in categorie\">\n\t\t\t\t\t<li>\n\t\t\t\t\t<div data-component=\"badge\" class=\"block-theme-violet:bg-purple font-soehne font-bold text-sm bg-brown-600 block-theme-violet:bg-purple text-white py-[2px] px-2\">\n\t\t\t\t\tIT\n\t\t\t<\/div>\n\t\t\t<\/li>\n\t\t\t<\/ul>\n\t\t\t\t\t<\/div>\n\n\t\t\t<\/div>\n<\/div>\n\t\t\t\t\t\t\t\t\t\n<div data-component=\"teaser-post-small\" class=\"block-theme-sand lg:hidden relative flex h-full bg-sand-300\n\tblock-theme-violet:bg-white block-theme-violet:text-purple block-theme-mocha:bg-sand-500 block-theme-mocha:text-brown\n\tblock-theme-sand:bg-sand-300 block-theme-sand:text-neutral-900\n\tblock-theme-violet:outline-purple-100 block-theme-violet:outline-1 block-theme-violet:outline-t-0\n\ttheme-mocha:bg-white! theme-violet:bg-white! theme-sand:bg-white!\n\tflex-row gap-4 @md:gap-8 p-4 @md:p-6\">\n\t\t\t<div class=\"image:w-full image:aspect-square image:object-cover shrink-0 size-17.5 @sm:size-21.25 @md:size-30 @lg:size-40\">\n\t\t\t<img loading=\"lazy\" decoding=\"async\" width=\"460\" height=\"460\" src=\"https:\/\/www.erasmusmagazine.nl\/en\/wp-content\/uploads\/sites\/8\/server-1235959_1920-460x460.jpg?image-crop-positioner-ts=1777012514\" class=\"attachment-square_lg size-square_lg\" alt=\"\" srcset=\"https:\/\/www.erasmusmagazine.nl\/en\/wp-content\/uploads\/sites\/8\/server-1235959_1920-460x460.jpg?image-crop-positioner-ts=1777012514 460w, https:\/\/www.erasmusmagazine.nl\/en\/wp-content\/uploads\/sites\/8\/server-1235959_1920-115x115.jpg?image-crop-positioner-ts=1777012514 115w, https:\/\/www.erasmusmagazine.nl\/en\/wp-content\/uploads\/sites\/8\/server-1235959_1920-230x230.jpg?image-crop-positioner-ts=1777012514 230w\" sizes=\"auto, (max-width: 460px) 100vw, 460px\" \/>\n\t\t<\/div>\n\t\n\t<div class=\"flex flex-col gap-2 md:gap-4 \">\n\t\t\t\t<h3 class=\"text-md @lg:text-lg\">\n\t\t\t<a href=\"https:\/\/www.erasmusmagazine.nl\/en\/2026\/04\/24\/aivd-blijft-waarschuwen-voor-diefstal-van-kennis\/\" class=\"absolute-link text-current hocus:underline inline-block\">\n\t\t\t\tAIVD continues to warn about knowledge theft\n\t\t\t<\/a>\n\t\t<\/h3>\n\n\t\t<div class=\"flex flex-wrap gap-4 items-center\">\n\t\t\t<span class=\"sr-only\">Gepubliceerd op:<\/span>\n\t\t\t<time class=\"text-sm font-soehne text-neutral-900\" datetime=\"2026-04-24\">24 April 2026<\/time>\n\n\t\t\t\t\t\t\t\t\t\t\t\n\t<ul data-component=\"list-badges\" class=\"flex items-center gap-2 flex-wrap\" aria-label=\"Geplaatst in categorie\">\n\t\t\t\t\t<li>\n\t\t\t\t\t<div data-component=\"badge\" class=\"block-theme-violet:bg-purple font-soehne font-bold text-sm bg-brown-600 block-theme-violet:bg-purple text-white py-[2px] px-2\">\n\t\t\t\t\tIT\n\t\t\t<\/div>\n\t\t\t<\/li>\n\t\t\t<\/ul>\n\t\t\t\t\t<\/div>\n\n\t\t\t<\/div>\n<\/div>\n\t\t\t\t\t\t\t<\/li>\n\t\t\t<\/ul>\n\n\t\t\t\t\t\t\t\t\t<div class=\"text-right text-brown-600\">\n\t\t\t\t\t\t\n\n\n\n<a\n\tdata-variant=\"outline\"\n\tdata-size=\"default\"\n\tclass=\"group inline-flex justify-center items-center gap-2 cursor-pointer text-md font-soehne underline-offset-2 decoration-2 px-4 min-h-[3.75rem] border-2 border-current bg-transparent text-current font-bold hocus:underline w-full lg:w-auto\"\n\n\t\n\t\t\thref=\"\"\n\t\n\t\n\t\n\t\n\t\n\t\n\t\n\t\n\t\n\t\n\t\n\t\n\t>\n\t\n\t\t\t\t\t<span data-button-text class=\"\">\n\t\t\tAll articles\n\n\t\t\t\t\t<\/span>\n\t\n\t\t\t\t\t\t<span class=\" flex items-center justify-center w-[1em] h-[1em] icon  \" aria-hidden=\"true\">\n\t\t\t<svg aria-hidden=\"true\" width=\"20\" height=\"17\" viewBox=\"0 0 20 17\" fill=\"none\" xmlns=\"http:\/\/www.w3.org\/2000\/svg\">\n<path d=\"M18.25 7.5C18.8023 7.5 19.25 7.94772 19.25 8.5C19.25 9.05228 18.8023 9.5 18.25 9.5H1.75C1.19772 9.5 0.75 9.05228 0.75 8.5C0.75 7.94772 1.19772 7.5 1.75 7.5H18.25Z\" fill=\"currentColor\"\/>\n<path d=\"M10.793 1.04295C11.1835 0.65243 11.8165 0.65243 12.207 1.04295L18.957 7.79295C19.3476 8.18348 19.3476 8.81649 18.957 9.20702L12.207 15.957C11.8165 16.3475 11.1835 16.3475 10.793 15.957C10.4024 15.5665 10.4024 14.9335 10.793 14.543L16.8359 8.49999L10.793 2.45702C10.4024 2.06649 10.4024 1.43348 10.793 1.04295Z\" fill=\"currentColor\"\/>\n<\/svg>\n\n\t\t<\/span>\n\n\t\t\t\n\t<\/a>\n\t\t\t\t\t<\/div>\n\t\t\t\t\t\t\t<\/div>\n\t\t<\/div>\n\t<\/div>\n","protected":false},"excerpt":{"rendered":"<p>With the current withdrawal of funds for higher education, many of us feel frustrated, confused, and underappreciated. But for international academics in the Netherlands, this moment might feel especially tough. We often talk about the challenges international students face and rightly so. But we rarely speak about international staff who also chose to build their [&hellip;]<\/p>\n","protected":false},"author":301,"featured_media":173488,"comment_status":"open","ping_status":"open","sticky":false,"template":"","format":"standard","meta":{"_acf_changed":false,"_trash_the_other_posts":false,"editor_notices":[],"footnotes":""},"categories":[127],"em_content_type":[24781],"class_list":["post-177679","post","type-post","status-publish","format-standard","has-post-thumbnail","hentry","category-rubriek-column-en","em_content_type-opinie-en"],"acf":[],"yoast_head":"<!-- This site is optimized with the Yoast SEO plugin v27.3 - https:\/\/yoast.com\/product\/yoast-seo-wordpress\/ -->\n<title>The situationship of Dutchies and internationals<\/title>\n<meta name=\"description\" content=\"Columnist Irena Bo\u0161kovi\u0107 is getting tired of the situationship she and many other international staff and students are in. \u201cIt\u2019s unfair to invite internationals to the table in good times, only to question or sideline them when things get hard.\u201d\" \/>\n<meta name=\"robots\" content=\"index, follow, max-snippet:-1, max-image-preview:large, max-video-preview:-1\" \/>\n<link rel=\"canonical\" href=\"https:\/\/www.erasmusmagazine.nl\/en\/2025\/04\/09\/the-situationship-of-dutchies-and-internationals\/\" \/>\n<meta property=\"og:locale\" content=\"en_GB\" \/>\n<meta property=\"og:type\" content=\"article\" \/>\n<meta property=\"og:title\" content=\"The situationship of Dutchies and internationals\" \/>\n<meta property=\"og:description\" content=\"Columnist Irena Bo\u0161kovi\u0107 is getting tired of the situationship she and many other international staff and students are in. \u201cIt\u2019s unfair to invite internationals to the table in good times, only to question or sideline them when things get hard.\u201d\" \/>\n<meta property=\"og:url\" content=\"https:\/\/www.erasmusmagazine.nl\/en\/2025\/04\/09\/the-situationship-of-dutchies-and-internationals\/\" \/>\n<meta property=\"og:site_name\" content=\"Erasmus Magazine\" \/>\n<meta property=\"article:publisher\" content=\"https:\/\/www.facebook.com\/ErasmusMagazineInternational\/\" \/>\n<meta property=\"article:published_time\" content=\"2025-04-09T13:27:13+00:00\" \/>\n<meta property=\"article:modified_time\" content=\"2025-12-19T10:27:45+00:00\" \/>\n<meta property=\"og:image\" content=\"https:\/\/www.erasmusmagazine.nl\/wp-content\/uploads\/sites\/8\/2024\/11\/18171613\/Irena-Boskovic-column_2_Willemse-Wiersema.jpg?image-crop-positioner-ts=1766139402\" \/>\n\t<meta property=\"og:image:width\" content=\"2560\" \/>\n\t<meta property=\"og:image:height\" content=\"1492\" \/>\n\t<meta property=\"og:image:type\" content=\"image\/jpeg\" \/>\n<meta name=\"author\" content=\"Irena Bo\u0161kovi\u0107\" \/>\n<meta name=\"twitter:card\" content=\"summary_large_image\" \/>\n<meta name=\"twitter:creator\" content=\"@erasmusmag\" \/>\n<meta name=\"twitter:site\" content=\"@erasmusmag\" \/>\n<meta name=\"twitter:label1\" content=\"Estimated reading time\" \/>\n\t<meta name=\"twitter:data1\" content=\"3 minutes\" \/>\n\t<meta name=\"twitter:label2\" content=\"Written by\" \/>\n\t<meta name=\"twitter:data2\" content=\"Irena Bo\u0161kovi\u0107\" \/>\n<script type=\"application\/ld+json\" class=\"yoast-schema-graph\">{\"@context\":\"https:\\\/\\\/schema.org\",\"@graph\":[{\"@type\":\"Article\",\"@id\":\"https:\\\/\\\/www.erasmusmagazine.nl\\\/en\\\/2025\\\/04\\\/09\\\/the-situationship-of-dutchies-and-internationals\\\/#article\",\"isPartOf\":{\"@id\":\"https:\\\/\\\/www.erasmusmagazine.nl\\\/en\\\/2025\\\/04\\\/09\\\/the-situationship-of-dutchies-and-internationals\\\/\"},\"author\":\"Irena Bo\u0161kovi\u0107\",\"headline\":\"The situationship of Dutchies and internationals\",\"datePublished\":\"2025-04-09T13:27:13+00:00\",\"dateModified\":\"2025-12-19T10:27:45+00:00\",\"mainEntityOfPage\":{\"@id\":\"https:\\\/\\\/www.erasmusmagazine.nl\\\/en\\\/2025\\\/04\\\/09\\\/the-situationship-of-dutchies-and-internationals\\\/\"},\"wordCount\":531,\"commentCount\":2,\"image\":{\"@id\":\"https:\\\/\\\/www.erasmusmagazine.nl\\\/en\\\/2025\\\/04\\\/09\\\/the-situationship-of-dutchies-and-internationals\\\/#primaryimage\"},\"thumbnailUrl\":\"https:\\\/\\\/www.erasmusmagazine.nl\\\/en\\\/wp-content\\\/uploads\\\/sites\\\/8\\\/2024\\\/11\\\/18171613\\\/Irena-Boskovic-column_2_Willemse-Wiersema.jpg?image-crop-positioner-ts=1766139402\",\"keywords\":[\"budget cuts\",\"internationalisation\",\"internationals\",\"Irena Bo\u0161kovi\u0107\",\"situationship\"],\"articleSection\":[\"Column\"],\"inLanguage\":\"en-GB\",\"potentialAction\":[{\"@type\":\"CommentAction\",\"name\":\"Comment\",\"target\":[\"https:\\\/\\\/www.erasmusmagazine.nl\\\/en\\\/2025\\\/04\\\/09\\\/the-situationship-of-dutchies-and-internationals\\\/#respond\"]}]},{\"@type\":\"WebPage\",\"@id\":\"https:\\\/\\\/www.erasmusmagazine.nl\\\/en\\\/2025\\\/04\\\/09\\\/the-situationship-of-dutchies-and-internationals\\\/\",\"url\":\"https:\\\/\\\/www.erasmusmagazine.nl\\\/en\\\/2025\\\/04\\\/09\\\/the-situationship-of-dutchies-and-internationals\\\/\",\"name\":\"The situationship of Dutchies and internationals\",\"isPartOf\":{\"@id\":\"https:\\\/\\\/www.erasmusmagazine.nl\\\/en\\\/#website\"},\"primaryImageOfPage\":{\"@id\":\"https:\\\/\\\/www.erasmusmagazine.nl\\\/en\\\/2025\\\/04\\\/09\\\/the-situationship-of-dutchies-and-internationals\\\/#primaryimage\"},\"image\":{\"@id\":\"https:\\\/\\\/www.erasmusmagazine.nl\\\/en\\\/2025\\\/04\\\/09\\\/the-situationship-of-dutchies-and-internationals\\\/#primaryimage\"},\"thumbnailUrl\":\"https:\\\/\\\/www.erasmusmagazine.nl\\\/en\\\/wp-content\\\/uploads\\\/sites\\\/8\\\/2024\\\/11\\\/18171613\\\/Irena-Boskovic-column_2_Willemse-Wiersema.jpg?image-crop-positioner-ts=1766139402\",\"datePublished\":\"2025-04-09T13:27:13+00:00\",\"dateModified\":\"2025-12-19T10:27:45+00:00\",\"author\":\"Irena Bo\u0161kovi\u0107\",\"description\":\"Columnist Irena Bo\u0161kovi\u0107 is getting tired of the situationship she and many other international staff and students are in. \u201cIt\u2019s unfair to invite internationals to the table in good times, only to question or sideline them when things get hard.\u201d\",\"breadcrumb\":{\"@id\":\"https:\\\/\\\/www.erasmusmagazine.nl\\\/en\\\/2025\\\/04\\\/09\\\/the-situationship-of-dutchies-and-internationals\\\/#breadcrumb\"},\"inLanguage\":\"en-GB\",\"potentialAction\":[{\"@type\":\"ReadAction\",\"target\":[\"https:\\\/\\\/www.erasmusmagazine.nl\\\/en\\\/2025\\\/04\\\/09\\\/the-situationship-of-dutchies-and-internationals\\\/\"]}]},{\"@type\":\"ImageObject\",\"inLanguage\":\"en-GB\",\"@id\":\"https:\\\/\\\/www.erasmusmagazine.nl\\\/en\\\/2025\\\/04\\\/09\\\/the-situationship-of-dutchies-and-internationals\\\/#primaryimage\",\"url\":\"https:\\\/\\\/www.erasmusmagazine.nl\\\/en\\\/wp-content\\\/uploads\\\/sites\\\/8\\\/2024\\\/11\\\/18171613\\\/Irena-Boskovic-column_2_Willemse-Wiersema.jpg?image-crop-positioner-ts=1766139402\",\"contentUrl\":\"https:\\\/\\\/www.erasmusmagazine.nl\\\/en\\\/wp-content\\\/uploads\\\/sites\\\/8\\\/2024\\\/11\\\/18171613\\\/Irena-Boskovic-column_2_Willemse-Wiersema.jpg?image-crop-positioner-ts=1766139402\",\"width\":2560,\"height\":1492},{\"@type\":\"BreadcrumbList\",\"@id\":\"https:\\\/\\\/www.erasmusmagazine.nl\\\/en\\\/2025\\\/04\\\/09\\\/the-situationship-of-dutchies-and-internationals\\\/#breadcrumb\",\"itemListElement\":[{\"@type\":\"ListItem\",\"position\":1,\"name\":\"Home\",\"item\":\"https:\\\/\\\/www.erasmusmagazine.nl\\\/en\\\/\"},{\"@type\":\"ListItem\",\"position\":2,\"name\":\"The situationship of Dutchies and internationals\"}]},{\"@type\":\"WebSite\",\"@id\":\"https:\\\/\\\/www.erasmusmagazine.nl\\\/en\\\/#website\",\"url\":\"https:\\\/\\\/www.erasmusmagazine.nl\\\/en\\\/\",\"name\":\"Erasmus Magazine\",\"description\":\"Independent news platform of Erasmus University Rotterdam\",\"potentialAction\":[{\"@type\":\"SearchAction\",\"target\":{\"@type\":\"EntryPoint\",\"urlTemplate\":\"https:\\\/\\\/www.erasmusmagazine.nl\\\/en\\\/?s={search_term_string}\"},\"query-input\":{\"@type\":\"PropertyValueSpecification\",\"valueRequired\":true,\"valueName\":\"search_term_string\"}}],\"inLanguage\":\"en-GB\"},{\"@type\":\"Person\",\"name\":\"Irena Bo\u0161kovi\u0107\",\"id\":\"https:\\\/\\\/www.erasmusmagazine.nl\\\/en\\\/persons\\\/irena-boskovic\\\/\",\"url\":\"https:\\\/\\\/www.erasmusmagazine.nl\\\/en\\\/persons\\\/irena-boskovic\\\/\",\"image\":{\"@type\":\"ImageObject\",\"inLanguage\":\"en-GB\",\"@id\":\"https:\\\/\\\/www.erasmusmagazine.nl\\\/en\\\/wp-content\\\/uploads\\\/sites\\\/8\\\/2024\\\/11\\\/05162324\\\/Irena_Boskovic_Levien-Willemse.jpg\",\"url\":\"https:\\\/\\\/www.erasmusmagazine.nl\\\/en\\\/wp-content\\\/uploads\\\/sites\\\/8\\\/2024\\\/11\\\/05162324\\\/Irena_Boskovic_Levien-Willemse.jpg\",\"contentUrl\":\"https:\\\/\\\/www.erasmusmagazine.nl\\\/en\\\/wp-content\\\/uploads\\\/sites\\\/8\\\/2024\\\/11\\\/05162324\\\/Irena_Boskovic_Levien-Willemse.jpg\",\"caption\":\"Irena Bo\u0161kovi\u0107\"}}]}<\/script>\n<!-- \/ Yoast SEO plugin. -->","yoast_head_json":{"title":"The situationship of Dutchies and internationals","description":"Columnist Irena Bo\u0161kovi\u0107 is getting tired of the situationship she and many other international staff and students are in. \u201cIt\u2019s unfair to invite internationals to the table in good times, only to question or sideline them when things get hard.\u201d","robots":{"index":"index","follow":"follow","max-snippet":"max-snippet:-1","max-image-preview":"max-image-preview:large","max-video-preview":"max-video-preview:-1"},"canonical":"https:\/\/www.erasmusmagazine.nl\/en\/2025\/04\/09\/the-situationship-of-dutchies-and-internationals\/","og_locale":"en_GB","og_type":"article","og_title":"The situationship of Dutchies and internationals","og_description":"Columnist Irena Bo\u0161kovi\u0107 is getting tired of the situationship she and many other international staff and students are in. \u201cIt\u2019s unfair to invite internationals to the table in good times, only to question or sideline them when things get hard.\u201d","og_url":"https:\/\/www.erasmusmagazine.nl\/en\/2025\/04\/09\/the-situationship-of-dutchies-and-internationals\/","og_site_name":"Erasmus Magazine","article_publisher":"https:\/\/www.facebook.com\/ErasmusMagazineInternational\/","article_published_time":"2025-04-09T13:27:13+00:00","article_modified_time":"2025-12-19T10:27:45+00:00","og_image":[{"width":2560,"height":1492,"url":"https:\/\/www.erasmusmagazine.nl\/wp-content\/uploads\/sites\/8\/2024\/11\/18171613\/Irena-Boskovic-column_2_Willemse-Wiersema.jpg?image-crop-positioner-ts=1766139402","type":"image\/jpeg"}],"author":"Irena Bo\u0161kovi\u0107","twitter_card":"summary_large_image","twitter_creator":"@erasmusmag","twitter_site":"@erasmusmag","twitter_misc":{"Estimated reading time":"3 minutes","Written by":"Irena Bo\u0161kovi\u0107"},"schema":{"@context":"https:\/\/schema.org","@graph":[{"@type":"Article","@id":"https:\/\/www.erasmusmagazine.nl\/en\/2025\/04\/09\/the-situationship-of-dutchies-and-internationals\/#article","isPartOf":{"@id":"https:\/\/www.erasmusmagazine.nl\/en\/2025\/04\/09\/the-situationship-of-dutchies-and-internationals\/"},"author":"Irena Bo\u0161kovi\u0107","headline":"The situationship of Dutchies and internationals","datePublished":"2025-04-09T13:27:13+00:00","dateModified":"2025-12-19T10:27:45+00:00","mainEntityOfPage":{"@id":"https:\/\/www.erasmusmagazine.nl\/en\/2025\/04\/09\/the-situationship-of-dutchies-and-internationals\/"},"wordCount":531,"commentCount":2,"image":{"@id":"https:\/\/www.erasmusmagazine.nl\/en\/2025\/04\/09\/the-situationship-of-dutchies-and-internationals\/#primaryimage"},"thumbnailUrl":"https:\/\/www.erasmusmagazine.nl\/en\/wp-content\/uploads\/sites\/8\/2024\/11\/18171613\/Irena-Boskovic-column_2_Willemse-Wiersema.jpg?image-crop-positioner-ts=1766139402","keywords":["budget cuts","internationalisation","internationals","Irena Bo\u0161kovi\u0107","situationship"],"articleSection":["Column"],"inLanguage":"en-GB","potentialAction":[{"@type":"CommentAction","name":"Comment","target":["https:\/\/www.erasmusmagazine.nl\/en\/2025\/04\/09\/the-situationship-of-dutchies-and-internationals\/#respond"]}]},{"@type":"WebPage","@id":"https:\/\/www.erasmusmagazine.nl\/en\/2025\/04\/09\/the-situationship-of-dutchies-and-internationals\/","url":"https:\/\/www.erasmusmagazine.nl\/en\/2025\/04\/09\/the-situationship-of-dutchies-and-internationals\/","name":"The situationship of Dutchies and internationals","isPartOf":{"@id":"https:\/\/www.erasmusmagazine.nl\/en\/#website"},"primaryImageOfPage":{"@id":"https:\/\/www.erasmusmagazine.nl\/en\/2025\/04\/09\/the-situationship-of-dutchies-and-internationals\/#primaryimage"},"image":{"@id":"https:\/\/www.erasmusmagazine.nl\/en\/2025\/04\/09\/the-situationship-of-dutchies-and-internationals\/#primaryimage"},"thumbnailUrl":"https:\/\/www.erasmusmagazine.nl\/en\/wp-content\/uploads\/sites\/8\/2024\/11\/18171613\/Irena-Boskovic-column_2_Willemse-Wiersema.jpg?image-crop-positioner-ts=1766139402","datePublished":"2025-04-09T13:27:13+00:00","dateModified":"2025-12-19T10:27:45+00:00","author":"Irena Bo\u0161kovi\u0107","description":"Columnist Irena Bo\u0161kovi\u0107 is getting tired of the situationship she and many other international staff and students are in. \u201cIt\u2019s unfair to invite internationals to the table in good times, only to question or sideline them when things get hard.\u201d","breadcrumb":{"@id":"https:\/\/www.erasmusmagazine.nl\/en\/2025\/04\/09\/the-situationship-of-dutchies-and-internationals\/#breadcrumb"},"inLanguage":"en-GB","potentialAction":[{"@type":"ReadAction","target":["https:\/\/www.erasmusmagazine.nl\/en\/2025\/04\/09\/the-situationship-of-dutchies-and-internationals\/"]}]},{"@type":"ImageObject","inLanguage":"en-GB","@id":"https:\/\/www.erasmusmagazine.nl\/en\/2025\/04\/09\/the-situationship-of-dutchies-and-internationals\/#primaryimage","url":"https:\/\/www.erasmusmagazine.nl\/en\/wp-content\/uploads\/sites\/8\/2024\/11\/18171613\/Irena-Boskovic-column_2_Willemse-Wiersema.jpg?image-crop-positioner-ts=1766139402","contentUrl":"https:\/\/www.erasmusmagazine.nl\/en\/wp-content\/uploads\/sites\/8\/2024\/11\/18171613\/Irena-Boskovic-column_2_Willemse-Wiersema.jpg?image-crop-positioner-ts=1766139402","width":2560,"height":1492},{"@type":"BreadcrumbList","@id":"https:\/\/www.erasmusmagazine.nl\/en\/2025\/04\/09\/the-situationship-of-dutchies-and-internationals\/#breadcrumb","itemListElement":[{"@type":"ListItem","position":1,"name":"Home","item":"https:\/\/www.erasmusmagazine.nl\/en\/"},{"@type":"ListItem","position":2,"name":"The situationship of Dutchies and internationals"}]},{"@type":"WebSite","@id":"https:\/\/www.erasmusmagazine.nl\/en\/#website","url":"https:\/\/www.erasmusmagazine.nl\/en\/","name":"Erasmus Magazine","description":"Independent news platform of Erasmus University Rotterdam","potentialAction":[{"@type":"SearchAction","target":{"@type":"EntryPoint","urlTemplate":"https:\/\/www.erasmusmagazine.nl\/en\/?s={search_term_string}"},"query-input":{"@type":"PropertyValueSpecification","valueRequired":true,"valueName":"search_term_string"}}],"inLanguage":"en-GB"},{"@type":"Person","name":"Irena Bo\u0161kovi\u0107","id":"https:\/\/www.erasmusmagazine.nl\/en\/persons\/irena-boskovic\/","url":"https:\/\/www.erasmusmagazine.nl\/en\/persons\/irena-boskovic\/","image":{"@type":"ImageObject","inLanguage":"en-GB","@id":"https:\/\/www.erasmusmagazine.nl\/en\/wp-content\/uploads\/sites\/8\/2024\/11\/05162324\/Irena_Boskovic_Levien-Willemse.jpg","url":"https:\/\/www.erasmusmagazine.nl\/en\/wp-content\/uploads\/sites\/8\/2024\/11\/05162324\/Irena_Boskovic_Levien-Willemse.jpg","contentUrl":"https:\/\/www.erasmusmagazine.nl\/en\/wp-content\/uploads\/sites\/8\/2024\/11\/05162324\/Irena_Boskovic_Levien-Willemse.jpg","caption":"Irena Bo\u0161kovi\u0107"}}]}},"_links":{"self":[{"href":"https:\/\/www.erasmusmagazine.nl\/en\/wp-json\/wp\/v2\/posts\/177679","targetHints":{"allow":["GET"]}}],"collection":[{"href":"https:\/\/www.erasmusmagazine.nl\/en\/wp-json\/wp\/v2\/posts"}],"about":[{"href":"https:\/\/www.erasmusmagazine.nl\/en\/wp-json\/wp\/v2\/types\/post"}],"author":[{"embeddable":true,"href":"https:\/\/www.erasmusmagazine.nl\/en\/wp-json\/wp\/v2\/users\/301"}],"replies":[{"embeddable":true,"href":"https:\/\/www.erasmusmagazine.nl\/en\/wp-json\/wp\/v2\/comments?post=177679"}],"version-history":[{"count":1,"href":"https:\/\/www.erasmusmagazine.nl\/en\/wp-json\/wp\/v2\/posts\/177679\/revisions"}],"predecessor-version":[{"id":194467,"href":"https:\/\/www.erasmusmagazine.nl\/en\/wp-json\/wp\/v2\/posts\/177679\/revisions\/194467"}],"wp:featuredmedia":[{"embeddable":true,"href":"https:\/\/www.erasmusmagazine.nl\/en\/wp-json\/wp\/v2\/media\/173488"}],"wp:attachment":[{"href":"https:\/\/www.erasmusmagazine.nl\/en\/wp-json\/wp\/v2\/media?parent=177679"}],"wp:term":[{"taxonomy":"category","embeddable":true,"href":"https:\/\/www.erasmusmagazine.nl\/en\/wp-json\/wp\/v2\/categories?post=177679"},{"taxonomy":"em_content_type","embeddable":true,"href":"https:\/\/www.erasmusmagazine.nl\/en\/wp-json\/wp\/v2\/em_content_type?post=177679"}],"curies":[{"name":"wp","href":"https:\/\/api.w.org\/{rel}","templated":true}]}}