{"id":174843,"date":"2025-01-15T16:03:20","date_gmt":"2025-01-15T15:03:20","guid":{"rendered":"https:\/\/www.erasmusmagazine.nl\/en\/?p=174843"},"modified":"2025-12-19T11:27:39","modified_gmt":"2025-12-19T10:27:39","slug":"culture-is-measurably-valuable-says-marc-verboord","status":"publish","type":"post","link":"https:\/\/www.erasmusmagazine.nl\/en\/2025\/01\/15\/culture-is-measurably-valuable-says-marc-verboord\/","title":{"rendered":"Culture is measurably valuable, says Marc Verboord"},"content":{"rendered":"<p>Through his research, Marc Verboord quantifies the impact of culture. At a conference in Slovenia, he attended a book presentation by V\u00e1clav \u0160t\u0115tka and Sabina Mihelj on their book\u00a0<em>The Illiberal Public Sphere<\/em>. It made him realise how subversive conservative cultural values can be for science, media, and politics.<\/p>\n<figure class=\"wp-block-image size-large\"><img loading=\"lazy\" decoding=\"async\" width=\"1280\" height=\"859\" src=\"https:\/\/www.erasmusmagazine.nl\/en\/wp-content\/uploads\/sites\/8\/2025\/01\/13115437\/Marc-Verboord_Verslonden-dec2024_Leroy-Verbeet.jpg?image-crop-positioner-ts=1766139408\" alt=\"\" class=\"wp-image-174754\" srcset=\"https:\/\/www.erasmusmagazine.nl\/en\/wp-content\/uploads\/sites\/8\/2025\/01\/13115437\/Marc-Verboord_Verslonden-dec2024_Leroy-Verbeet.jpg?image-crop-positioner-ts=1766139408 1280w, https:\/\/www.erasmusmagazine.nl\/en\/wp-content\/uploads\/sites\/8\/2025\/01\/13115437\/Marc-Verboord_Verslonden-dec2024_Leroy-Verbeet-875x587.jpg?image-crop-positioner-ts=1766139408 875w, https:\/\/www.erasmusmagazine.nl\/en\/wp-content\/uploads\/sites\/8\/2025\/01\/13115437\/Marc-Verboord_Verslonden-dec2024_Leroy-Verbeet-300x201.jpg?image-crop-positioner-ts=1766139408 300w, https:\/\/www.erasmusmagazine.nl\/en\/wp-content\/uploads\/sites\/8\/2025\/01\/13115437\/Marc-Verboord_Verslonden-dec2024_Leroy-Verbeet-150x101.jpg?image-crop-positioner-ts=1766139408 150w, https:\/\/www.erasmusmagazine.nl\/en\/wp-content\/uploads\/sites\/8\/2025\/01\/13115437\/Marc-Verboord_Verslonden-dec2024_Leroy-Verbeet-225x151.jpg?image-crop-positioner-ts=1766139408 225w\" sizes=\"auto, (max-width: 1280px) 100vw, 1280px\" \/><figcaption class=\"wp-element-caption\"><p data-component=\"image-credits\" class=\"flex flex-wrap gap-2 items-center text-base\">\n\t<span aria-hidden=\"true\"><svg width=\"24\" height=\"24\" viewBox=\"0 0 24 24\" fill=\"none\" xmlns=\"http:\/\/www.w3.org\/2000\/svg\">\n<path d=\"M19.5 5.25H16.9012L15.6234 3.33375C15.555 3.23114 15.4623 3.147 15.3535 3.08879C15.2448 3.03057 15.1233 3.00007 15 3H9C8.87665 3.00007 8.75522 3.03057 8.64648 3.08879C8.53773 3.147 8.44502 3.23114 8.37656 3.33375L7.09781 5.25H4.5C3.90326 5.25 3.33097 5.48705 2.90901 5.90901C2.48705 6.33097 2.25 6.90326 2.25 7.5V18C2.25 18.5967 2.48705 19.169 2.90901 19.591C3.33097 20.0129 3.90326 20.25 4.5 20.25H19.5C20.0967 20.25 20.669 20.0129 21.091 19.591C21.5129 19.169 21.75 18.5967 21.75 18V7.5C21.75 6.90326 21.5129 6.33097 21.091 5.90901C20.669 5.48705 20.0967 5.25 19.5 5.25ZM15.375 12.375C15.375 13.0425 15.1771 13.695 14.8062 14.25C14.4354 14.8051 13.9083 15.2376 13.2916 15.4931C12.6749 15.7485 11.9963 15.8154 11.3416 15.6852C10.6869 15.5549 10.0855 15.2335 9.61351 14.7615C9.14151 14.2895 8.82007 13.6881 8.68985 13.0334C8.55962 12.3787 8.62646 11.7001 8.88191 11.0834C9.13735 10.4667 9.56993 9.93964 10.125 9.56879C10.68 9.19794 11.3325 9 12 9C12.8951 9 13.7535 9.35558 14.3865 9.98851C15.0194 10.6214 15.375 11.4799 15.375 12.375Z\" fill=\"currentColor\"\/>\n<\/svg>\n<\/span>\n\t<span class=\"sr-only\">Image by:<\/span>\n\n\t\t\t<span>\n\t\t\t\t\t\t\t<a href=\"https:\/\/www.erasmusmagazine.nl\/en\/persons\/leroy-verbeet\/\" class=\"underline hocus:no-underline decoration-1 underline-offset-2\">Leroy Verbeet<\/a>\t\t\t\t\t<\/span>\n\t<\/p>\n<\/figcaption><\/figure><p>At the end of last year, Verboord travelled to the Malieveld to protest proposed cuts to higher education. He didn\u2019t bring a protest sign, but he joined in with the chants. \u201cI wanted to make my voice heard. The more people show up, the clearer the message that budget cuts are problematic for the sector.\u201d For now, research proposals continue to move forward, though the looming threat to academia is keenly felt by Verboord and others.<\/p>\n<h2 class=\"wp-block-heading\">Quantifying culture<\/h2><p>Verboord researches culture and media \u2013 two sectors also under threat from funding cuts. He conducts quantitative research to make culture, which seems intangible, measurable. He is currently concluding a European study examining the impact of culture on well-being.<\/p>\n<p>Four times a day, people across Europe were asked how they were feeling and whether they had engaged in any cultural activity in the past few hours. Reading books, watching films, listening to music, talking about sports or theatre \u2013 all counted as cultural participation. The results? People who had recently engaged in cultural activities reported feeling better than those who had not. The exceptions were gaming and following the news \u2013 these did not boost happiness. \u201cI hope studies like these are of interest to policymakers when considering budget cuts for culture and science\u201d, says Verboord.<\/p>\n\t<div data-name=\"acf\/featured-text\" class=\"md:mt-6 p-4 md:p-6 lg:p-8 bg-sand-300 theme-sand:bg-white theme-violet:bg-white theme-mocha:bg-white wysiwyg *:last:mb-0!\" >\n\t\t<p><strong>Reading habits<\/strong><\/p>\n<p>Books read per year:\u00a040<\/p>\n<p>Favourite genres:\u00a0Non-fiction, detective novels, literature, and science fiction \u2013 a true bookworm.<\/p>\n<p>Main motivation:\u00a0&#8220;It depends on the book. I read fiction to relax, but other books to learn something. In short, different books for different reasons.&#8221;<\/p>\n<p>Last book read:\u00a0A thriller by Michael Connelly. &#8220;Connelly writes excellent crime novels, offering an intriguing portrayal of Los Angeles. It was almost a sociological analysis of how that society operates.&#8221;<\/p>\n\n\t<\/div>\n<h2 class=\"wp-block-heading\">Science is (not) politics<\/h2><p>Even though culture and science are not priorities for the current government, Verboord has no intention of pursuing an activist agenda with his research. He aims to investigate the effects of certain values, not create policies. For instance, in the same European project \u2013 \u201cyou have to make big promises in grant applications, otherwise you won\u2019t get the funding\u201d \u2013 he found that the more conservative people are, the less trust they have in institutions like politics, media, and science.<\/p>\n<p>At a conference in Slovenia, Verboord chose from twenty parallel sessions to attend a book presentation by V\u00e1clav \u0160t\u0115tka and Sabina Mihelj, two scholars of Eastern European origin. They presented their book\u00a0<em>The Illiberal Public Sphere<\/em>, about media, culture, and the rise of authoritarianism. In Ljubljana, it became even clearer to Verboord that the impact of conservative values on trust in institutions is already evident in Eastern European countries. \u201cIt\u2019s alarming that in countries like Hungary and Serbia, conservative ideas are becoming increasingly dominant. You can already see how subversive this is. In such countries, social media is considered a more reliable source of information than public broadcasting.\u201d<\/p>\n<h2 class=\"wp-block-heading\">Social media as a news source<\/h2><p>Another area of Verboord\u2019s research examines how people consume news and the sources they use \u2013 their media repertoire. When teaching a class, he often starts by asking students where they get their information. TikTok is the most common answer. Verboord finds this somewhat surprising: \u201cI\u2019m not a huge social media user myself.\u201d But he also sees that trust in authorities is declining. \u201cWe no longer believe in authority figures, such as a critic from\u00a0a leading newspaper recommending a book. People find what an ordinary reader on Goodreads thinks just as important.\u201d<\/p>\n<h2 class=\"wp-block-heading\">The exception proves the rule<\/h2><p>Verboord often talks about trends but acknowledges there are always exceptions. He began his career with a PhD on reading education. One of his findings was that parents\u2019 reading habits strongly influence their children\u2019s reading habits as adults. The exception to this rule? Verboord himself. His parents, while taking him to the library, rarely read novels themselves. Verboord was the first in his family to attend university. There, he read the works of sociologist Pierre Bourdieu, who argued that taste and preferences are shaped by social class. \u201cYou could say I transcended my class, but at the time I wasn\u2019t really thinking about that. When conducting research, there are always exceptions.\u201d<\/p>\n\t<div data-name=\"acf\/featured-text\" class=\"md:mt-6 p-4 md:p-6 lg:p-8 bg-sand-300 theme-sand:bg-white theme-violet:bg-white theme-mocha:bg-white wysiwyg *:last:mb-0!\" >\n\t\t<p>Marc Verboord is a professor of Media and Society at the Erasmus School of History, Culture and Communication. His research lies at the intersection of cultural and media sociology, communication science, and journalism studies. He focuses on the sociological aspects of media consumption, the societal effects of digitalisation and new media, and the relationship between media and trust. Verboord teaches in the International Bachelor in Communication and Media and the master\u2019s programmes in Media Studies and Sociology of Culture, Media and the Arts. Between 2020 and 2023, he served as head of the Media &amp; Communication department at ESHCC.<\/p>\n\n\t<\/div>\n\n\t<div data-name=\"acf\/posts-list\" >\n\t\t\n\t\t<div class=\"space-y-6 md:space-y-8\">\n\n\t\t\t\t\t\t\t<h2 class=\"text-lg md:text-xl\">Read more<\/h2>\n\t\t\t\n\t\t\t<ul class=\"grid items-strecth grid-cols-1 gap-2 md:gap-4 lg:gap-8\">\n\t\t\t\t\t\t\t\t\t\t\t\t\t\t\n\t\t\t\t\t<li class=\"@container\">\n\t\t\t\t\t\t\n<div data-component=\"teaser-post-small\" class=\"block-theme-mocha  relative flex h-full bg-sand-300\n\tblock-theme-violet:bg-white block-theme-violet:text-purple block-theme-mocha:bg-sand-500 block-theme-mocha:text-brown\n\tblock-theme-sand:bg-sand-300 block-theme-sand:text-neutral-900\n\tblock-theme-violet:outline-purple-100 block-theme-violet:outline-1 block-theme-violet:outline-t-0\n\ttheme-mocha:bg-white! theme-violet:bg-white! theme-sand:bg-white!\n\tflex-row gap-4 @md:gap-8 p-4 @md:p-6\">\n\t\t\t<div class=\"image:w-full image:aspect-square image:object-cover shrink-0 size-17.5 @sm:size-21.25 @md:size-30 @lg:size-40\">\n\t\t\t<img loading=\"lazy\" decoding=\"async\" width=\"460\" height=\"309\" src=\"https:\/\/www.erasmusmagazine.nl\/en\/wp-content\/uploads\/sites\/8\/2024\/11\/14121300\/Verslonden-Bram-Woutserse_-Leroy-Verbeet-November-2024-2.jpg?image-crop-positioner-ts=1766139401\" class=\"attachment-square_lg size-square_lg\" alt=\"\" srcset=\"https:\/\/www.erasmusmagazine.nl\/en\/wp-content\/uploads\/sites\/8\/2024\/11\/14121300\/Verslonden-Bram-Woutserse_-Leroy-Verbeet-November-2024-2.jpg?image-crop-positioner-ts=1766139401 1280w, https:\/\/www.erasmusmagazine.nl\/en\/wp-content\/uploads\/sites\/8\/2024\/11\/14121300\/Verslonden-Bram-Woutserse_-Leroy-Verbeet-November-2024-2-875x587.jpg?image-crop-positioner-ts=1766139401 875w, https:\/\/www.erasmusmagazine.nl\/en\/wp-content\/uploads\/sites\/8\/2024\/11\/14121300\/Verslonden-Bram-Woutserse_-Leroy-Verbeet-November-2024-2-300x201.jpg?image-crop-positioner-ts=1766139401 300w, https:\/\/www.erasmusmagazine.nl\/en\/wp-content\/uploads\/sites\/8\/2024\/11\/14121300\/Verslonden-Bram-Woutserse_-Leroy-Verbeet-November-2024-2-150x101.jpg?image-crop-positioner-ts=1766139401 150w, https:\/\/www.erasmusmagazine.nl\/en\/wp-content\/uploads\/sites\/8\/2024\/11\/14121300\/Verslonden-Bram-Woutserse_-Leroy-Verbeet-November-2024-2-225x151.jpg?image-crop-positioner-ts=1766139401 225w\" sizes=\"auto, (max-width: 460px) 100vw, 460px\" \/>\n\t\t<\/div>\n\t\n\t<div class=\"flex flex-col gap-2 md:gap-4 \">\n\t\t\t\t<h3 class=\"text-md @lg:text-lg\">\n\t\t\t<a href=\"https:\/\/www.erasmusmagazine.nl\/en\/2024\/11\/14\/why-economist-bram-wouterse-wants-to-break-the-power-of-the-sugar-industry\/\" class=\"absolute-link text-current hocus:underline inline-block\">\n\t\t\t\tWhy economist Bram Wouterse wants to break the power of the sugar industry\n\t\t\t<\/a>\n\t\t<\/h3>\n\n\t\t<div class=\"flex flex-wrap gap-4 items-center\">\n\t\t\t<span class=\"sr-only\">Gepubliceerd op:<\/span>\n\t\t\t<time class=\"text-sm font-soehne text-neutral-900\" datetime=\"2024-11-14\">14 November 2024<\/time>\n\n\t\t\t\t\t\t\t\t\t\t\t\n\t<ul data-component=\"list-badges\" class=\"flex items-center gap-2 flex-wrap\" aria-label=\"Geplaatst in categorie\">\n\t\t\t\t\t<li>\n\t\t\t\t\t<div data-component=\"badge\" class=\"block-theme-violet:bg-purple font-soehne font-bold text-sm bg-brown-600 block-theme-violet:bg-purple text-white py-[2px] px-2\">\n\t\t\t\t\tPage-turners\n\t\t\t<\/div>\n\t\t\t<\/li>\n\t\t\t<\/ul>\n\t\t\t\t\t<\/div>\n\n\t\t\t<\/div>\n<\/div>\n\t\t\t\t\t<\/li>\n\t\t\t\t\t\t\t<\/ul>\n\n\t\t\t\t\t<\/div>\n\t<\/div>\n\n\t<div data-name=\"acf\/persons\" class=\"mt-6 md:mt-8 lg:mt-10\" >\n\t\t\t\t\t<h2 class=\"sr-only\">De redactie<\/h2>\n\t\t\n\t\t<div class=\"space-y-6\">\n\n\t\t\t\n\t\t\t<ul class=\"grid grid-cols-1 md:grid-cols-2 gap-4 md:gap-8 md:items-center\">\n\t\t\t\t\t\t\t\t\t\t\t\t\t\t<li>\n\t\t\t\t\t\t<div data-component=\"teaser-person\" class=\"relative flex gap-4 items-center md:gap-8\">\n\n\t\t\t<span class=\"image:rounded-full image:size-20 image:aspect-square image:object-cover md:image:size-36 shrink-0\">\n\t\t\t<img loading=\"lazy\" decoding=\"async\" width=\"1600\" height=\"1600\" src=\"https:\/\/www.erasmusmagazine.nl\/en\/wp-content\/uploads\/sites\/8\/maartje-braam-1600x1600.jpg?image-crop-positioner-ts=1773050191\" class=\"attachment-large size-large\" alt=\"\" srcset=\"https:\/\/www.erasmusmagazine.nl\/en\/wp-content\/uploads\/sites\/8\/maartje-braam-1600x1600.jpg?image-crop-positioner-ts=1773050191 1600w, https:\/\/www.erasmusmagazine.nl\/en\/wp-content\/uploads\/sites\/8\/maartje-braam-875x875.jpg?image-crop-positioner-ts=1773050191 875w, https:\/\/www.erasmusmagazine.nl\/en\/wp-content\/uploads\/sites\/8\/maartje-braam-300x300.jpg?image-crop-positioner-ts=1773050191 300w, https:\/\/www.erasmusmagazine.nl\/en\/wp-content\/uploads\/sites\/8\/maartje-braam-1280x1280.jpg?image-crop-positioner-ts=1773050191 1280w, https:\/\/www.erasmusmagazine.nl\/en\/wp-content\/uploads\/sites\/8\/maartje-braam-1536x1536.jpg?image-crop-positioner-ts=1773050191 1536w, https:\/\/www.erasmusmagazine.nl\/en\/wp-content\/uploads\/sites\/8\/maartje-braam-115x115.jpg?image-crop-positioner-ts=1773050191 115w, https:\/\/www.erasmusmagazine.nl\/en\/wp-content\/uploads\/sites\/8\/maartje-braam-230x230.jpg?image-crop-positioner-ts=1773050191 230w, https:\/\/www.erasmusmagazine.nl\/en\/wp-content\/uploads\/sites\/8\/maartje-braam-460x460.jpg?image-crop-positioner-ts=1773050191 460w, https:\/\/www.erasmusmagazine.nl\/en\/wp-content\/uploads\/sites\/8\/maartje-braam.jpg?image-crop-positioner-ts=1773050191 1707w\" sizes=\"auto, (max-width: 1600px) 100vw, 1600px\" \/>\n\t\t<\/span>\n\t\n\t<div>\n\t\t<a href=\"https:\/\/www.erasmusmagazine.nl\/en\/persons\/maartje-braam\/\" class=\"absolute-link font-tiempos-headline underline hocus:no-underline decoration-1 underline-offset-2 text-lg text-current\">Maartje Braam<\/a>\n\n\t\t\t\t\t<p class=\"text-md\">Editor<\/p>\n\t\t\t<\/div>\n<\/div>\n\t\t\t\t\t<\/li>\n\t\t\t\t\t\t\t<\/ul>\n\t\t<\/div>\n\t<\/div>\n\n\t<div data-name=\"acf\/posts\" class=\"alignfull py-6 md:py-8 lg:py-10 bg-white\" >\n\t\t<div class=\"container-fixed\">\n\n\t\t\t\n\t\t\t<div class=\"space-y-6 md:space-y-8\">\n\n\t\t\t\t\t\t\t\t\t<h2 class=\"text-xl md:text-2xl\">Latest news<\/h2>\n\t\t\t\t\n\t\t\t\t\t\n\t<ul data-component=\"post-grid\" class=\"grid items-stretch grid-cols-1 gap-2 md:gap-4 lg:gap-8 text-zoom-lg:grid-cols-1\n\t\t\n\t\tlg:grid-cols-3\n\t\t\">\n\n\t\t\n\t\t\t\t\t\t\n\t\t\t\n\t\t\t<li class=\"@container\">\n\t\t\t\t\n<div data-component=\"teaser-post\" class=\"block-theme-mocha hidden lg:flex h-full relative flex bg-sand-300\n\tblock-theme-violet:bg-white block-theme-violet:text-purple block-theme-mocha:bg-sand-500 block-theme-mocha:text-brown\n\tblock-theme-sand:bg-sand-300 block-theme-sand:text-neutral-900\n\tblock-theme-violet:outline-purple-100 block-theme-violet:outline-1 block-theme-violet:outline-t-0\n\tflex-col @xl:flex-row\">\n\t\n\t<div class=\"flex flex-col gap-2 md:gap-4 p-4 @md:p-8 @xl:p-8 pr-11 @md:pr-12 @xl:pr-12\">\n\n\t\t\t\t<h3 class=\"text-md @sm:text-xl @md:text-2xl @xl:text-2xl\">\n\t\t\t<a href=\"https:\/\/www.erasmusmagazine.nl\/en\/2026\/04\/29\/how-to-become-a-rotterdammert-defne-learns-slang-phrases-tebbie-nou-op-je-muil\/\" class=\"absolute-link text-current underline-offset-2 decoration-2 hocus:underline @md:decoration-3 @xl:decoration-4 inline-block\">\n\t\t\t\tHow to become a Rotterdammert: Defne learns slang phrases: \u201cTebbie nou op je muil?\u201d\n\t\t\t<\/a>\n\t\t<\/h3>\n\n\t\t<div class=\"flex flex-wrap gap-4 items-center\">\n\t\t\t<span class=\"sr-only\">Gepubliceerd op:<\/span>\n\t\t\t<time class=\"text-sm font-soehne text-neutral-900\" datetime=\"2026-04-29\">29 April 2026<\/time>\n\n\t\t\t\t\t\t\t\t\t\t\t\n\t<ul data-component=\"list-badges\" class=\"flex items-center gap-2 flex-wrap\" aria-label=\"Geplaatst in categorie\">\n\t\t\t\t\t<li>\n\t\t\t\t\t<div data-component=\"badge\" class=\"block-theme-violet:bg-purple font-soehne font-bold text-sm bg-brown-600 block-theme-violet:bg-purple text-white py-[2px] px-2\">\n\t\t\t\t\tEM TV\n\t\t\t<\/div>\n\t\t\t<\/li>\n\t\t\t<\/ul>\n\t\t\t\t\t<\/div>\n\n\t\t\t\t\t\t\t\t<span class=\"sr-only\">Article type: Video<\/span>\n\t\t\t<span class=\"hidden @xl:grid absolute top-0 right-0 bg-brown text-white aspect-square block-theme-violet:bg-purple place-content-center size-12 svg:size-6\" aria-hidden=\"true\">\n\t\t\t\t<svg width=\"18\" height=\"20\" viewBox=\"0 0 18 20\" fill=\"none\" xmlns=\"http:\/\/www.w3.org\/2000\/svg\">\n<path d=\"M17.25 9.99998C17.2506 10.2546 17.1853 10.5051 17.0605 10.727C16.9356 10.949 16.7555 11.1348 16.5375 11.2665L3.03 19.5297C2.80227 19.6691 2.54144 19.7452 2.27445 19.7502C2.00746 19.7551 1.74399 19.6887 1.51125 19.5578C1.28073 19.4289 1.0887 19.2409 0.954904 19.0132C0.821111 18.7855 0.750385 18.5263 0.75 18.2622V1.73779C0.750385 1.47368 0.821111 1.21445 0.954904 0.986734C1.0887 0.759022 1.28073 0.571057 1.51125 0.442167C1.74399 0.311244 2.00746 0.244825 2.27445 0.249769C2.54144 0.254713 2.80227 0.330842 3.03 0.470292L16.5375 8.73342C16.7555 8.86511 16.9356 9.05097 17.0605 9.27291C17.1853 9.49485 17.2506 9.74533 17.25 9.99998Z\" fill=\"currentColor\"\/>\n<\/svg>\n\n\t\t\t<\/span>\n\t\t\t<\/div>\n<\/div>\n\t\t\t\t\t\t\t\t\t\n<div data-component=\"teaser-post-small\" class=\"block-theme-mocha lg:hidden relative flex h-full bg-sand-300\n\tblock-theme-violet:bg-white block-theme-violet:text-purple block-theme-mocha:bg-sand-500 block-theme-mocha:text-brown\n\tblock-theme-sand:bg-sand-300 block-theme-sand:text-neutral-900\n\tblock-theme-violet:outline-purple-100 block-theme-violet:outline-1 block-theme-violet:outline-t-0\n\ttheme-mocha:bg-white! theme-violet:bg-white! theme-sand:bg-white!\n\tflex-row gap-4 @md:gap-8 p-4 @md:p-6\">\n\t\n\t<div class=\"flex flex-col gap-2 md:gap-4 pr-11 @md:pr-12 @lg:pr-12\">\n\t\t\t\t<h3 class=\"text-md @lg:text-lg\">\n\t\t\t<a href=\"https:\/\/www.erasmusmagazine.nl\/en\/2026\/04\/29\/how-to-become-a-rotterdammert-defne-learns-slang-phrases-tebbie-nou-op-je-muil\/\" class=\"absolute-link text-current hocus:underline inline-block\">\n\t\t\t\tHow to become a Rotterdammert: Defne learns slang phrases: \u201cTebbie nou op je muil?\u201d\n\t\t\t<\/a>\n\t\t<\/h3>\n\n\t\t<div class=\"flex flex-wrap gap-4 items-center\">\n\t\t\t<span class=\"sr-only\">Gepubliceerd op:<\/span>\n\t\t\t<time class=\"text-sm font-soehne text-neutral-900\" datetime=\"2026-04-29\">29 April 2026<\/time>\n\n\t\t\t\t\t\t\t\t\t\t\t\n\t<ul data-component=\"list-badges\" class=\"flex items-center gap-2 flex-wrap\" aria-label=\"Geplaatst in categorie\">\n\t\t\t\t\t<li>\n\t\t\t\t\t<div data-component=\"badge\" class=\"block-theme-violet:bg-purple font-soehne font-bold text-sm bg-brown-600 block-theme-violet:bg-purple text-white py-[2px] px-2\">\n\t\t\t\t\tEM TV\n\t\t\t<\/div>\n\t\t\t<\/li>\n\t\t\t<\/ul>\n\t\t\t\t\t<\/div>\n\n\t\t\t\t\t\t\t\t<span class=\"sr-only\">Article type: Video<\/span>\n\t\t\t<span class=\"absolute top-0 right-0 bg-brown text-white aspect-square size-9 block-theme-violet:bg-purple grid place-content-center @md:size-12 @lg:size-12 svg:size-4 @md:svg:size-6 @lg:svg:size-6\" aria-hidden=\"true\">\n\t\t\t\t<svg width=\"18\" height=\"20\" viewBox=\"0 0 18 20\" fill=\"none\" xmlns=\"http:\/\/www.w3.org\/2000\/svg\">\n<path d=\"M17.25 9.99998C17.2506 10.2546 17.1853 10.5051 17.0605 10.727C16.9356 10.949 16.7555 11.1348 16.5375 11.2665L3.03 19.5297C2.80227 19.6691 2.54144 19.7452 2.27445 19.7502C2.00746 19.7551 1.74399 19.6887 1.51125 19.5578C1.28073 19.4289 1.0887 19.2409 0.954904 19.0132C0.821111 18.7855 0.750385 18.5263 0.75 18.2622V1.73779C0.750385 1.47368 0.821111 1.21445 0.954904 0.986734C1.0887 0.759022 1.28073 0.571057 1.51125 0.442167C1.74399 0.311244 2.00746 0.244825 2.27445 0.249769C2.54144 0.254713 2.80227 0.330842 3.03 0.470292L16.5375 8.73342C16.7555 8.86511 16.9356 9.05097 17.0605 9.27291C17.1853 9.49485 17.2506 9.74533 17.25 9.99998Z\" fill=\"currentColor\"\/>\n<\/svg>\n\n\t\t\t<\/span>\n\t\t\t<\/div>\n<\/div>\n\t\t\t\t\t\t\t<\/li>\n\t\t\n\t\t\t\t\t\t\n\t\t\t\n\t\t\t<li class=\"@container\">\n\t\t\t\t\n<div data-component=\"teaser-post\" class=\"block-theme-violet hidden lg:flex h-full relative flex bg-sand-300\n\tblock-theme-violet:bg-white block-theme-violet:text-purple block-theme-mocha:bg-sand-500 block-theme-mocha:text-brown\n\tblock-theme-sand:bg-sand-300 block-theme-sand:text-neutral-900\n\tblock-theme-violet:outline-purple-100 block-theme-violet:outline-1 block-theme-violet:outline-t-0\n\tflex-col @xl:flex-row\">\n\t\t\t<div class=\"relative image:w-full image:aspect-video image:object-cover shrink-0 w-full @xl:w-1\/2\">\n\t\t\t<img loading=\"lazy\" decoding=\"async\" width=\"1280\" height=\"720\" src=\"https:\/\/www.erasmusmagazine.nl\/en\/wp-content\/uploads\/sites\/8\/Laila-Kozarki_foto2_columnist_jan2026_Geisje-van-der-Linden-1280x720.jpg?image-crop-positioner-ts=1769522817\" class=\"attachment-video_xl size-video_xl\" alt=\"\" srcset=\"https:\/\/www.erasmusmagazine.nl\/en\/wp-content\/uploads\/sites\/8\/Laila-Kozarki_foto2_columnist_jan2026_Geisje-van-der-Linden-1280x720.jpg?image-crop-positioner-ts=1769522817 1280w, https:\/\/www.erasmusmagazine.nl\/en\/wp-content\/uploads\/sites\/8\/Laila-Kozarki_foto2_columnist_jan2026_Geisje-van-der-Linden-500x282.jpg?image-crop-positioner-ts=1769522817 500w, https:\/\/www.erasmusmagazine.nl\/en\/wp-content\/uploads\/sites\/8\/Laila-Kozarki_foto2_columnist_jan2026_Geisje-van-der-Linden-832x468.jpg?image-crop-positioner-ts=1769522817 832w\" sizes=\"auto, (max-width: 1280px) 100vw, 1280px\" \/>\n\n\t\t\t\t\t<\/div>\n\t\n\t<div class=\"flex flex-col gap-2 md:gap-4 p-4 @md:p-8 @xl:p-8 \">\n\n\t\t\t\t<h3 class=\"text-md @sm:text-xl @md:text-2xl @xl:text-2xl\">\n\t\t\t<a href=\"https:\/\/www.erasmusmagazine.nl\/en\/2026\/04\/29\/wachten-op-de-warmte\/\" class=\"absolute-link text-current underline-offset-2 decoration-2 hocus:underline @md:decoration-3 @xl:decoration-4 inline-block\">\n\t\t\t\tWaiting for the warmth\n\t\t\t<\/a>\n\t\t<\/h3>\n\n\t\t<div class=\"flex flex-wrap gap-4 items-center\">\n\t\t\t<span class=\"sr-only\">Gepubliceerd op:<\/span>\n\t\t\t<time class=\"text-sm font-soehne text-neutral-900\" datetime=\"2026-04-29\">29 April 2026<\/time>\n\n\t\t\t\t\t\t\t\t\t\t\t\n\t<ul data-component=\"list-badges\" class=\"flex items-center gap-2 flex-wrap\" aria-label=\"Geplaatst in categorie\">\n\t\t\t\t\t<li>\n\t\t\t\t\t<div data-component=\"badge\" class=\"block-theme-violet:bg-purple font-soehne font-bold text-sm bg-brown-600 block-theme-violet:bg-purple text-white py-[2px] px-2\">\n\t\t\t\t\tColumn\n\t\t\t<\/div>\n\t\t\t<\/li>\n\t\t\t<\/ul>\n\t\t\t\t\t<\/div>\n\n\t\t\t<\/div>\n<\/div>\n\t\t\t\t\t\t\t\t\t\n<div data-component=\"teaser-post-small\" class=\"block-theme-violet lg:hidden relative flex h-full bg-sand-300\n\tblock-theme-violet:bg-white block-theme-violet:text-purple block-theme-mocha:bg-sand-500 block-theme-mocha:text-brown\n\tblock-theme-sand:bg-sand-300 block-theme-sand:text-neutral-900\n\tblock-theme-violet:outline-purple-100 block-theme-violet:outline-1 block-theme-violet:outline-t-0\n\ttheme-mocha:bg-white! theme-violet:bg-white! theme-sand:bg-white!\n\tflex-row gap-4 @md:gap-8 p-4 @md:p-6\">\n\t\t\t<div class=\"image:w-full image:aspect-square image:object-cover shrink-0 size-17.5 @sm:size-21.25 @md:size-30 @lg:size-40\">\n\t\t\t<img loading=\"lazy\" decoding=\"async\" width=\"460\" height=\"307\" src=\"https:\/\/www.erasmusmagazine.nl\/en\/wp-content\/uploads\/sites\/8\/Laila-Kozarki_foto2_columnist_jan2026_Geisje-van-der-Linden.jpg?image-crop-positioner-ts=1769522817\" class=\"attachment-square_lg size-square_lg\" alt=\"\" srcset=\"https:\/\/www.erasmusmagazine.nl\/en\/wp-content\/uploads\/sites\/8\/Laila-Kozarki_foto2_columnist_jan2026_Geisje-van-der-Linden.jpg?image-crop-positioner-ts=1769522817 2560w, https:\/\/www.erasmusmagazine.nl\/en\/wp-content\/uploads\/sites\/8\/Laila-Kozarki_foto2_columnist_jan2026_Geisje-van-der-Linden-875x583.jpg?image-crop-positioner-ts=1769522817 875w, https:\/\/www.erasmusmagazine.nl\/en\/wp-content\/uploads\/sites\/8\/Laila-Kozarki_foto2_columnist_jan2026_Geisje-van-der-Linden-1600x1067.jpg?image-crop-positioner-ts=1769522817 1600w, https:\/\/www.erasmusmagazine.nl\/en\/wp-content\/uploads\/sites\/8\/Laila-Kozarki_foto2_columnist_jan2026_Geisje-van-der-Linden-300x200.jpg?image-crop-positioner-ts=1769522817 300w, https:\/\/www.erasmusmagazine.nl\/en\/wp-content\/uploads\/sites\/8\/Laila-Kozarki_foto2_columnist_jan2026_Geisje-van-der-Linden-1280x854.jpg?image-crop-positioner-ts=1769522817 1280w, https:\/\/www.erasmusmagazine.nl\/en\/wp-content\/uploads\/sites\/8\/Laila-Kozarki_foto2_columnist_jan2026_Geisje-van-der-Linden-1536x1024.jpg?image-crop-positioner-ts=1769522817 1536w, https:\/\/www.erasmusmagazine.nl\/en\/wp-content\/uploads\/sites\/8\/Laila-Kozarki_foto2_columnist_jan2026_Geisje-van-der-Linden-2048x1366.jpg?image-crop-positioner-ts=1769522817 2048w\" sizes=\"auto, (max-width: 460px) 100vw, 460px\" \/>\n\t\t<\/div>\n\t\n\t<div class=\"flex flex-col gap-2 md:gap-4 \">\n\t\t\t\t<h3 class=\"text-md @lg:text-lg\">\n\t\t\t<a href=\"https:\/\/www.erasmusmagazine.nl\/en\/2026\/04\/29\/wachten-op-de-warmte\/\" class=\"absolute-link text-current hocus:underline inline-block\">\n\t\t\t\tWaiting for the warmth\n\t\t\t<\/a>\n\t\t<\/h3>\n\n\t\t<div class=\"flex flex-wrap gap-4 items-center\">\n\t\t\t<span class=\"sr-only\">Gepubliceerd op:<\/span>\n\t\t\t<time class=\"text-sm font-soehne text-neutral-900\" datetime=\"2026-04-29\">29 April 2026<\/time>\n\n\t\t\t\t\t\t\t\t\t\t\t\n\t<ul data-component=\"list-badges\" class=\"flex items-center gap-2 flex-wrap\" aria-label=\"Geplaatst in categorie\">\n\t\t\t\t\t<li>\n\t\t\t\t\t<div data-component=\"badge\" class=\"block-theme-violet:bg-purple font-soehne font-bold text-sm bg-brown-600 block-theme-violet:bg-purple text-white py-[2px] px-2\">\n\t\t\t\t\tColumn\n\t\t\t<\/div>\n\t\t\t<\/li>\n\t\t\t<\/ul>\n\t\t\t\t\t<\/div>\n\n\t\t\t<\/div>\n<\/div>\n\t\t\t\t\t\t\t<\/li>\n\t\t\n\t\t\t\t\t\t\n\t\t\t\n\t\t\t<li class=\"@container\">\n\t\t\t\t\n<div data-component=\"teaser-post\" class=\"block-theme-sand hidden lg:flex h-full relative flex bg-sand-300\n\tblock-theme-violet:bg-white block-theme-violet:text-purple block-theme-mocha:bg-sand-500 block-theme-mocha:text-brown\n\tblock-theme-sand:bg-sand-300 block-theme-sand:text-neutral-900\n\tblock-theme-violet:outline-purple-100 block-theme-violet:outline-1 block-theme-violet:outline-t-0\n\tflex-col @xl:flex-row\">\n\t\t\t<div class=\"relative image:w-full image:aspect-video image:object-cover shrink-0 w-full @xl:w-1\/2\">\n\t\t\t<img loading=\"lazy\" decoding=\"async\" width=\"1280\" height=\"608\" src=\"https:\/\/www.erasmusmagazine.nl\/en\/wp-content\/uploads\/sites\/8\/2023\/05\/15154050\/Stock-illustratie-wetenschap-wetenschappers-onderzoek-science_Bart-Huijser-e1683895370391.jpg?image-crop-positioner-ts=1766139328\" class=\"attachment-video_xl size-video_xl\" alt=\"\" srcset=\"https:\/\/www.erasmusmagazine.nl\/en\/wp-content\/uploads\/sites\/8\/2023\/05\/15154050\/Stock-illustratie-wetenschap-wetenschappers-onderzoek-science_Bart-Huijser-e1683895370391.jpg?image-crop-positioner-ts=1766139328 2388w, https:\/\/www.erasmusmagazine.nl\/en\/wp-content\/uploads\/sites\/8\/2023\/05\/15154050\/Stock-illustratie-wetenschap-wetenschappers-onderzoek-science_Bart-Huijser-e1683895370391-875x416.jpg?image-crop-positioner-ts=1766139328 875w, https:\/\/www.erasmusmagazine.nl\/en\/wp-content\/uploads\/sites\/8\/2023\/05\/15154050\/Stock-illustratie-wetenschap-wetenschappers-onderzoek-science_Bart-Huijser-e1683895370391-1600x760.jpg?image-crop-positioner-ts=1766139328 1600w, https:\/\/www.erasmusmagazine.nl\/en\/wp-content\/uploads\/sites\/8\/2023\/05\/15154050\/Stock-illustratie-wetenschap-wetenschappers-onderzoek-science_Bart-Huijser-e1683895370391-300x142.jpg?image-crop-positioner-ts=1766139328 300w, https:\/\/www.erasmusmagazine.nl\/en\/wp-content\/uploads\/sites\/8\/2023\/05\/15154050\/Stock-illustratie-wetenschap-wetenschappers-onderzoek-science_Bart-Huijser-e1683895370391-1280x608.jpg?image-crop-positioner-ts=1766139328 1280w, https:\/\/www.erasmusmagazine.nl\/en\/wp-content\/uploads\/sites\/8\/2023\/05\/15154050\/Stock-illustratie-wetenschap-wetenschappers-onderzoek-science_Bart-Huijser-e1683895370391-1536x729.jpg?image-crop-positioner-ts=1766139328 1536w, https:\/\/www.erasmusmagazine.nl\/en\/wp-content\/uploads\/sites\/8\/2023\/05\/15154050\/Stock-illustratie-wetenschap-wetenschappers-onderzoek-science_Bart-Huijser-e1683895370391-2048x973.jpg?image-crop-positioner-ts=1766139328 2048w, https:\/\/www.erasmusmagazine.nl\/en\/wp-content\/uploads\/sites\/8\/2023\/05\/15154050\/Stock-illustratie-wetenschap-wetenschappers-onderzoek-science_Bart-Huijser-e1683895370391-150x71.jpg?image-crop-positioner-ts=1766139328 150w, https:\/\/www.erasmusmagazine.nl\/en\/wp-content\/uploads\/sites\/8\/2023\/05\/15154050\/Stock-illustratie-wetenschap-wetenschappers-onderzoek-science_Bart-Huijser-e1683895370391-225x107.jpg?image-crop-positioner-ts=1766139328 225w\" sizes=\"auto, (max-width: 1280px) 100vw, 1280px\" \/>\n\n\t\t\t\t\t<\/div>\n\t\n\t<div class=\"flex flex-col gap-2 md:gap-4 p-4 @md:p-8 @xl:p-8 \">\n\n\t\t\t\t<h3 class=\"text-md @sm:text-xl @md:text-2xl @xl:text-2xl\">\n\t\t\t<a href=\"https:\/\/www.erasmusmagazine.nl\/en\/2026\/04\/29\/israel-krijgt-steeds-minder-europees-onderzoeksgeld\/\" class=\"absolute-link text-current underline-offset-2 decoration-2 hocus:underline @md:decoration-3 @xl:decoration-4 inline-block\">\n\t\t\t\tIsrael receives less and less European research funding\n\t\t\t<\/a>\n\t\t<\/h3>\n\n\t\t<div class=\"flex flex-wrap gap-4 items-center\">\n\t\t\t<span class=\"sr-only\">Gepubliceerd op:<\/span>\n\t\t\t<time class=\"text-sm font-soehne text-neutral-900\" datetime=\"2026-04-29\">29 April 2026<\/time>\n\n\t\t\t\t\t\t\t\t\t\t\t\n\t<ul data-component=\"list-badges\" class=\"flex items-center gap-2 flex-wrap\" aria-label=\"Geplaatst in categorie\">\n\t\t\t\t\t<li>\n\t\t\t\t\t<div data-component=\"badge\" class=\"block-theme-violet:bg-purple font-soehne font-bold text-sm bg-brown-600 block-theme-violet:bg-purple text-white py-[2px] px-2\">\n\t\t\t\t\tScience\n\t\t\t<\/div>\n\t\t\t<\/li>\n\t\t\t<\/ul>\n\t\t\t\t\t<\/div>\n\n\t\t\t<\/div>\n<\/div>\n\t\t\t\t\t\t\t\t\t\n<div data-component=\"teaser-post-small\" class=\"block-theme-sand lg:hidden relative flex h-full bg-sand-300\n\tblock-theme-violet:bg-white block-theme-violet:text-purple block-theme-mocha:bg-sand-500 block-theme-mocha:text-brown\n\tblock-theme-sand:bg-sand-300 block-theme-sand:text-neutral-900\n\tblock-theme-violet:outline-purple-100 block-theme-violet:outline-1 block-theme-violet:outline-t-0\n\ttheme-mocha:bg-white! theme-violet:bg-white! theme-sand:bg-white!\n\tflex-row gap-4 @md:gap-8 p-4 @md:p-6\">\n\t\t\t<div class=\"image:w-full image:aspect-square image:object-cover shrink-0 size-17.5 @sm:size-21.25 @md:size-30 @lg:size-40\">\n\t\t\t<img loading=\"lazy\" decoding=\"async\" width=\"460\" height=\"218\" src=\"https:\/\/www.erasmusmagazine.nl\/en\/wp-content\/uploads\/sites\/8\/2023\/05\/15154050\/Stock-illustratie-wetenschap-wetenschappers-onderzoek-science_Bart-Huijser-e1683895370391.jpg?image-crop-positioner-ts=1766139328\" class=\"attachment-square_lg size-square_lg\" alt=\"\" srcset=\"https:\/\/www.erasmusmagazine.nl\/en\/wp-content\/uploads\/sites\/8\/2023\/05\/15154050\/Stock-illustratie-wetenschap-wetenschappers-onderzoek-science_Bart-Huijser-e1683895370391.jpg?image-crop-positioner-ts=1766139328 2388w, https:\/\/www.erasmusmagazine.nl\/en\/wp-content\/uploads\/sites\/8\/2023\/05\/15154050\/Stock-illustratie-wetenschap-wetenschappers-onderzoek-science_Bart-Huijser-e1683895370391-875x416.jpg?image-crop-positioner-ts=1766139328 875w, https:\/\/www.erasmusmagazine.nl\/en\/wp-content\/uploads\/sites\/8\/2023\/05\/15154050\/Stock-illustratie-wetenschap-wetenschappers-onderzoek-science_Bart-Huijser-e1683895370391-1600x760.jpg?image-crop-positioner-ts=1766139328 1600w, https:\/\/www.erasmusmagazine.nl\/en\/wp-content\/uploads\/sites\/8\/2023\/05\/15154050\/Stock-illustratie-wetenschap-wetenschappers-onderzoek-science_Bart-Huijser-e1683895370391-300x142.jpg?image-crop-positioner-ts=1766139328 300w, https:\/\/www.erasmusmagazine.nl\/en\/wp-content\/uploads\/sites\/8\/2023\/05\/15154050\/Stock-illustratie-wetenschap-wetenschappers-onderzoek-science_Bart-Huijser-e1683895370391-1280x608.jpg?image-crop-positioner-ts=1766139328 1280w, https:\/\/www.erasmusmagazine.nl\/en\/wp-content\/uploads\/sites\/8\/2023\/05\/15154050\/Stock-illustratie-wetenschap-wetenschappers-onderzoek-science_Bart-Huijser-e1683895370391-1536x729.jpg?image-crop-positioner-ts=1766139328 1536w, https:\/\/www.erasmusmagazine.nl\/en\/wp-content\/uploads\/sites\/8\/2023\/05\/15154050\/Stock-illustratie-wetenschap-wetenschappers-onderzoek-science_Bart-Huijser-e1683895370391-2048x973.jpg?image-crop-positioner-ts=1766139328 2048w, https:\/\/www.erasmusmagazine.nl\/en\/wp-content\/uploads\/sites\/8\/2023\/05\/15154050\/Stock-illustratie-wetenschap-wetenschappers-onderzoek-science_Bart-Huijser-e1683895370391-150x71.jpg?image-crop-positioner-ts=1766139328 150w, https:\/\/www.erasmusmagazine.nl\/en\/wp-content\/uploads\/sites\/8\/2023\/05\/15154050\/Stock-illustratie-wetenschap-wetenschappers-onderzoek-science_Bart-Huijser-e1683895370391-225x107.jpg?image-crop-positioner-ts=1766139328 225w\" sizes=\"auto, (max-width: 460px) 100vw, 460px\" \/>\n\t\t<\/div>\n\t\n\t<div class=\"flex flex-col gap-2 md:gap-4 \">\n\t\t\t\t<h3 class=\"text-md @lg:text-lg\">\n\t\t\t<a href=\"https:\/\/www.erasmusmagazine.nl\/en\/2026\/04\/29\/israel-krijgt-steeds-minder-europees-onderzoeksgeld\/\" class=\"absolute-link text-current hocus:underline inline-block\">\n\t\t\t\tIsrael receives less and less European research funding\n\t\t\t<\/a>\n\t\t<\/h3>\n\n\t\t<div class=\"flex flex-wrap gap-4 items-center\">\n\t\t\t<span class=\"sr-only\">Gepubliceerd op:<\/span>\n\t\t\t<time class=\"text-sm font-soehne text-neutral-900\" datetime=\"2026-04-29\">29 April 2026<\/time>\n\n\t\t\t\t\t\t\t\t\t\t\t\n\t<ul data-component=\"list-badges\" class=\"flex items-center gap-2 flex-wrap\" aria-label=\"Geplaatst in categorie\">\n\t\t\t\t\t<li>\n\t\t\t\t\t<div data-component=\"badge\" class=\"block-theme-violet:bg-purple font-soehne font-bold text-sm bg-brown-600 block-theme-violet:bg-purple text-white py-[2px] px-2\">\n\t\t\t\t\tScience\n\t\t\t<\/div>\n\t\t\t<\/li>\n\t\t\t<\/ul>\n\t\t\t\t\t<\/div>\n\n\t\t\t<\/div>\n<\/div>\n\t\t\t\t\t\t\t<\/li>\n\t\t\t<\/ul>\n\n\t\t\t\t\t\t\t\t\t<div class=\"text-right text-brown-600\">\n\t\t\t\t\t\t\n\n\n\n<a\n\tdata-variant=\"outline\"\n\tdata-size=\"default\"\n\tclass=\"group inline-flex justify-center items-center gap-2 cursor-pointer text-md font-soehne underline-offset-2 decoration-2 px-4 min-h-[3.75rem] border-2 border-current bg-transparent text-current font-bold hocus:underline w-full lg:w-auto\"\n\n\t\n\t\t\thref=\"\"\n\t\n\t\n\t\n\t\n\t\n\t\n\t\n\t\n\t\n\t\n\t\n\t\n\t>\n\t\n\t\t\t\t\t<span data-button-text class=\"\">\n\t\t\tAll articles\n\n\t\t\t\t\t<\/span>\n\t\n\t\t\t\t\t\t<span class=\" flex items-center justify-center w-[1em] h-[1em] icon  \" aria-hidden=\"true\">\n\t\t\t<svg aria-hidden=\"true\" width=\"20\" height=\"17\" viewBox=\"0 0 20 17\" fill=\"none\" xmlns=\"http:\/\/www.w3.org\/2000\/svg\">\n<path d=\"M18.25 7.5C18.8023 7.5 19.25 7.94772 19.25 8.5C19.25 9.05228 18.8023 9.5 18.25 9.5H1.75C1.19772 9.5 0.75 9.05228 0.75 8.5C0.75 7.94772 1.19772 7.5 1.75 7.5H18.25Z\" fill=\"currentColor\"\/>\n<path d=\"M10.793 1.04295C11.1835 0.65243 11.8165 0.65243 12.207 1.04295L18.957 7.79295C19.3476 8.18348 19.3476 8.81649 18.957 9.20702L12.207 15.957C11.8165 16.3475 11.1835 16.3475 10.793 15.957C10.4024 15.5665 10.4024 14.9335 10.793 14.543L16.8359 8.49999L10.793 2.45702C10.4024 2.06649 10.4024 1.43348 10.793 1.04295Z\" fill=\"currentColor\"\/>\n<\/svg>\n\n\t\t<\/span>\n\n\t\t\t\n\t<\/a>\n\t\t\t\t\t<\/div>\n\t\t\t\t\t\t\t<\/div>\n\t\t<\/div>\n\t<\/div>\n","protected":false},"excerpt":{"rendered":"<p>Through his research, Marc Verboord quantifies the impact of culture. At a conference in Slovenia, he attended a book presentation by V\u00e1clav \u0160t\u0115tka and Sabina Mihelj on their book\u00a0The Illiberal Public Sphere. It made him realise how subversive conservative cultural values can be for science, media, and politics. At the end of last year, Verboord [&hellip;]<\/p>\n","protected":false},"author":303,"featured_media":174845,"comment_status":"open","ping_status":"open","sticky":false,"template":"","format":"standard","meta":{"_acf_changed":false,"_trash_the_other_posts":false,"editor_notices":[],"footnotes":""},"categories":[21568],"em_content_type":[24779],"class_list":["post-174843","post","type-post","status-publish","format-standard","has-post-thumbnail","hentry","category-page-turners","em_content_type-rubriek"],"acf":[],"yoast_head":"<!-- This site is optimized with the Yoast SEO plugin v27.3 - https:\/\/yoast.com\/product\/yoast-seo-wordpress\/ -->\n<title>Culture is measurably valuable, says Marc Verboord<\/title>\n<meta name=\"description\" content=\"Through his research, Marc Verboord quantifies the impact of culture. At a conference in Slovenia, he attended a book presentation by V\u00e1clav \u0160t\u0115tka and Sabina Mihelj on their book The Illiberal Public Sphere. It made him realise how subversive conservative cultural values can be for science, media, and politics.\" \/>\n<meta name=\"robots\" content=\"index, follow, max-snippet:-1, max-image-preview:large, max-video-preview:-1\" \/>\n<link rel=\"canonical\" href=\"https:\/\/www.erasmusmagazine.nl\/en\/2025\/01\/15\/culture-is-measurably-valuable-says-marc-verboord\/\" \/>\n<meta property=\"og:locale\" content=\"en_GB\" \/>\n<meta property=\"og:type\" content=\"article\" \/>\n<meta property=\"og:title\" content=\"Culture is measurably valuable, says Marc Verboord\" \/>\n<meta property=\"og:description\" content=\"Through his research, Marc Verboord quantifies the impact of culture. At a conference in Slovenia, he attended a book presentation by V\u00e1clav \u0160t\u0115tka and Sabina Mihelj on their book The Illiberal Public Sphere. It made him realise how subversive conservative cultural values can be for science, media, and politics.\" \/>\n<meta property=\"og:url\" content=\"https:\/\/www.erasmusmagazine.nl\/en\/2025\/01\/15\/culture-is-measurably-valuable-says-marc-verboord\/\" \/>\n<meta property=\"og:site_name\" content=\"Erasmus Magazine\" \/>\n<meta property=\"article:publisher\" content=\"https:\/\/www.facebook.com\/ErasmusMagazineInternational\/\" \/>\n<meta property=\"article:published_time\" content=\"2025-01-15T15:03:20+00:00\" \/>\n<meta property=\"article:modified_time\" content=\"2025-12-19T10:27:39+00:00\" \/>\n<meta property=\"og:image\" content=\"https:\/\/www.erasmusmagazine.nl\/wp-content\/uploads\/sites\/8\/2025\/01\/15151914\/Marc-Verboord_Verslonden-dec2024_Leroy-Verbeet-2.jpg?image-crop-positioner-ts=1766139408\" \/>\n\t<meta property=\"og:image:width\" content=\"1280\" \/>\n\t<meta property=\"og:image:height\" content=\"859\" \/>\n\t<meta property=\"og:image:type\" content=\"image\/jpeg\" \/>\n<meta name=\"author\" content=\"Maartje Braam\" \/>\n<meta name=\"twitter:card\" content=\"summary_large_image\" \/>\n<meta name=\"twitter:creator\" content=\"@erasmusmag\" \/>\n<meta name=\"twitter:site\" content=\"@erasmusmag\" \/>\n<meta name=\"twitter:label1\" content=\"Estimated reading time\" \/>\n\t<meta name=\"twitter:data1\" content=\"5 minutes\" \/>\n\t<meta name=\"twitter:label2\" content=\"Written by\" \/>\n\t<meta name=\"twitter:data2\" content=\"Maartje Braam\" \/>\n<script type=\"application\/ld+json\" class=\"yoast-schema-graph\">{\"@context\":\"https:\\\/\\\/schema.org\",\"@graph\":[{\"@type\":\"Article\",\"@id\":\"https:\\\/\\\/www.erasmusmagazine.nl\\\/en\\\/2025\\\/01\\\/15\\\/culture-is-measurably-valuable-says-marc-verboord\\\/#article\",\"isPartOf\":{\"@id\":\"https:\\\/\\\/www.erasmusmagazine.nl\\\/en\\\/2025\\\/01\\\/15\\\/culture-is-measurably-valuable-says-marc-verboord\\\/\"},\"author\":\"Maartje Braam\",\"headline\":\"Culture is measurably valuable, says Marc Verboord\",\"datePublished\":\"2025-01-15T15:03:20+00:00\",\"dateModified\":\"2025-12-19T10:27:39+00:00\",\"mainEntityOfPage\":{\"@id\":\"https:\\\/\\\/www.erasmusmagazine.nl\\\/en\\\/2025\\\/01\\\/15\\\/culture-is-measurably-valuable-says-marc-verboord\\\/\"},\"wordCount\":682,\"commentCount\":0,\"image\":{\"@id\":\"https:\\\/\\\/www.erasmusmagazine.nl\\\/en\\\/2025\\\/01\\\/15\\\/culture-is-measurably-valuable-says-marc-verboord\\\/#primaryimage\"},\"thumbnailUrl\":\"https:\\\/\\\/www.erasmusmagazine.nl\\\/en\\\/wp-content\\\/uploads\\\/sites\\\/8\\\/2025\\\/01\\\/15151914\\\/Marc-Verboord_Verslonden-dec2024_Leroy-Verbeet-2.jpg?image-crop-positioner-ts=1766139408\",\"keywords\":[\"Cultural values\",\"culture\",\"Marc Verboord\",\"reading\"],\"articleSection\":[\"Page-turners\"],\"inLanguage\":\"en-GB\",\"potentialAction\":[{\"@type\":\"CommentAction\",\"name\":\"Comment\",\"target\":[\"https:\\\/\\\/www.erasmusmagazine.nl\\\/en\\\/2025\\\/01\\\/15\\\/culture-is-measurably-valuable-says-marc-verboord\\\/#respond\"]}]},{\"@type\":\"WebPage\",\"@id\":\"https:\\\/\\\/www.erasmusmagazine.nl\\\/en\\\/2025\\\/01\\\/15\\\/culture-is-measurably-valuable-says-marc-verboord\\\/\",\"url\":\"https:\\\/\\\/www.erasmusmagazine.nl\\\/en\\\/2025\\\/01\\\/15\\\/culture-is-measurably-valuable-says-marc-verboord\\\/\",\"name\":\"Culture is measurably valuable, says Marc Verboord\",\"isPartOf\":{\"@id\":\"https:\\\/\\\/www.erasmusmagazine.nl\\\/en\\\/#website\"},\"primaryImageOfPage\":{\"@id\":\"https:\\\/\\\/www.erasmusmagazine.nl\\\/en\\\/2025\\\/01\\\/15\\\/culture-is-measurably-valuable-says-marc-verboord\\\/#primaryimage\"},\"image\":{\"@id\":\"https:\\\/\\\/www.erasmusmagazine.nl\\\/en\\\/2025\\\/01\\\/15\\\/culture-is-measurably-valuable-says-marc-verboord\\\/#primaryimage\"},\"thumbnailUrl\":\"https:\\\/\\\/www.erasmusmagazine.nl\\\/en\\\/wp-content\\\/uploads\\\/sites\\\/8\\\/2025\\\/01\\\/15151914\\\/Marc-Verboord_Verslonden-dec2024_Leroy-Verbeet-2.jpg?image-crop-positioner-ts=1766139408\",\"datePublished\":\"2025-01-15T15:03:20+00:00\",\"dateModified\":\"2025-12-19T10:27:39+00:00\",\"author\":\"Maartje Braam\",\"description\":\"Through his research, Marc Verboord quantifies the impact of culture. At a conference in Slovenia, he attended a book presentation by V\u00e1clav \u0160t\u0115tka and Sabina Mihelj on their book The Illiberal Public Sphere. It made him realise how subversive conservative cultural values can be for science, media, and politics.\",\"breadcrumb\":{\"@id\":\"https:\\\/\\\/www.erasmusmagazine.nl\\\/en\\\/2025\\\/01\\\/15\\\/culture-is-measurably-valuable-says-marc-verboord\\\/#breadcrumb\"},\"inLanguage\":\"en-GB\",\"potentialAction\":[{\"@type\":\"ReadAction\",\"target\":[\"https:\\\/\\\/www.erasmusmagazine.nl\\\/en\\\/2025\\\/01\\\/15\\\/culture-is-measurably-valuable-says-marc-verboord\\\/\"]}]},{\"@type\":\"ImageObject\",\"inLanguage\":\"en-GB\",\"@id\":\"https:\\\/\\\/www.erasmusmagazine.nl\\\/en\\\/2025\\\/01\\\/15\\\/culture-is-measurably-valuable-says-marc-verboord\\\/#primaryimage\",\"url\":\"https:\\\/\\\/www.erasmusmagazine.nl\\\/en\\\/wp-content\\\/uploads\\\/sites\\\/8\\\/2025\\\/01\\\/15151914\\\/Marc-Verboord_Verslonden-dec2024_Leroy-Verbeet-2.jpg?image-crop-positioner-ts=1766139408\",\"contentUrl\":\"https:\\\/\\\/www.erasmusmagazine.nl\\\/en\\\/wp-content\\\/uploads\\\/sites\\\/8\\\/2025\\\/01\\\/15151914\\\/Marc-Verboord_Verslonden-dec2024_Leroy-Verbeet-2.jpg?image-crop-positioner-ts=1766139408\",\"width\":1280,\"height\":859},{\"@type\":\"BreadcrumbList\",\"@id\":\"https:\\\/\\\/www.erasmusmagazine.nl\\\/en\\\/2025\\\/01\\\/15\\\/culture-is-measurably-valuable-says-marc-verboord\\\/#breadcrumb\",\"itemListElement\":[{\"@type\":\"ListItem\",\"position\":1,\"name\":\"Home\",\"item\":\"https:\\\/\\\/www.erasmusmagazine.nl\\\/en\\\/\"},{\"@type\":\"ListItem\",\"position\":2,\"name\":\"Culture is measurably valuable, says Marc Verboord\"}]},{\"@type\":\"WebSite\",\"@id\":\"https:\\\/\\\/www.erasmusmagazine.nl\\\/en\\\/#website\",\"url\":\"https:\\\/\\\/www.erasmusmagazine.nl\\\/en\\\/\",\"name\":\"Erasmus Magazine\",\"description\":\"Independent news platform of Erasmus University Rotterdam\",\"potentialAction\":[{\"@type\":\"SearchAction\",\"target\":{\"@type\":\"EntryPoint\",\"urlTemplate\":\"https:\\\/\\\/www.erasmusmagazine.nl\\\/en\\\/?s={search_term_string}\"},\"query-input\":{\"@type\":\"PropertyValueSpecification\",\"valueRequired\":true,\"valueName\":\"search_term_string\"}}],\"inLanguage\":\"en-GB\"},{\"@type\":\"Person\",\"name\":\"Maartje Braam\",\"id\":\"https:\\\/\\\/www.erasmusmagazine.nl\\\/en\\\/persons\\\/maartje-braam\\\/\",\"url\":\"https:\\\/\\\/www.erasmusmagazine.nl\\\/en\\\/persons\\\/maartje-braam\\\/\",\"image\":{\"@type\":\"ImageObject\",\"inLanguage\":\"en-GB\",\"@id\":\"https:\\\/\\\/www.erasmusmagazine.nl\\\/en\\\/wp-content\\\/uploads\\\/sites\\\/8\\\/maartje-braam.jpg\",\"url\":\"https:\\\/\\\/www.erasmusmagazine.nl\\\/en\\\/wp-content\\\/uploads\\\/sites\\\/8\\\/maartje-braam.jpg\",\"contentUrl\":\"https:\\\/\\\/www.erasmusmagazine.nl\\\/en\\\/wp-content\\\/uploads\\\/sites\\\/8\\\/maartje-braam.jpg\",\"caption\":\"Maartje Braam\"}}]}<\/script>\n<!-- \/ Yoast SEO plugin. -->","yoast_head_json":{"title":"Culture is measurably valuable, says Marc Verboord","description":"Through his research, Marc Verboord quantifies the impact of culture. At a conference in Slovenia, he attended a book presentation by V\u00e1clav \u0160t\u0115tka and Sabina Mihelj on their book The Illiberal Public Sphere. It made him realise how subversive conservative cultural values can be for science, media, and politics.","robots":{"index":"index","follow":"follow","max-snippet":"max-snippet:-1","max-image-preview":"max-image-preview:large","max-video-preview":"max-video-preview:-1"},"canonical":"https:\/\/www.erasmusmagazine.nl\/en\/2025\/01\/15\/culture-is-measurably-valuable-says-marc-verboord\/","og_locale":"en_GB","og_type":"article","og_title":"Culture is measurably valuable, says Marc Verboord","og_description":"Through his research, Marc Verboord quantifies the impact of culture. At a conference in Slovenia, he attended a book presentation by V\u00e1clav \u0160t\u0115tka and Sabina Mihelj on their book The Illiberal Public Sphere. It made him realise how subversive conservative cultural values can be for science, media, and politics.","og_url":"https:\/\/www.erasmusmagazine.nl\/en\/2025\/01\/15\/culture-is-measurably-valuable-says-marc-verboord\/","og_site_name":"Erasmus Magazine","article_publisher":"https:\/\/www.facebook.com\/ErasmusMagazineInternational\/","article_published_time":"2025-01-15T15:03:20+00:00","article_modified_time":"2025-12-19T10:27:39+00:00","og_image":[{"width":1280,"height":859,"url":"https:\/\/www.erasmusmagazine.nl\/wp-content\/uploads\/sites\/8\/2025\/01\/15151914\/Marc-Verboord_Verslonden-dec2024_Leroy-Verbeet-2.jpg?image-crop-positioner-ts=1766139408","type":"image\/jpeg"}],"author":"Maartje Braam","twitter_card":"summary_large_image","twitter_creator":"@erasmusmag","twitter_site":"@erasmusmag","twitter_misc":{"Estimated reading time":"5 minutes","Written by":"Maartje Braam"},"schema":{"@context":"https:\/\/schema.org","@graph":[{"@type":"Article","@id":"https:\/\/www.erasmusmagazine.nl\/en\/2025\/01\/15\/culture-is-measurably-valuable-says-marc-verboord\/#article","isPartOf":{"@id":"https:\/\/www.erasmusmagazine.nl\/en\/2025\/01\/15\/culture-is-measurably-valuable-says-marc-verboord\/"},"author":"Maartje Braam","headline":"Culture is measurably valuable, says Marc Verboord","datePublished":"2025-01-15T15:03:20+00:00","dateModified":"2025-12-19T10:27:39+00:00","mainEntityOfPage":{"@id":"https:\/\/www.erasmusmagazine.nl\/en\/2025\/01\/15\/culture-is-measurably-valuable-says-marc-verboord\/"},"wordCount":682,"commentCount":0,"image":{"@id":"https:\/\/www.erasmusmagazine.nl\/en\/2025\/01\/15\/culture-is-measurably-valuable-says-marc-verboord\/#primaryimage"},"thumbnailUrl":"https:\/\/www.erasmusmagazine.nl\/en\/wp-content\/uploads\/sites\/8\/2025\/01\/15151914\/Marc-Verboord_Verslonden-dec2024_Leroy-Verbeet-2.jpg?image-crop-positioner-ts=1766139408","keywords":["Cultural values","culture","Marc Verboord","reading"],"articleSection":["Page-turners"],"inLanguage":"en-GB","potentialAction":[{"@type":"CommentAction","name":"Comment","target":["https:\/\/www.erasmusmagazine.nl\/en\/2025\/01\/15\/culture-is-measurably-valuable-says-marc-verboord\/#respond"]}]},{"@type":"WebPage","@id":"https:\/\/www.erasmusmagazine.nl\/en\/2025\/01\/15\/culture-is-measurably-valuable-says-marc-verboord\/","url":"https:\/\/www.erasmusmagazine.nl\/en\/2025\/01\/15\/culture-is-measurably-valuable-says-marc-verboord\/","name":"Culture is measurably valuable, says Marc Verboord","isPartOf":{"@id":"https:\/\/www.erasmusmagazine.nl\/en\/#website"},"primaryImageOfPage":{"@id":"https:\/\/www.erasmusmagazine.nl\/en\/2025\/01\/15\/culture-is-measurably-valuable-says-marc-verboord\/#primaryimage"},"image":{"@id":"https:\/\/www.erasmusmagazine.nl\/en\/2025\/01\/15\/culture-is-measurably-valuable-says-marc-verboord\/#primaryimage"},"thumbnailUrl":"https:\/\/www.erasmusmagazine.nl\/en\/wp-content\/uploads\/sites\/8\/2025\/01\/15151914\/Marc-Verboord_Verslonden-dec2024_Leroy-Verbeet-2.jpg?image-crop-positioner-ts=1766139408","datePublished":"2025-01-15T15:03:20+00:00","dateModified":"2025-12-19T10:27:39+00:00","author":"Maartje Braam","description":"Through his research, Marc Verboord quantifies the impact of culture. At a conference in Slovenia, he attended a book presentation by V\u00e1clav \u0160t\u0115tka and Sabina Mihelj on their book The Illiberal Public Sphere. It made him realise how subversive conservative cultural values can be for science, media, and politics.","breadcrumb":{"@id":"https:\/\/www.erasmusmagazine.nl\/en\/2025\/01\/15\/culture-is-measurably-valuable-says-marc-verboord\/#breadcrumb"},"inLanguage":"en-GB","potentialAction":[{"@type":"ReadAction","target":["https:\/\/www.erasmusmagazine.nl\/en\/2025\/01\/15\/culture-is-measurably-valuable-says-marc-verboord\/"]}]},{"@type":"ImageObject","inLanguage":"en-GB","@id":"https:\/\/www.erasmusmagazine.nl\/en\/2025\/01\/15\/culture-is-measurably-valuable-says-marc-verboord\/#primaryimage","url":"https:\/\/www.erasmusmagazine.nl\/en\/wp-content\/uploads\/sites\/8\/2025\/01\/15151914\/Marc-Verboord_Verslonden-dec2024_Leroy-Verbeet-2.jpg?image-crop-positioner-ts=1766139408","contentUrl":"https:\/\/www.erasmusmagazine.nl\/en\/wp-content\/uploads\/sites\/8\/2025\/01\/15151914\/Marc-Verboord_Verslonden-dec2024_Leroy-Verbeet-2.jpg?image-crop-positioner-ts=1766139408","width":1280,"height":859},{"@type":"BreadcrumbList","@id":"https:\/\/www.erasmusmagazine.nl\/en\/2025\/01\/15\/culture-is-measurably-valuable-says-marc-verboord\/#breadcrumb","itemListElement":[{"@type":"ListItem","position":1,"name":"Home","item":"https:\/\/www.erasmusmagazine.nl\/en\/"},{"@type":"ListItem","position":2,"name":"Culture is measurably valuable, says Marc Verboord"}]},{"@type":"WebSite","@id":"https:\/\/www.erasmusmagazine.nl\/en\/#website","url":"https:\/\/www.erasmusmagazine.nl\/en\/","name":"Erasmus Magazine","description":"Independent news platform of Erasmus University Rotterdam","potentialAction":[{"@type":"SearchAction","target":{"@type":"EntryPoint","urlTemplate":"https:\/\/www.erasmusmagazine.nl\/en\/?s={search_term_string}"},"query-input":{"@type":"PropertyValueSpecification","valueRequired":true,"valueName":"search_term_string"}}],"inLanguage":"en-GB"},{"@type":"Person","name":"Maartje Braam","id":"https:\/\/www.erasmusmagazine.nl\/en\/persons\/maartje-braam\/","url":"https:\/\/www.erasmusmagazine.nl\/en\/persons\/maartje-braam\/","image":{"@type":"ImageObject","inLanguage":"en-GB","@id":"https:\/\/www.erasmusmagazine.nl\/en\/wp-content\/uploads\/sites\/8\/maartje-braam.jpg","url":"https:\/\/www.erasmusmagazine.nl\/en\/wp-content\/uploads\/sites\/8\/maartje-braam.jpg","contentUrl":"https:\/\/www.erasmusmagazine.nl\/en\/wp-content\/uploads\/sites\/8\/maartje-braam.jpg","caption":"Maartje Braam"}}]}},"_links":{"self":[{"href":"https:\/\/www.erasmusmagazine.nl\/en\/wp-json\/wp\/v2\/posts\/174843","targetHints":{"allow":["GET"]}}],"collection":[{"href":"https:\/\/www.erasmusmagazine.nl\/en\/wp-json\/wp\/v2\/posts"}],"about":[{"href":"https:\/\/www.erasmusmagazine.nl\/en\/wp-json\/wp\/v2\/types\/post"}],"author":[{"embeddable":true,"href":"https:\/\/www.erasmusmagazine.nl\/en\/wp-json\/wp\/v2\/users\/303"}],"replies":[{"embeddable":true,"href":"https:\/\/www.erasmusmagazine.nl\/en\/wp-json\/wp\/v2\/comments?post=174843"}],"version-history":[{"count":1,"href":"https:\/\/www.erasmusmagazine.nl\/en\/wp-json\/wp\/v2\/posts\/174843\/revisions"}],"predecessor-version":[{"id":194163,"href":"https:\/\/www.erasmusmagazine.nl\/en\/wp-json\/wp\/v2\/posts\/174843\/revisions\/194163"}],"wp:featuredmedia":[{"embeddable":true,"href":"https:\/\/www.erasmusmagazine.nl\/en\/wp-json\/wp\/v2\/media\/174845"}],"wp:attachment":[{"href":"https:\/\/www.erasmusmagazine.nl\/en\/wp-json\/wp\/v2\/media?parent=174843"}],"wp:term":[{"taxonomy":"category","embeddable":true,"href":"https:\/\/www.erasmusmagazine.nl\/en\/wp-json\/wp\/v2\/categories?post=174843"},{"taxonomy":"em_content_type","embeddable":true,"href":"https:\/\/www.erasmusmagazine.nl\/en\/wp-json\/wp\/v2\/em_content_type?post=174843"}],"curies":[{"name":"wp","href":"https:\/\/api.w.org\/{rel}","templated":true}]}}