{"id":173885,"date":"2024-11-28T10:23:51","date_gmt":"2024-11-28T09:23:51","guid":{"rendered":"https:\/\/www.erasmusmagazine.nl\/en\/?p=173885"},"modified":"2025-12-19T11:27:37","modified_gmt":"2025-12-19T10:27:37","slug":"all-rise-for-academics","status":"publish","type":"post","link":"https:\/\/www.erasmusmagazine.nl\/en\/2024\/11\/28\/all-rise-for-academics\/","title":{"rendered":"All rise (for) academics"},"content":{"rendered":"<p>I grew up in a communist, socialist country \u2013 Yugoslavia. What I remember from my early school days, besides being inpatient with starting school as soon as possible, and the uniforms we all had to wear, is that once a teacher entered the classroom, we all had to stand up. The implicit message behind this custom was clear: show the ultimate respect for the <em>omniscient <\/em>authority with infinite knowledge that&#8217;s entering the room.<\/p>\n<figure class=\"wp-block-image size-large is-resized\"><img loading=\"lazy\" decoding=\"async\" width=\"1600\" height=\"933\" src=\"https:\/\/www.erasmusmagazine.nl\/en\/wp-content\/uploads\/sites\/8\/2024\/11\/18171606\/Irena-Boskovic-column_3_Willemse-Wiersema-1600x933.jpg?image-crop-positioner-ts=1766139402\" alt=\"\" class=\"wp-image-173487\" srcset=\"https:\/\/www.erasmusmagazine.nl\/en\/wp-content\/uploads\/sites\/8\/2024\/11\/18171606\/Irena-Boskovic-column_3_Willemse-Wiersema-1600x933.jpg?image-crop-positioner-ts=1766139402 1600w, https:\/\/www.erasmusmagazine.nl\/en\/wp-content\/uploads\/sites\/8\/2024\/11\/18171606\/Irena-Boskovic-column_3_Willemse-Wiersema-875x510.jpg?image-crop-positioner-ts=1766139402 875w, https:\/\/www.erasmusmagazine.nl\/en\/wp-content\/uploads\/sites\/8\/2024\/11\/18171606\/Irena-Boskovic-column_3_Willemse-Wiersema-300x175.jpg?image-crop-positioner-ts=1766139402 300w, https:\/\/www.erasmusmagazine.nl\/en\/wp-content\/uploads\/sites\/8\/2024\/11\/18171606\/Irena-Boskovic-column_3_Willemse-Wiersema-1280x746.jpg?image-crop-positioner-ts=1766139402 1280w, https:\/\/www.erasmusmagazine.nl\/en\/wp-content\/uploads\/sites\/8\/2024\/11\/18171606\/Irena-Boskovic-column_3_Willemse-Wiersema-1536x895.jpg?image-crop-positioner-ts=1766139402 1536w, https:\/\/www.erasmusmagazine.nl\/en\/wp-content\/uploads\/sites\/8\/2024\/11\/18171606\/Irena-Boskovic-column_3_Willemse-Wiersema-2048x1194.jpg?image-crop-positioner-ts=1766139402 2048w, https:\/\/www.erasmusmagazine.nl\/en\/wp-content\/uploads\/sites\/8\/2024\/11\/18171606\/Irena-Boskovic-column_3_Willemse-Wiersema-150x87.jpg?image-crop-positioner-ts=1766139402 150w, https:\/\/www.erasmusmagazine.nl\/en\/wp-content\/uploads\/sites\/8\/2024\/11\/18171606\/Irena-Boskovic-column_3_Willemse-Wiersema-225x131.jpg?image-crop-positioner-ts=1766139402 225w\" sizes=\"auto, (max-width: 1600px) 100vw, 1600px\" \/><figcaption class=\"wp-element-caption\"><p data-component=\"image-credits\" class=\"flex flex-wrap gap-2 items-center text-base\">\n\t<span aria-hidden=\"true\"><svg width=\"24\" height=\"24\" viewBox=\"0 0 24 24\" fill=\"none\" xmlns=\"http:\/\/www.w3.org\/2000\/svg\">\n<path d=\"M19.5 5.25H16.9012L15.6234 3.33375C15.555 3.23114 15.4623 3.147 15.3535 3.08879C15.2448 3.03057 15.1233 3.00007 15 3H9C8.87665 3.00007 8.75522 3.03057 8.64648 3.08879C8.53773 3.147 8.44502 3.23114 8.37656 3.33375L7.09781 5.25H4.5C3.90326 5.25 3.33097 5.48705 2.90901 5.90901C2.48705 6.33097 2.25 6.90326 2.25 7.5V18C2.25 18.5967 2.48705 19.169 2.90901 19.591C3.33097 20.0129 3.90326 20.25 4.5 20.25H19.5C20.0967 20.25 20.669 20.0129 21.091 19.591C21.5129 19.169 21.75 18.5967 21.75 18V7.5C21.75 6.90326 21.5129 6.33097 21.091 5.90901C20.669 5.48705 20.0967 5.25 19.5 5.25ZM15.375 12.375C15.375 13.0425 15.1771 13.695 14.8062 14.25C14.4354 14.8051 13.9083 15.2376 13.2916 15.4931C12.6749 15.7485 11.9963 15.8154 11.3416 15.6852C10.6869 15.5549 10.0855 15.2335 9.61351 14.7615C9.14151 14.2895 8.82007 13.6881 8.68985 13.0334C8.55962 12.3787 8.62646 11.7001 8.88191 11.0834C9.13735 10.4667 9.56993 9.93964 10.125 9.56879C10.68 9.19794 11.3325 9 12 9C12.8951 9 13.7535 9.35558 14.3865 9.98851C15.0194 10.6214 15.375 11.4799 15.375 12.375Z\" fill=\"currentColor\"\/>\n<\/svg>\n<\/span>\n\t<span class=\"sr-only\">Image by:<\/span>\n\n\t\t\t<span>\n\t\t\t\t\t\t\t<a href=\"https:\/\/www.erasmusmagazine.nl\/en\/persons\/levien-willemse\/\" class=\"underline hocus:no-underline decoration-1 underline-offset-2\">Levien Willemse<\/a>, \t\t\t\t\t<\/span>\n\t\t\t<span>\n\t\t\t\t\t\t\t<a href=\"https:\/\/www.erasmusmagazine.nl\/en\/persons\/pauline-wiersema\/\" class=\"underline hocus:no-underline decoration-1 underline-offset-2\">Pauline Wiersema<\/a>\t\t\t\t\t<\/span>\n\t<\/p>\n<\/figcaption><\/figure><p>Well, just as Yugoslavia disappeared in the meantime, so did that custom. But did this message ever truly disappear, regardless of the knee work involved in its expression?<\/p>\n<p>I know my experience is completely different from that of EUR students, which is why I\u2019m often envious of my students. Yet, I\u2019m becoming more aware that the omniscience expectation might still be present in the classroom. And it\u2019s not just the students; I think we teachers have deeply internalised that belief, and I don\u2019t think this belief benefits either side.<\/p>\n<p>Despite the greater freedom in teacher-student interaction, I still recognise that neither my students nor I are as free in our interactions as I would like us to be. For instance, students often justify their lack of interaction by explaining that they don\u2019t want to ask stupid questions. To be bluntly honest, as I usually am, I firmly stand by the belief that stupid questions <em>do<\/em> exist. But I\u2019m even more convinced that they must be, and as often as possible, part of the context specifically designed for them \u2013 education. Maybe the real world is not an optimal environment for stupid questions, but the classroom definitely is and should be.<\/p>\n<p>Yet, what my students don\u2019t know is that on the other side of this interaction is a person often terrified by the possibility of not having all the answers. You see, the pressure behind the omniscient authority idea is pressing on us too, creating unrealistic expectations for ourselves. We as teachers have our own paths of education, different experiences, and our expertise usually lies in a specific area of work. Still, we are often referred to as some kind of overgeneralised role model, which can be a heavy burden.<\/p>\n<p>We should not feel forced to prolong the illusion of being know-it-alls, but rather be kind in sharing what we know and be equally brave in sharing what they we don\u2019t know (yet)! At the end of the day, the most important thing about education is getting the DIY tools, as education should last far longer than studying \u2013 it should last as long as we do.<\/p>\n<p>In the current political situation the government seeks to sideline us, assuming we will quietly endure such blatant disrespect. As long as we as a community hold unrealistic expectations for ourselves, we will sell ourselves short, always feeling undeserving. Others, with agendas different from ours, may think they can abuse that self-critical attitude and make disrespectful decisions in our name.<\/p>\n<p>But we \u2013 while not only far smarter than we sometimes think we are, but not as omniscient as we expect ourselves to be \u2013 are definitely one of the main pillars of any successful society, actively building all other relevant parts of its foundation. And that right there deserves respect from both ourselves and one another. When we stand up for each other, politicians will have to catch up.<\/p>\n\t<div data-name=\"acf\/featured-text\" class=\"md:mt-6 p-4 md:p-6 lg:p-8 bg-sand-300 theme-sand:bg-white theme-violet:bg-white theme-mocha:bg-white wysiwyg *:last:mb-0!\" >\n\t\t<p>Irena Bo\u0161kovi\u0107 is assistant professor of Forensic and Legal Psychology.<\/p>\n\n\t<\/div>\n\n\t<div data-name=\"acf\/posts-list\" >\n\t\t\n\t\t<div class=\"space-y-6 md:space-y-8\">\n\n\t\t\t\t\t\t\t<h2 class=\"text-lg md:text-xl\">Read more<\/h2>\n\t\t\t\n\t\t\t<ul class=\"grid items-strecth grid-cols-1 gap-2 md:gap-4 lg:gap-8\">\n\t\t\t\t\t\t\t\t\t\t\t\t\t\t\n\t\t\t\t\t<li class=\"@container\">\n\t\t\t\t\t\t\n<div data-component=\"teaser-post-small\" class=\"block-theme-violet  relative flex h-full bg-sand-300\n\tblock-theme-violet:bg-white block-theme-violet:text-purple block-theme-mocha:bg-sand-500 block-theme-mocha:text-brown\n\tblock-theme-sand:bg-sand-300 block-theme-sand:text-neutral-900\n\tblock-theme-violet:outline-purple-100 block-theme-violet:outline-1 block-theme-violet:outline-t-0\n\ttheme-mocha:bg-white! theme-violet:bg-white! theme-sand:bg-white!\n\tflex-row gap-4 @md:gap-8 p-4 @md:p-6\">\n\t\t\t<div class=\"image:w-full image:aspect-square image:object-cover shrink-0 size-17.5 @sm:size-21.25 @md:size-30 @lg:size-40\">\n\t\t\t<img loading=\"lazy\" decoding=\"async\" width=\"460\" height=\"268\" src=\"https:\/\/www.erasmusmagazine.nl\/en\/wp-content\/uploads\/sites\/8\/2024\/10\/30120707\/Irena-Boskovic-columnist-1-foto-Levien-Willemse-illustratie-Pauline-Wiersema.jpg?image-crop-positioner-ts=1766139399\" class=\"attachment-square_lg size-square_lg\" alt=\"\" srcset=\"https:\/\/www.erasmusmagazine.nl\/en\/wp-content\/uploads\/sites\/8\/2024\/10\/30120707\/Irena-Boskovic-columnist-1-foto-Levien-Willemse-illustratie-Pauline-Wiersema.jpg?image-crop-positioner-ts=1766139399 2000w, https:\/\/www.erasmusmagazine.nl\/en\/wp-content\/uploads\/sites\/8\/2024\/10\/30120707\/Irena-Boskovic-columnist-1-foto-Levien-Willemse-illustratie-Pauline-Wiersema-875x510.jpg?image-crop-positioner-ts=1766139399 875w, https:\/\/www.erasmusmagazine.nl\/en\/wp-content\/uploads\/sites\/8\/2024\/10\/30120707\/Irena-Boskovic-columnist-1-foto-Levien-Willemse-illustratie-Pauline-Wiersema-1600x933.jpg?image-crop-positioner-ts=1766139399 1600w, https:\/\/www.erasmusmagazine.nl\/en\/wp-content\/uploads\/sites\/8\/2024\/10\/30120707\/Irena-Boskovic-columnist-1-foto-Levien-Willemse-illustratie-Pauline-Wiersema-300x175.jpg?image-crop-positioner-ts=1766139399 300w, https:\/\/www.erasmusmagazine.nl\/en\/wp-content\/uploads\/sites\/8\/2024\/10\/30120707\/Irena-Boskovic-columnist-1-foto-Levien-Willemse-illustratie-Pauline-Wiersema-1280x746.jpg?image-crop-positioner-ts=1766139399 1280w, https:\/\/www.erasmusmagazine.nl\/en\/wp-content\/uploads\/sites\/8\/2024\/10\/30120707\/Irena-Boskovic-columnist-1-foto-Levien-Willemse-illustratie-Pauline-Wiersema-1536x895.jpg?image-crop-positioner-ts=1766139399 1536w, https:\/\/www.erasmusmagazine.nl\/en\/wp-content\/uploads\/sites\/8\/2024\/10\/30120707\/Irena-Boskovic-columnist-1-foto-Levien-Willemse-illustratie-Pauline-Wiersema-150x87.jpg?image-crop-positioner-ts=1766139399 150w, https:\/\/www.erasmusmagazine.nl\/en\/wp-content\/uploads\/sites\/8\/2024\/10\/30120707\/Irena-Boskovic-columnist-1-foto-Levien-Willemse-illustratie-Pauline-Wiersema-225x131.jpg?image-crop-positioner-ts=1766139399 225w\" sizes=\"auto, (max-width: 460px) 100vw, 460px\" \/>\n\t\t<\/div>\n\t\n\t<div class=\"flex flex-col gap-2 md:gap-4 \">\n\t\t\t\t<h3 class=\"text-md @lg:text-lg\">\n\t\t\t<a href=\"https:\/\/www.erasmusmagazine.nl\/en\/2024\/10\/31\/no-rights-reserved-why-academics-allow-their-knowledge-to-be-exploited\/\" class=\"absolute-link text-current hocus:underline inline-block\">\n\t\t\t\tNo rights reserved: why academics allow their knowledge to be  exploited\n\t\t\t<\/a>\n\t\t<\/h3>\n\n\t\t<div class=\"flex flex-wrap gap-4 items-center\">\n\t\t\t<span class=\"sr-only\">Gepubliceerd op:<\/span>\n\t\t\t<time class=\"text-sm font-soehne text-neutral-900\" datetime=\"2024-10-31\">31 October 2024<\/time>\n\n\t\t\t\t\t\t\t\t\t\t\t\n\t<ul data-component=\"list-badges\" class=\"flex items-center gap-2 flex-wrap\" aria-label=\"Geplaatst in categorie\">\n\t\t\t\t\t<li>\n\t\t\t\t\t<div data-component=\"badge\" class=\"block-theme-violet:bg-purple font-soehne font-bold text-sm bg-brown-600 block-theme-violet:bg-purple text-white py-[2px] px-2\">\n\t\t\t\t\tColumn\n\t\t\t<\/div>\n\t\t\t<\/li>\n\t\t\t<\/ul>\n\t\t\t\t\t<\/div>\n\n\t\t\t<\/div>\n<\/div>\n\t\t\t\t\t<\/li>\n\t\t\t\t\t\t\t<\/ul>\n\n\t\t\t\t\t<\/div>\n\t<\/div>\n\n\t<div data-name=\"acf\/persons\" class=\"mt-6 md:mt-8 lg:mt-10\" >\n\t\t\t\t\t<h2 class=\"sr-only\">De redactie<\/h2>\n\t\t\n\t\t<div class=\"space-y-6\">\n\n\t\t\t\n\t\t\t<ul class=\"grid grid-cols-1 md:grid-cols-2 gap-4 md:gap-8 md:items-center\">\n\t\t\t\t\t\t\t\t\t\t\t\t\t\t<li>\n\t\t\t\t\t\t<div data-component=\"teaser-person\" class=\"relative flex gap-4 items-center md:gap-8\">\n\n\t\t\t<span class=\"image:rounded-full image:size-20 image:aspect-square image:object-cover md:image:size-36 shrink-0\">\n\t\t\t<img loading=\"lazy\" decoding=\"async\" width=\"457\" height=\"457\" src=\"https:\/\/www.erasmusmagazine.nl\/en\/wp-content\/uploads\/sites\/8\/2024\/11\/05162324\/Irena_Boskovic_Levien-Willemse.jpg?image-crop-positioner-ts=1766139399\" class=\"attachment-large size-large\" alt=\"\" srcset=\"https:\/\/www.erasmusmagazine.nl\/en\/wp-content\/uploads\/sites\/8\/2024\/11\/05162324\/Irena_Boskovic_Levien-Willemse.jpg?image-crop-positioner-ts=1766139399 457w, https:\/\/www.erasmusmagazine.nl\/en\/wp-content\/uploads\/sites\/8\/2024\/11\/05162324\/Irena_Boskovic_Levien-Willemse-300x300.jpg?image-crop-positioner-ts=1766139399 300w, https:\/\/www.erasmusmagazine.nl\/en\/wp-content\/uploads\/sites\/8\/2024\/11\/05162324\/Irena_Boskovic_Levien-Willemse-150x150.jpg?image-crop-positioner-ts=1766139399 150w, https:\/\/www.erasmusmagazine.nl\/en\/wp-content\/uploads\/sites\/8\/2024\/11\/05162324\/Irena_Boskovic_Levien-Willemse-100x100.jpg?image-crop-positioner-ts=1766139399 100w, https:\/\/www.erasmusmagazine.nl\/en\/wp-content\/uploads\/sites\/8\/2024\/11\/05162324\/Irena_Boskovic_Levien-Willemse-225x225.jpg?image-crop-positioner-ts=1766139399 225w\" sizes=\"auto, (max-width: 457px) 100vw, 457px\" \/>\n\t\t<\/span>\n\t\n\t<div>\n\t\t<a href=\"https:\/\/www.erasmusmagazine.nl\/en\/persons\/irena-boskovic\/\" class=\"absolute-link font-tiempos-headline underline hocus:no-underline decoration-1 underline-offset-2 text-lg text-current\">Irena Bo\u0161kovi\u0107<\/a>\n\n\t\t\t<\/div>\n<\/div>\n\t\t\t\t\t<\/li>\n\t\t\t\t\t\t\t<\/ul>\n\t\t<\/div>\n\t<\/div>\n\n\t<div data-name=\"acf\/posts\" class=\"alignfull py-6 md:py-8 lg:py-10 bg-white\" >\n\t\t<div class=\"container-fixed\">\n\n\t\t\t\n\t\t\t<div class=\"space-y-6 md:space-y-8\">\n\n\t\t\t\t\t\t\t\t\t<h2 class=\"text-xl md:text-2xl\">Latest news<\/h2>\n\t\t\t\t\n\t\t\t\t\t\n\t<ul data-component=\"post-grid\" class=\"grid items-stretch grid-cols-1 gap-2 md:gap-4 lg:gap-8 text-zoom-lg:grid-cols-1\n\t\t\n\t\tlg:grid-cols-3\n\t\t\">\n\n\t\t\n\t\t\t\t\t\t\n\t\t\t\n\t\t\t<li class=\"@container\">\n\t\t\t\t\n<div data-component=\"teaser-post\" class=\"block-theme-sand hidden lg:flex h-full relative flex bg-sand-300\n\tblock-theme-violet:bg-white block-theme-violet:text-purple block-theme-mocha:bg-sand-500 block-theme-mocha:text-brown\n\tblock-theme-sand:bg-sand-300 block-theme-sand:text-neutral-900\n\tblock-theme-violet:outline-purple-100 block-theme-violet:outline-1 block-theme-violet:outline-t-0\n\tflex-col @xl:flex-row\">\n\t\t\t<div class=\"relative image:w-full image:aspect-video image:object-cover shrink-0 w-full @xl:w-1\/2\">\n\t\t\t<img loading=\"lazy\" decoding=\"async\" width=\"1280\" height=\"720\" src=\"https:\/\/www.erasmusmagazine.nl\/en\/wp-content\/uploads\/sites\/8\/rianne-letschert_persfoto_2026__martijn-beekman-1280x720.jpg?image-crop-positioner-ts=1776934694\" class=\"attachment-video_xl size-video_xl\" alt=\"\" srcset=\"https:\/\/www.erasmusmagazine.nl\/en\/wp-content\/uploads\/sites\/8\/rianne-letschert_persfoto_2026__martijn-beekman-1280x720.jpg?image-crop-positioner-ts=1776934694 1280w, https:\/\/www.erasmusmagazine.nl\/en\/wp-content\/uploads\/sites\/8\/rianne-letschert_persfoto_2026__martijn-beekman-500x282.jpg?image-crop-positioner-ts=1776934694 500w, https:\/\/www.erasmusmagazine.nl\/en\/wp-content\/uploads\/sites\/8\/rianne-letschert_persfoto_2026__martijn-beekman-832x468.jpg?image-crop-positioner-ts=1776934694 832w\" sizes=\"auto, (max-width: 1280px) 100vw, 1280px\" \/>\n\n\t\t\t\t\t<\/div>\n\t\n\t<div class=\"flex flex-col gap-2 md:gap-4 p-4 @md:p-8 @xl:p-8 \">\n\n\t\t\t\t<h3 class=\"text-md @sm:text-xl @md:text-2xl @xl:text-2xl\">\n\t\t\t<a href=\"https:\/\/www.erasmusmagazine.nl\/en\/2026\/04\/24\/letschert-honderden-miljoenen-erbij-voor-hoger-onderwijs\/\" class=\"absolute-link text-current underline-offset-2 decoration-2 hocus:underline @md:decoration-3 @xl:decoration-4 inline-block\">\n\t\t\t\tLetschert: hundreds of millions more for higher education\n\t\t\t<\/a>\n\t\t<\/h3>\n\n\t\t<div class=\"flex flex-wrap gap-4 items-center\">\n\t\t\t<span class=\"sr-only\">Gepubliceerd op:<\/span>\n\t\t\t<time class=\"text-sm font-soehne text-neutral-900\" datetime=\"2026-04-24\">24 April 2026<\/time>\n\n\t\t\t\t\t\t\t\t\t\t\t\n\t<ul data-component=\"list-badges\" class=\"flex items-center gap-2 flex-wrap\" aria-label=\"Geplaatst in categorie\">\n\t\t\t\t\t<li>\n\t\t\t\t\t<div data-component=\"badge\" class=\"block-theme-violet:bg-purple font-soehne font-bold text-sm bg-brown-600 block-theme-violet:bg-purple text-white py-[2px] px-2\">\n\t\t\t\t\tNieuws\n\t\t\t<\/div>\n\t\t\t<\/li>\n\t\t\t<\/ul>\n\t\t\t\t\t<\/div>\n\n\t\t\t<\/div>\n<\/div>\n\t\t\t\t\t\t\t\t\t\n<div data-component=\"teaser-post-small\" class=\"block-theme-sand lg:hidden relative flex h-full bg-sand-300\n\tblock-theme-violet:bg-white block-theme-violet:text-purple block-theme-mocha:bg-sand-500 block-theme-mocha:text-brown\n\tblock-theme-sand:bg-sand-300 block-theme-sand:text-neutral-900\n\tblock-theme-violet:outline-purple-100 block-theme-violet:outline-1 block-theme-violet:outline-t-0\n\ttheme-mocha:bg-white! theme-violet:bg-white! theme-sand:bg-white!\n\tflex-row gap-4 @md:gap-8 p-4 @md:p-6\">\n\t\t\t<div class=\"image:w-full image:aspect-square image:object-cover shrink-0 size-17.5 @sm:size-21.25 @md:size-30 @lg:size-40\">\n\t\t\t<img loading=\"lazy\" decoding=\"async\" width=\"460\" height=\"460\" src=\"https:\/\/www.erasmusmagazine.nl\/en\/wp-content\/uploads\/sites\/8\/rianne-letschert_persfoto_2026__martijn-beekman-460x460.jpg?image-crop-positioner-ts=1776934694\" class=\"attachment-square_lg size-square_lg\" alt=\"\" srcset=\"https:\/\/www.erasmusmagazine.nl\/en\/wp-content\/uploads\/sites\/8\/rianne-letschert_persfoto_2026__martijn-beekman-460x460.jpg?image-crop-positioner-ts=1776934694 460w, https:\/\/www.erasmusmagazine.nl\/en\/wp-content\/uploads\/sites\/8\/rianne-letschert_persfoto_2026__martijn-beekman-115x115.jpg?image-crop-positioner-ts=1776934694 115w, https:\/\/www.erasmusmagazine.nl\/en\/wp-content\/uploads\/sites\/8\/rianne-letschert_persfoto_2026__martijn-beekman-230x230.jpg?image-crop-positioner-ts=1776934694 230w\" sizes=\"auto, (max-width: 460px) 100vw, 460px\" \/>\n\t\t<\/div>\n\t\n\t<div class=\"flex flex-col gap-2 md:gap-4 \">\n\t\t\t\t<h3 class=\"text-md @lg:text-lg\">\n\t\t\t<a href=\"https:\/\/www.erasmusmagazine.nl\/en\/2026\/04\/24\/letschert-honderden-miljoenen-erbij-voor-hoger-onderwijs\/\" class=\"absolute-link text-current hocus:underline inline-block\">\n\t\t\t\tLetschert: hundreds of millions more for higher education\n\t\t\t<\/a>\n\t\t<\/h3>\n\n\t\t<div class=\"flex flex-wrap gap-4 items-center\">\n\t\t\t<span class=\"sr-only\">Gepubliceerd op:<\/span>\n\t\t\t<time class=\"text-sm font-soehne text-neutral-900\" datetime=\"2026-04-24\">24 April 2026<\/time>\n\n\t\t\t\t\t\t\t\t\t\t\t\n\t<ul data-component=\"list-badges\" class=\"flex items-center gap-2 flex-wrap\" aria-label=\"Geplaatst in categorie\">\n\t\t\t\t\t<li>\n\t\t\t\t\t<div data-component=\"badge\" class=\"block-theme-violet:bg-purple font-soehne font-bold text-sm bg-brown-600 block-theme-violet:bg-purple text-white py-[2px] px-2\">\n\t\t\t\t\tNieuws\n\t\t\t<\/div>\n\t\t\t<\/li>\n\t\t\t<\/ul>\n\t\t\t\t\t<\/div>\n\n\t\t\t<\/div>\n<\/div>\n\t\t\t\t\t\t\t<\/li>\n\t\t\n\t\t\t\t\t\t\n\t\t\t\n\t\t\t<li class=\"@container\">\n\t\t\t\t\n<div data-component=\"teaser-post\" class=\"block-theme-sand hidden lg:flex h-full relative flex bg-sand-300\n\tblock-theme-violet:bg-white block-theme-violet:text-purple block-theme-mocha:bg-sand-500 block-theme-mocha:text-brown\n\tblock-theme-sand:bg-sand-300 block-theme-sand:text-neutral-900\n\tblock-theme-violet:outline-purple-100 block-theme-violet:outline-1 block-theme-violet:outline-t-0\n\tflex-col @xl:flex-row\">\n\t\t\t<div class=\"relative image:w-full image:aspect-video image:object-cover shrink-0 w-full @xl:w-1\/2\">\n\t\t\t<img loading=\"lazy\" decoding=\"async\" width=\"1079\" height=\"720\" src=\"https:\/\/www.erasmusmagazine.nl\/en\/wp-content\/uploads\/sites\/8\/2024\/11\/07103456\/collegezaal-master-open-dag-2023-foto-EUR.jpg?image-crop-positioner-ts=1766139400\" class=\"attachment-video_xl size-video_xl\" alt=\"\" srcset=\"https:\/\/www.erasmusmagazine.nl\/en\/wp-content\/uploads\/sites\/8\/2024\/11\/07103456\/collegezaal-master-open-dag-2023-foto-EUR.jpg?image-crop-positioner-ts=1766139400 1619w, https:\/\/www.erasmusmagazine.nl\/en\/wp-content\/uploads\/sites\/8\/2024\/11\/07103456\/collegezaal-master-open-dag-2023-foto-EUR-875x584.jpg?image-crop-positioner-ts=1766139400 875w, https:\/\/www.erasmusmagazine.nl\/en\/wp-content\/uploads\/sites\/8\/2024\/11\/07103456\/collegezaal-master-open-dag-2023-foto-EUR-1600x1067.jpg?image-crop-positioner-ts=1766139400 1600w, https:\/\/www.erasmusmagazine.nl\/en\/wp-content\/uploads\/sites\/8\/2024\/11\/07103456\/collegezaal-master-open-dag-2023-foto-EUR-300x200.jpg?image-crop-positioner-ts=1766139400 300w, https:\/\/www.erasmusmagazine.nl\/en\/wp-content\/uploads\/sites\/8\/2024\/11\/07103456\/collegezaal-master-open-dag-2023-foto-EUR-1280x854.jpg?image-crop-positioner-ts=1766139400 1280w, https:\/\/www.erasmusmagazine.nl\/en\/wp-content\/uploads\/sites\/8\/2024\/11\/07103456\/collegezaal-master-open-dag-2023-foto-EUR-1536x1025.jpg?image-crop-positioner-ts=1766139400 1536w, https:\/\/www.erasmusmagazine.nl\/en\/wp-content\/uploads\/sites\/8\/2024\/11\/07103456\/collegezaal-master-open-dag-2023-foto-EUR-150x100.jpg?image-crop-positioner-ts=1766139400 150w, https:\/\/www.erasmusmagazine.nl\/en\/wp-content\/uploads\/sites\/8\/2024\/11\/07103456\/collegezaal-master-open-dag-2023-foto-EUR-225x150.jpg?image-crop-positioner-ts=1766139400 225w\" sizes=\"auto, (max-width: 1079px) 100vw, 1079px\" \/>\n\n\t\t\t\t\t<\/div>\n\t\n\t<div class=\"flex flex-col gap-2 md:gap-4 p-4 @md:p-8 @xl:p-8 \">\n\n\t\t\t\t<h3 class=\"text-md @sm:text-xl @md:text-2xl @xl:text-2xl\">\n\t\t\t<a href=\"https:\/\/www.erasmusmagazine.nl\/en\/2026\/04\/24\/erasmus-universiteit-krijgt-voorlopig-positief-advies-op-instellingstoets\/\" class=\"absolute-link text-current underline-offset-2 decoration-2 hocus:underline @md:decoration-3 @xl:decoration-4 inline-block\">\n\t\t\t\tErasmus University receives preliminary positive recommendation on institutional review\n\t\t\t<\/a>\n\t\t<\/h3>\n\n\t\t<div class=\"flex flex-wrap gap-4 items-center\">\n\t\t\t<span class=\"sr-only\">Gepubliceerd op:<\/span>\n\t\t\t<time class=\"text-sm font-soehne text-neutral-900\" datetime=\"2026-04-24\">24 April 2026<\/time>\n\n\t\t\t\t\t\t\t\t\t\t\t\n\t<ul data-component=\"list-badges\" class=\"flex items-center gap-2 flex-wrap\" aria-label=\"Geplaatst in categorie\">\n\t\t\t\t\t<li>\n\t\t\t\t\t<div data-component=\"badge\" class=\"block-theme-violet:bg-purple font-soehne font-bold text-sm bg-brown-600 block-theme-violet:bg-purple text-white py-[2px] px-2\">\n\t\t\t\t\tEducation\n\t\t\t<\/div>\n\t\t\t<\/li>\n\t\t\t<\/ul>\n\t\t\t\t\t<\/div>\n\n\t\t\t<\/div>\n<\/div>\n\t\t\t\t\t\t\t\t\t\n<div data-component=\"teaser-post-small\" class=\"block-theme-sand lg:hidden relative flex h-full bg-sand-300\n\tblock-theme-violet:bg-white block-theme-violet:text-purple block-theme-mocha:bg-sand-500 block-theme-mocha:text-brown\n\tblock-theme-sand:bg-sand-300 block-theme-sand:text-neutral-900\n\tblock-theme-violet:outline-purple-100 block-theme-violet:outline-1 block-theme-violet:outline-t-0\n\ttheme-mocha:bg-white! theme-violet:bg-white! theme-sand:bg-white!\n\tflex-row gap-4 @md:gap-8 p-4 @md:p-6\">\n\t\t\t<div class=\"image:w-full image:aspect-square image:object-cover shrink-0 size-17.5 @sm:size-21.25 @md:size-30 @lg:size-40\">\n\t\t\t<img loading=\"lazy\" decoding=\"async\" width=\"460\" height=\"307\" src=\"https:\/\/www.erasmusmagazine.nl\/en\/wp-content\/uploads\/sites\/8\/2024\/11\/07103456\/collegezaal-master-open-dag-2023-foto-EUR.jpg?image-crop-positioner-ts=1766139400\" class=\"attachment-square_lg size-square_lg\" alt=\"\" srcset=\"https:\/\/www.erasmusmagazine.nl\/en\/wp-content\/uploads\/sites\/8\/2024\/11\/07103456\/collegezaal-master-open-dag-2023-foto-EUR.jpg?image-crop-positioner-ts=1766139400 1619w, https:\/\/www.erasmusmagazine.nl\/en\/wp-content\/uploads\/sites\/8\/2024\/11\/07103456\/collegezaal-master-open-dag-2023-foto-EUR-875x584.jpg?image-crop-positioner-ts=1766139400 875w, https:\/\/www.erasmusmagazine.nl\/en\/wp-content\/uploads\/sites\/8\/2024\/11\/07103456\/collegezaal-master-open-dag-2023-foto-EUR-1600x1067.jpg?image-crop-positioner-ts=1766139400 1600w, https:\/\/www.erasmusmagazine.nl\/en\/wp-content\/uploads\/sites\/8\/2024\/11\/07103456\/collegezaal-master-open-dag-2023-foto-EUR-300x200.jpg?image-crop-positioner-ts=1766139400 300w, https:\/\/www.erasmusmagazine.nl\/en\/wp-content\/uploads\/sites\/8\/2024\/11\/07103456\/collegezaal-master-open-dag-2023-foto-EUR-1280x854.jpg?image-crop-positioner-ts=1766139400 1280w, https:\/\/www.erasmusmagazine.nl\/en\/wp-content\/uploads\/sites\/8\/2024\/11\/07103456\/collegezaal-master-open-dag-2023-foto-EUR-1536x1025.jpg?image-crop-positioner-ts=1766139400 1536w, https:\/\/www.erasmusmagazine.nl\/en\/wp-content\/uploads\/sites\/8\/2024\/11\/07103456\/collegezaal-master-open-dag-2023-foto-EUR-150x100.jpg?image-crop-positioner-ts=1766139400 150w, https:\/\/www.erasmusmagazine.nl\/en\/wp-content\/uploads\/sites\/8\/2024\/11\/07103456\/collegezaal-master-open-dag-2023-foto-EUR-225x150.jpg?image-crop-positioner-ts=1766139400 225w\" sizes=\"auto, (max-width: 460px) 100vw, 460px\" \/>\n\t\t<\/div>\n\t\n\t<div class=\"flex flex-col gap-2 md:gap-4 \">\n\t\t\t\t<h3 class=\"text-md @lg:text-lg\">\n\t\t\t<a href=\"https:\/\/www.erasmusmagazine.nl\/en\/2026\/04\/24\/erasmus-universiteit-krijgt-voorlopig-positief-advies-op-instellingstoets\/\" class=\"absolute-link text-current hocus:underline inline-block\">\n\t\t\t\tErasmus University receives preliminary positive recommendation on institutional review\n\t\t\t<\/a>\n\t\t<\/h3>\n\n\t\t<div class=\"flex flex-wrap gap-4 items-center\">\n\t\t\t<span class=\"sr-only\">Gepubliceerd op:<\/span>\n\t\t\t<time class=\"text-sm font-soehne text-neutral-900\" datetime=\"2026-04-24\">24 April 2026<\/time>\n\n\t\t\t\t\t\t\t\t\t\t\t\n\t<ul data-component=\"list-badges\" class=\"flex items-center gap-2 flex-wrap\" aria-label=\"Geplaatst in categorie\">\n\t\t\t\t\t<li>\n\t\t\t\t\t<div data-component=\"badge\" class=\"block-theme-violet:bg-purple font-soehne font-bold text-sm bg-brown-600 block-theme-violet:bg-purple text-white py-[2px] px-2\">\n\t\t\t\t\tEducation\n\t\t\t<\/div>\n\t\t\t<\/li>\n\t\t\t<\/ul>\n\t\t\t\t\t<\/div>\n\n\t\t\t<\/div>\n<\/div>\n\t\t\t\t\t\t\t<\/li>\n\t\t\n\t\t\t\t\t\t\n\t\t\t\n\t\t\t<li class=\"@container\">\n\t\t\t\t\n<div data-component=\"teaser-post\" class=\"block-theme-sand hidden lg:flex h-full relative flex bg-sand-300\n\tblock-theme-violet:bg-white block-theme-violet:text-purple block-theme-mocha:bg-sand-500 block-theme-mocha:text-brown\n\tblock-theme-sand:bg-sand-300 block-theme-sand:text-neutral-900\n\tblock-theme-violet:outline-purple-100 block-theme-violet:outline-1 block-theme-violet:outline-t-0\n\tflex-col @xl:flex-row\">\n\t\t\t<div class=\"relative image:w-full image:aspect-video image:object-cover shrink-0 w-full @xl:w-1\/2\">\n\t\t\t<img loading=\"lazy\" decoding=\"async\" width=\"1280\" height=\"720\" src=\"https:\/\/www.erasmusmagazine.nl\/en\/wp-content\/uploads\/sites\/8\/server-1235959_1920-1280x720.jpg?image-crop-positioner-ts=1777012514\" class=\"attachment-video_xl size-video_xl\" alt=\"\" srcset=\"https:\/\/www.erasmusmagazine.nl\/en\/wp-content\/uploads\/sites\/8\/server-1235959_1920-1280x720.jpg?image-crop-positioner-ts=1777012514 1280w, https:\/\/www.erasmusmagazine.nl\/en\/wp-content\/uploads\/sites\/8\/server-1235959_1920-500x282.jpg?image-crop-positioner-ts=1777012514 500w, https:\/\/www.erasmusmagazine.nl\/en\/wp-content\/uploads\/sites\/8\/server-1235959_1920-832x468.jpg?image-crop-positioner-ts=1777012514 832w\" sizes=\"auto, (max-width: 1280px) 100vw, 1280px\" \/>\n\n\t\t\t\t\t<\/div>\n\t\n\t<div class=\"flex flex-col gap-2 md:gap-4 p-4 @md:p-8 @xl:p-8 \">\n\n\t\t\t\t<h3 class=\"text-md @sm:text-xl @md:text-2xl @xl:text-2xl\">\n\t\t\t<a href=\"https:\/\/www.erasmusmagazine.nl\/en\/2026\/04\/24\/aivd-blijft-waarschuwen-voor-diefstal-van-kennis\/\" class=\"absolute-link text-current underline-offset-2 decoration-2 hocus:underline @md:decoration-3 @xl:decoration-4 inline-block\">\n\t\t\t\tAIVD continues to warn about knowledge theft\n\t\t\t<\/a>\n\t\t<\/h3>\n\n\t\t<div class=\"flex flex-wrap gap-4 items-center\">\n\t\t\t<span class=\"sr-only\">Gepubliceerd op:<\/span>\n\t\t\t<time class=\"text-sm font-soehne text-neutral-900\" datetime=\"2026-04-24\">24 April 2026<\/time>\n\n\t\t\t\t\t\t\t\t\t\t\t\n\t<ul data-component=\"list-badges\" class=\"flex items-center gap-2 flex-wrap\" aria-label=\"Geplaatst in categorie\">\n\t\t\t\t\t<li>\n\t\t\t\t\t<div data-component=\"badge\" class=\"block-theme-violet:bg-purple font-soehne font-bold text-sm bg-brown-600 block-theme-violet:bg-purple text-white py-[2px] px-2\">\n\t\t\t\t\tIT\n\t\t\t<\/div>\n\t\t\t<\/li>\n\t\t\t<\/ul>\n\t\t\t\t\t<\/div>\n\n\t\t\t<\/div>\n<\/div>\n\t\t\t\t\t\t\t\t\t\n<div data-component=\"teaser-post-small\" class=\"block-theme-sand lg:hidden relative flex h-full bg-sand-300\n\tblock-theme-violet:bg-white block-theme-violet:text-purple block-theme-mocha:bg-sand-500 block-theme-mocha:text-brown\n\tblock-theme-sand:bg-sand-300 block-theme-sand:text-neutral-900\n\tblock-theme-violet:outline-purple-100 block-theme-violet:outline-1 block-theme-violet:outline-t-0\n\ttheme-mocha:bg-white! theme-violet:bg-white! theme-sand:bg-white!\n\tflex-row gap-4 @md:gap-8 p-4 @md:p-6\">\n\t\t\t<div class=\"image:w-full image:aspect-square image:object-cover shrink-0 size-17.5 @sm:size-21.25 @md:size-30 @lg:size-40\">\n\t\t\t<img loading=\"lazy\" decoding=\"async\" width=\"460\" height=\"460\" src=\"https:\/\/www.erasmusmagazine.nl\/en\/wp-content\/uploads\/sites\/8\/server-1235959_1920-460x460.jpg?image-crop-positioner-ts=1777012514\" class=\"attachment-square_lg size-square_lg\" alt=\"\" srcset=\"https:\/\/www.erasmusmagazine.nl\/en\/wp-content\/uploads\/sites\/8\/server-1235959_1920-460x460.jpg?image-crop-positioner-ts=1777012514 460w, https:\/\/www.erasmusmagazine.nl\/en\/wp-content\/uploads\/sites\/8\/server-1235959_1920-115x115.jpg?image-crop-positioner-ts=1777012514 115w, https:\/\/www.erasmusmagazine.nl\/en\/wp-content\/uploads\/sites\/8\/server-1235959_1920-230x230.jpg?image-crop-positioner-ts=1777012514 230w\" sizes=\"auto, (max-width: 460px) 100vw, 460px\" \/>\n\t\t<\/div>\n\t\n\t<div class=\"flex flex-col gap-2 md:gap-4 \">\n\t\t\t\t<h3 class=\"text-md @lg:text-lg\">\n\t\t\t<a href=\"https:\/\/www.erasmusmagazine.nl\/en\/2026\/04\/24\/aivd-blijft-waarschuwen-voor-diefstal-van-kennis\/\" class=\"absolute-link text-current hocus:underline inline-block\">\n\t\t\t\tAIVD continues to warn about knowledge theft\n\t\t\t<\/a>\n\t\t<\/h3>\n\n\t\t<div class=\"flex flex-wrap gap-4 items-center\">\n\t\t\t<span class=\"sr-only\">Gepubliceerd op:<\/span>\n\t\t\t<time class=\"text-sm font-soehne text-neutral-900\" datetime=\"2026-04-24\">24 April 2026<\/time>\n\n\t\t\t\t\t\t\t\t\t\t\t\n\t<ul data-component=\"list-badges\" class=\"flex items-center gap-2 flex-wrap\" aria-label=\"Geplaatst in categorie\">\n\t\t\t\t\t<li>\n\t\t\t\t\t<div data-component=\"badge\" class=\"block-theme-violet:bg-purple font-soehne font-bold text-sm bg-brown-600 block-theme-violet:bg-purple text-white py-[2px] px-2\">\n\t\t\t\t\tIT\n\t\t\t<\/div>\n\t\t\t<\/li>\n\t\t\t<\/ul>\n\t\t\t\t\t<\/div>\n\n\t\t\t<\/div>\n<\/div>\n\t\t\t\t\t\t\t<\/li>\n\t\t\t<\/ul>\n\n\t\t\t\t\t\t\t\t\t<div class=\"text-right text-brown-600\">\n\t\t\t\t\t\t\n\n\n\n<a\n\tdata-variant=\"outline\"\n\tdata-size=\"default\"\n\tclass=\"group inline-flex justify-center items-center gap-2 cursor-pointer text-md font-soehne underline-offset-2 decoration-2 px-4 min-h-[3.75rem] border-2 border-current bg-transparent text-current font-bold hocus:underline w-full lg:w-auto\"\n\n\t\n\t\t\thref=\"\"\n\t\n\t\n\t\n\t\n\t\n\t\n\t\n\t\n\t\n\t\n\t\n\t\n\t>\n\t\n\t\t\t\t\t<span data-button-text class=\"\">\n\t\t\tAll articles\n\n\t\t\t\t\t<\/span>\n\t\n\t\t\t\t\t\t<span class=\" flex items-center justify-center w-[1em] h-[1em] icon  \" aria-hidden=\"true\">\n\t\t\t<svg aria-hidden=\"true\" width=\"20\" height=\"17\" viewBox=\"0 0 20 17\" fill=\"none\" xmlns=\"http:\/\/www.w3.org\/2000\/svg\">\n<path d=\"M18.25 7.5C18.8023 7.5 19.25 7.94772 19.25 8.5C19.25 9.05228 18.8023 9.5 18.25 9.5H1.75C1.19772 9.5 0.75 9.05228 0.75 8.5C0.75 7.94772 1.19772 7.5 1.75 7.5H18.25Z\" fill=\"currentColor\"\/>\n<path d=\"M10.793 1.04295C11.1835 0.65243 11.8165 0.65243 12.207 1.04295L18.957 7.79295C19.3476 8.18348 19.3476 8.81649 18.957 9.20702L12.207 15.957C11.8165 16.3475 11.1835 16.3475 10.793 15.957C10.4024 15.5665 10.4024 14.9335 10.793 14.543L16.8359 8.49999L10.793 2.45702C10.4024 2.06649 10.4024 1.43348 10.793 1.04295Z\" fill=\"currentColor\"\/>\n<\/svg>\n\n\t\t<\/span>\n\n\t\t\t\n\t<\/a>\n\t\t\t\t\t<\/div>\n\t\t\t\t\t\t\t<\/div>\n\t\t<\/div>\n\t<\/div>\n","protected":false},"excerpt":{"rendered":"<p>I grew up in a communist, socialist country \u2013 Yugoslavia. What I remember from my early school days, besides being inpatient with starting school as soon as possible, and the uniforms we all had to wear, is that once a teacher entered the classroom, we all had to stand up. The implicit message behind this [&hellip;]<\/p>\n","protected":false},"author":303,"featured_media":173487,"comment_status":"open","ping_status":"open","sticky":false,"template":"","format":"standard","meta":{"_acf_changed":false,"_trash_the_other_posts":false,"editor_notices":[],"footnotes":""},"categories":[127],"em_content_type":[24781],"class_list":["post-173885","post","type-post","status-publish","format-standard","has-post-thumbnail","hentry","category-rubriek-column-en","em_content_type-opinie-en"],"acf":[],"yoast_head":"<!-- This site is optimized with the Yoast SEO plugin v27.3 - https:\/\/yoast.com\/product\/yoast-seo-wordpress\/ -->\n<title>All rise (for) academics<\/title>\n<meta name=\"description\" content=\"In her early school days, columnist Irena Bo\u0161kovi\u0107 had to stand up for the teacher as omniscient authority. While they shouldn\u2019t prolong the illusion of being know-it-alls, academics could use some of that respect in the current political situation.\" \/>\n<meta name=\"robots\" content=\"index, follow, max-snippet:-1, max-image-preview:large, max-video-preview:-1\" \/>\n<link rel=\"canonical\" href=\"https:\/\/www.erasmusmagazine.nl\/en\/2024\/11\/28\/all-rise-for-academics\/\" \/>\n<meta property=\"og:locale\" content=\"en_GB\" \/>\n<meta property=\"og:type\" content=\"article\" \/>\n<meta property=\"og:title\" content=\"All rise (for) academics\" \/>\n<meta property=\"og:description\" content=\"In her early school days, columnist Irena Bo\u0161kovi\u0107 had to stand up for the teacher as omniscient authority. While they shouldn\u2019t prolong the illusion of being know-it-alls, academics could use some of that respect in the current political situation.\" \/>\n<meta property=\"og:url\" content=\"https:\/\/www.erasmusmagazine.nl\/en\/2024\/11\/28\/all-rise-for-academics\/\" \/>\n<meta property=\"og:site_name\" content=\"Erasmus Magazine\" \/>\n<meta property=\"article:publisher\" content=\"https:\/\/www.facebook.com\/ErasmusMagazineInternational\/\" \/>\n<meta property=\"article:published_time\" content=\"2024-11-28T09:23:51+00:00\" \/>\n<meta property=\"article:modified_time\" content=\"2025-12-19T10:27:37+00:00\" \/>\n<meta property=\"og:image\" content=\"https:\/\/www.erasmusmagazine.nl\/wp-content\/uploads\/sites\/8\/2024\/11\/18171606\/Irena-Boskovic-column_3_Willemse-Wiersema.jpg?image-crop-positioner-ts=1766139402\" \/>\n\t<meta property=\"og:image:width\" content=\"2560\" \/>\n\t<meta property=\"og:image:height\" content=\"1492\" \/>\n\t<meta property=\"og:image:type\" content=\"image\/jpeg\" \/>\n<meta name=\"author\" content=\"Irena Bo\u0161kovi\u0107\" \/>\n<meta name=\"twitter:card\" content=\"summary_large_image\" \/>\n<meta name=\"twitter:creator\" content=\"@erasmusmag\" \/>\n<meta name=\"twitter:site\" content=\"@erasmusmag\" \/>\n<meta name=\"twitter:label1\" content=\"Estimated reading time\" \/>\n\t<meta name=\"twitter:data1\" content=\"4 minutes\" \/>\n\t<meta name=\"twitter:label2\" content=\"Written by\" \/>\n\t<meta name=\"twitter:data2\" content=\"Irena Bo\u0161kovi\u0107\" \/>\n<script type=\"application\/ld+json\" class=\"yoast-schema-graph\">{\"@context\":\"https:\\\/\\\/schema.org\",\"@graph\":[{\"@type\":\"Article\",\"@id\":\"https:\\\/\\\/www.erasmusmagazine.nl\\\/en\\\/2024\\\/11\\\/28\\\/all-rise-for-academics\\\/#article\",\"isPartOf\":{\"@id\":\"https:\\\/\\\/www.erasmusmagazine.nl\\\/en\\\/2024\\\/11\\\/28\\\/all-rise-for-academics\\\/\"},\"author\":\"Irena Bo\u0161kovi\u0107\",\"headline\":\"All rise (for) academics\",\"datePublished\":\"2024-11-28T09:23:51+00:00\",\"dateModified\":\"2025-12-19T10:27:37+00:00\",\"mainEntityOfPage\":{\"@id\":\"https:\\\/\\\/www.erasmusmagazine.nl\\\/en\\\/2024\\\/11\\\/28\\\/all-rise-for-academics\\\/\"},\"wordCount\":567,\"commentCount\":0,\"image\":{\"@id\":\"https:\\\/\\\/www.erasmusmagazine.nl\\\/en\\\/2024\\\/11\\\/28\\\/all-rise-for-academics\\\/#primaryimage\"},\"thumbnailUrl\":\"https:\\\/\\\/www.erasmusmagazine.nl\\\/en\\\/wp-content\\\/uploads\\\/sites\\\/8\\\/2024\\\/11\\\/18171606\\\/Irena-Boskovic-column_3_Willemse-Wiersema.jpg?image-crop-positioner-ts=1766139402\",\"keywords\":[\"academics\",\"Authority\",\"column\",\"teacher\"],\"articleSection\":[\"Column\"],\"inLanguage\":\"en-GB\",\"potentialAction\":[{\"@type\":\"CommentAction\",\"name\":\"Comment\",\"target\":[\"https:\\\/\\\/www.erasmusmagazine.nl\\\/en\\\/2024\\\/11\\\/28\\\/all-rise-for-academics\\\/#respond\"]}]},{\"@type\":\"WebPage\",\"@id\":\"https:\\\/\\\/www.erasmusmagazine.nl\\\/en\\\/2024\\\/11\\\/28\\\/all-rise-for-academics\\\/\",\"url\":\"https:\\\/\\\/www.erasmusmagazine.nl\\\/en\\\/2024\\\/11\\\/28\\\/all-rise-for-academics\\\/\",\"name\":\"All rise (for) academics\",\"isPartOf\":{\"@id\":\"https:\\\/\\\/www.erasmusmagazine.nl\\\/en\\\/#website\"},\"primaryImageOfPage\":{\"@id\":\"https:\\\/\\\/www.erasmusmagazine.nl\\\/en\\\/2024\\\/11\\\/28\\\/all-rise-for-academics\\\/#primaryimage\"},\"image\":{\"@id\":\"https:\\\/\\\/www.erasmusmagazine.nl\\\/en\\\/2024\\\/11\\\/28\\\/all-rise-for-academics\\\/#primaryimage\"},\"thumbnailUrl\":\"https:\\\/\\\/www.erasmusmagazine.nl\\\/en\\\/wp-content\\\/uploads\\\/sites\\\/8\\\/2024\\\/11\\\/18171606\\\/Irena-Boskovic-column_3_Willemse-Wiersema.jpg?image-crop-positioner-ts=1766139402\",\"datePublished\":\"2024-11-28T09:23:51+00:00\",\"dateModified\":\"2025-12-19T10:27:37+00:00\",\"author\":\"Irena Bo\u0161kovi\u0107\",\"description\":\"In her early school days, columnist Irena Bo\u0161kovi\u0107 had to stand up for the teacher as omniscient authority. While they shouldn\u2019t prolong the illusion of being know-it-alls, academics could use some of that respect in the current political situation.\",\"breadcrumb\":{\"@id\":\"https:\\\/\\\/www.erasmusmagazine.nl\\\/en\\\/2024\\\/11\\\/28\\\/all-rise-for-academics\\\/#breadcrumb\"},\"inLanguage\":\"en-GB\",\"potentialAction\":[{\"@type\":\"ReadAction\",\"target\":[\"https:\\\/\\\/www.erasmusmagazine.nl\\\/en\\\/2024\\\/11\\\/28\\\/all-rise-for-academics\\\/\"]}]},{\"@type\":\"ImageObject\",\"inLanguage\":\"en-GB\",\"@id\":\"https:\\\/\\\/www.erasmusmagazine.nl\\\/en\\\/2024\\\/11\\\/28\\\/all-rise-for-academics\\\/#primaryimage\",\"url\":\"https:\\\/\\\/www.erasmusmagazine.nl\\\/en\\\/wp-content\\\/uploads\\\/sites\\\/8\\\/2024\\\/11\\\/18171606\\\/Irena-Boskovic-column_3_Willemse-Wiersema.jpg?image-crop-positioner-ts=1766139402\",\"contentUrl\":\"https:\\\/\\\/www.erasmusmagazine.nl\\\/en\\\/wp-content\\\/uploads\\\/sites\\\/8\\\/2024\\\/11\\\/18171606\\\/Irena-Boskovic-column_3_Willemse-Wiersema.jpg?image-crop-positioner-ts=1766139402\",\"width\":2560,\"height\":1492},{\"@type\":\"BreadcrumbList\",\"@id\":\"https:\\\/\\\/www.erasmusmagazine.nl\\\/en\\\/2024\\\/11\\\/28\\\/all-rise-for-academics\\\/#breadcrumb\",\"itemListElement\":[{\"@type\":\"ListItem\",\"position\":1,\"name\":\"Home\",\"item\":\"https:\\\/\\\/www.erasmusmagazine.nl\\\/en\\\/\"},{\"@type\":\"ListItem\",\"position\":2,\"name\":\"All rise (for) academics\"}]},{\"@type\":\"WebSite\",\"@id\":\"https:\\\/\\\/www.erasmusmagazine.nl\\\/en\\\/#website\",\"url\":\"https:\\\/\\\/www.erasmusmagazine.nl\\\/en\\\/\",\"name\":\"Erasmus Magazine\",\"description\":\"Independent news platform of Erasmus University Rotterdam\",\"potentialAction\":[{\"@type\":\"SearchAction\",\"target\":{\"@type\":\"EntryPoint\",\"urlTemplate\":\"https:\\\/\\\/www.erasmusmagazine.nl\\\/en\\\/?s={search_term_string}\"},\"query-input\":{\"@type\":\"PropertyValueSpecification\",\"valueRequired\":true,\"valueName\":\"search_term_string\"}}],\"inLanguage\":\"en-GB\"},{\"@type\":\"Person\",\"name\":\"Irena Bo\u0161kovi\u0107\",\"id\":\"https:\\\/\\\/www.erasmusmagazine.nl\\\/en\\\/persons\\\/irena-boskovic\\\/\",\"url\":\"https:\\\/\\\/www.erasmusmagazine.nl\\\/en\\\/persons\\\/irena-boskovic\\\/\",\"image\":{\"@type\":\"ImageObject\",\"inLanguage\":\"en-GB\",\"@id\":\"https:\\\/\\\/www.erasmusmagazine.nl\\\/en\\\/wp-content\\\/uploads\\\/sites\\\/8\\\/2024\\\/11\\\/05162324\\\/Irena_Boskovic_Levien-Willemse.jpg\",\"url\":\"https:\\\/\\\/www.erasmusmagazine.nl\\\/en\\\/wp-content\\\/uploads\\\/sites\\\/8\\\/2024\\\/11\\\/05162324\\\/Irena_Boskovic_Levien-Willemse.jpg\",\"contentUrl\":\"https:\\\/\\\/www.erasmusmagazine.nl\\\/en\\\/wp-content\\\/uploads\\\/sites\\\/8\\\/2024\\\/11\\\/05162324\\\/Irena_Boskovic_Levien-Willemse.jpg\",\"caption\":\"Irena Bo\u0161kovi\u0107\"}}]}<\/script>\n<!-- \/ Yoast SEO plugin. -->","yoast_head_json":{"title":"All rise (for) academics","description":"In her early school days, columnist Irena Bo\u0161kovi\u0107 had to stand up for the teacher as omniscient authority. While they shouldn\u2019t prolong the illusion of being know-it-alls, academics could use some of that respect in the current political situation.","robots":{"index":"index","follow":"follow","max-snippet":"max-snippet:-1","max-image-preview":"max-image-preview:large","max-video-preview":"max-video-preview:-1"},"canonical":"https:\/\/www.erasmusmagazine.nl\/en\/2024\/11\/28\/all-rise-for-academics\/","og_locale":"en_GB","og_type":"article","og_title":"All rise (for) academics","og_description":"In her early school days, columnist Irena Bo\u0161kovi\u0107 had to stand up for the teacher as omniscient authority. While they shouldn\u2019t prolong the illusion of being know-it-alls, academics could use some of that respect in the current political situation.","og_url":"https:\/\/www.erasmusmagazine.nl\/en\/2024\/11\/28\/all-rise-for-academics\/","og_site_name":"Erasmus Magazine","article_publisher":"https:\/\/www.facebook.com\/ErasmusMagazineInternational\/","article_published_time":"2024-11-28T09:23:51+00:00","article_modified_time":"2025-12-19T10:27:37+00:00","og_image":[{"width":2560,"height":1492,"url":"https:\/\/www.erasmusmagazine.nl\/wp-content\/uploads\/sites\/8\/2024\/11\/18171606\/Irena-Boskovic-column_3_Willemse-Wiersema.jpg?image-crop-positioner-ts=1766139402","type":"image\/jpeg"}],"author":"Irena Bo\u0161kovi\u0107","twitter_card":"summary_large_image","twitter_creator":"@erasmusmag","twitter_site":"@erasmusmag","twitter_misc":{"Estimated reading time":"4 minutes","Written by":"Irena Bo\u0161kovi\u0107"},"schema":{"@context":"https:\/\/schema.org","@graph":[{"@type":"Article","@id":"https:\/\/www.erasmusmagazine.nl\/en\/2024\/11\/28\/all-rise-for-academics\/#article","isPartOf":{"@id":"https:\/\/www.erasmusmagazine.nl\/en\/2024\/11\/28\/all-rise-for-academics\/"},"author":"Irena Bo\u0161kovi\u0107","headline":"All rise (for) academics","datePublished":"2024-11-28T09:23:51+00:00","dateModified":"2025-12-19T10:27:37+00:00","mainEntityOfPage":{"@id":"https:\/\/www.erasmusmagazine.nl\/en\/2024\/11\/28\/all-rise-for-academics\/"},"wordCount":567,"commentCount":0,"image":{"@id":"https:\/\/www.erasmusmagazine.nl\/en\/2024\/11\/28\/all-rise-for-academics\/#primaryimage"},"thumbnailUrl":"https:\/\/www.erasmusmagazine.nl\/en\/wp-content\/uploads\/sites\/8\/2024\/11\/18171606\/Irena-Boskovic-column_3_Willemse-Wiersema.jpg?image-crop-positioner-ts=1766139402","keywords":["academics","Authority","column","teacher"],"articleSection":["Column"],"inLanguage":"en-GB","potentialAction":[{"@type":"CommentAction","name":"Comment","target":["https:\/\/www.erasmusmagazine.nl\/en\/2024\/11\/28\/all-rise-for-academics\/#respond"]}]},{"@type":"WebPage","@id":"https:\/\/www.erasmusmagazine.nl\/en\/2024\/11\/28\/all-rise-for-academics\/","url":"https:\/\/www.erasmusmagazine.nl\/en\/2024\/11\/28\/all-rise-for-academics\/","name":"All rise (for) academics","isPartOf":{"@id":"https:\/\/www.erasmusmagazine.nl\/en\/#website"},"primaryImageOfPage":{"@id":"https:\/\/www.erasmusmagazine.nl\/en\/2024\/11\/28\/all-rise-for-academics\/#primaryimage"},"image":{"@id":"https:\/\/www.erasmusmagazine.nl\/en\/2024\/11\/28\/all-rise-for-academics\/#primaryimage"},"thumbnailUrl":"https:\/\/www.erasmusmagazine.nl\/en\/wp-content\/uploads\/sites\/8\/2024\/11\/18171606\/Irena-Boskovic-column_3_Willemse-Wiersema.jpg?image-crop-positioner-ts=1766139402","datePublished":"2024-11-28T09:23:51+00:00","dateModified":"2025-12-19T10:27:37+00:00","author":"Irena Bo\u0161kovi\u0107","description":"In her early school days, columnist Irena Bo\u0161kovi\u0107 had to stand up for the teacher as omniscient authority. While they shouldn\u2019t prolong the illusion of being know-it-alls, academics could use some of that respect in the current political situation.","breadcrumb":{"@id":"https:\/\/www.erasmusmagazine.nl\/en\/2024\/11\/28\/all-rise-for-academics\/#breadcrumb"},"inLanguage":"en-GB","potentialAction":[{"@type":"ReadAction","target":["https:\/\/www.erasmusmagazine.nl\/en\/2024\/11\/28\/all-rise-for-academics\/"]}]},{"@type":"ImageObject","inLanguage":"en-GB","@id":"https:\/\/www.erasmusmagazine.nl\/en\/2024\/11\/28\/all-rise-for-academics\/#primaryimage","url":"https:\/\/www.erasmusmagazine.nl\/en\/wp-content\/uploads\/sites\/8\/2024\/11\/18171606\/Irena-Boskovic-column_3_Willemse-Wiersema.jpg?image-crop-positioner-ts=1766139402","contentUrl":"https:\/\/www.erasmusmagazine.nl\/en\/wp-content\/uploads\/sites\/8\/2024\/11\/18171606\/Irena-Boskovic-column_3_Willemse-Wiersema.jpg?image-crop-positioner-ts=1766139402","width":2560,"height":1492},{"@type":"BreadcrumbList","@id":"https:\/\/www.erasmusmagazine.nl\/en\/2024\/11\/28\/all-rise-for-academics\/#breadcrumb","itemListElement":[{"@type":"ListItem","position":1,"name":"Home","item":"https:\/\/www.erasmusmagazine.nl\/en\/"},{"@type":"ListItem","position":2,"name":"All rise (for) academics"}]},{"@type":"WebSite","@id":"https:\/\/www.erasmusmagazine.nl\/en\/#website","url":"https:\/\/www.erasmusmagazine.nl\/en\/","name":"Erasmus Magazine","description":"Independent news platform of Erasmus University Rotterdam","potentialAction":[{"@type":"SearchAction","target":{"@type":"EntryPoint","urlTemplate":"https:\/\/www.erasmusmagazine.nl\/en\/?s={search_term_string}"},"query-input":{"@type":"PropertyValueSpecification","valueRequired":true,"valueName":"search_term_string"}}],"inLanguage":"en-GB"},{"@type":"Person","name":"Irena Bo\u0161kovi\u0107","id":"https:\/\/www.erasmusmagazine.nl\/en\/persons\/irena-boskovic\/","url":"https:\/\/www.erasmusmagazine.nl\/en\/persons\/irena-boskovic\/","image":{"@type":"ImageObject","inLanguage":"en-GB","@id":"https:\/\/www.erasmusmagazine.nl\/en\/wp-content\/uploads\/sites\/8\/2024\/11\/05162324\/Irena_Boskovic_Levien-Willemse.jpg","url":"https:\/\/www.erasmusmagazine.nl\/en\/wp-content\/uploads\/sites\/8\/2024\/11\/05162324\/Irena_Boskovic_Levien-Willemse.jpg","contentUrl":"https:\/\/www.erasmusmagazine.nl\/en\/wp-content\/uploads\/sites\/8\/2024\/11\/05162324\/Irena_Boskovic_Levien-Willemse.jpg","caption":"Irena Bo\u0161kovi\u0107"}}]}},"_links":{"self":[{"href":"https:\/\/www.erasmusmagazine.nl\/en\/wp-json\/wp\/v2\/posts\/173885","targetHints":{"allow":["GET"]}}],"collection":[{"href":"https:\/\/www.erasmusmagazine.nl\/en\/wp-json\/wp\/v2\/posts"}],"about":[{"href":"https:\/\/www.erasmusmagazine.nl\/en\/wp-json\/wp\/v2\/types\/post"}],"author":[{"embeddable":true,"href":"https:\/\/www.erasmusmagazine.nl\/en\/wp-json\/wp\/v2\/users\/303"}],"replies":[{"embeddable":true,"href":"https:\/\/www.erasmusmagazine.nl\/en\/wp-json\/wp\/v2\/comments?post=173885"}],"version-history":[{"count":1,"href":"https:\/\/www.erasmusmagazine.nl\/en\/wp-json\/wp\/v2\/posts\/173885\/revisions"}],"predecessor-version":[{"id":194060,"href":"https:\/\/www.erasmusmagazine.nl\/en\/wp-json\/wp\/v2\/posts\/173885\/revisions\/194060"}],"wp:featuredmedia":[{"embeddable":true,"href":"https:\/\/www.erasmusmagazine.nl\/en\/wp-json\/wp\/v2\/media\/173487"}],"wp:attachment":[{"href":"https:\/\/www.erasmusmagazine.nl\/en\/wp-json\/wp\/v2\/media?parent=173885"}],"wp:term":[{"taxonomy":"category","embeddable":true,"href":"https:\/\/www.erasmusmagazine.nl\/en\/wp-json\/wp\/v2\/categories?post=173885"},{"taxonomy":"em_content_type","embeddable":true,"href":"https:\/\/www.erasmusmagazine.nl\/en\/wp-json\/wp\/v2\/em_content_type?post=173885"}],"curies":[{"name":"wp","href":"https:\/\/api.w.org\/{rel}","templated":true}]}}