{"id":169201,"date":"2024-06-07T15:20:14","date_gmt":"2024-06-07T13:20:14","guid":{"rendered":"https:\/\/www.erasmusmagazine.nl\/en\/?p=169201"},"modified":"2025-12-19T11:27:23","modified_gmt":"2025-12-19T10:27:23","slug":"open-letter-from-staff-at-erasmus-cut-all-ties-with-israeli-academic-institutions","status":"publish","type":"post","link":"https:\/\/www.erasmusmagazine.nl\/en\/2024\/06\/07\/open-letter-from-staff-at-erasmus-cut-all-ties-with-israeli-academic-institutions\/","title":{"rendered":"Open Letter from Staff at Erasmus: Cut all ties with Israeli academic institutions"},"content":{"rendered":"<p>We, staff members of Erasmus University Rotterdam and Erasmus Medical Center, express our solidarity with the Palestinian people. We also support our students who have joined the global student movement last week on 30 May 2024 with an encampment on Campus Woudestein.<\/p>\n<figure class=\"wp-block-image size-large is-resized\"><img loading=\"lazy\" decoding=\"async\" width=\"1600\" height=\"901\" src=\"https:\/\/www.erasmusmagazine.nl\/en\/wp-content\/uploads\/sites\/8\/2024\/06\/04153310\/Dag5-campus-protest-Palestina-campus-plaza-kamp-tenten-borden-leuzen_4.6.2024_Feba-Sukmana-1600x901.jpg?image-crop-positioner-ts=1766139380\" alt=\"\" class=\"wp-image-169015\" srcset=\"https:\/\/www.erasmusmagazine.nl\/en\/wp-content\/uploads\/sites\/8\/2024\/06\/04153310\/Dag5-campus-protest-Palestina-campus-plaza-kamp-tenten-borden-leuzen_4.6.2024_Feba-Sukmana-1600x901.jpg?image-crop-positioner-ts=1766139380 1600w, https:\/\/www.erasmusmagazine.nl\/en\/wp-content\/uploads\/sites\/8\/2024\/06\/04153310\/Dag5-campus-protest-Palestina-campus-plaza-kamp-tenten-borden-leuzen_4.6.2024_Feba-Sukmana-875x493.jpg?image-crop-positioner-ts=1766139380 875w, https:\/\/www.erasmusmagazine.nl\/en\/wp-content\/uploads\/sites\/8\/2024\/06\/04153310\/Dag5-campus-protest-Palestina-campus-plaza-kamp-tenten-borden-leuzen_4.6.2024_Feba-Sukmana-300x169.jpg?image-crop-positioner-ts=1766139380 300w, https:\/\/www.erasmusmagazine.nl\/en\/wp-content\/uploads\/sites\/8\/2024\/06\/04153310\/Dag5-campus-protest-Palestina-campus-plaza-kamp-tenten-borden-leuzen_4.6.2024_Feba-Sukmana-1280x721.jpg?image-crop-positioner-ts=1766139380 1280w, https:\/\/www.erasmusmagazine.nl\/en\/wp-content\/uploads\/sites\/8\/2024\/06\/04153310\/Dag5-campus-protest-Palestina-campus-plaza-kamp-tenten-borden-leuzen_4.6.2024_Feba-Sukmana-1536x865.jpg?image-crop-positioner-ts=1766139380 1536w, https:\/\/www.erasmusmagazine.nl\/en\/wp-content\/uploads\/sites\/8\/2024\/06\/04153310\/Dag5-campus-protest-Palestina-campus-plaza-kamp-tenten-borden-leuzen_4.6.2024_Feba-Sukmana-2048x1153.jpg?image-crop-positioner-ts=1766139380 2048w, https:\/\/www.erasmusmagazine.nl\/en\/wp-content\/uploads\/sites\/8\/2024\/06\/04153310\/Dag5-campus-protest-Palestina-campus-plaza-kamp-tenten-borden-leuzen_4.6.2024_Feba-Sukmana-150x84.jpg?image-crop-positioner-ts=1766139380 150w, https:\/\/www.erasmusmagazine.nl\/en\/wp-content\/uploads\/sites\/8\/2024\/06\/04153310\/Dag5-campus-protest-Palestina-campus-plaza-kamp-tenten-borden-leuzen_4.6.2024_Feba-Sukmana-225x127.jpg?image-crop-positioner-ts=1766139380 225w\" sizes=\"auto, (max-width: 1600px) 100vw, 1600px\" \/><figcaption class=\"wp-element-caption\"><p><span>By the day, the campus protest encampment gets more and more decorated. The protesters make signs mostly on campus.<\/span><\/p> <p data-component=\"image-credits\" class=\"flex flex-wrap gap-2 items-center text-base\">\n\t<span aria-hidden=\"true\"><svg width=\"24\" height=\"24\" viewBox=\"0 0 24 24\" fill=\"none\" xmlns=\"http:\/\/www.w3.org\/2000\/svg\">\n<path d=\"M19.5 5.25H16.9012L15.6234 3.33375C15.555 3.23114 15.4623 3.147 15.3535 3.08879C15.2448 3.03057 15.1233 3.00007 15 3H9C8.87665 3.00007 8.75522 3.03057 8.64648 3.08879C8.53773 3.147 8.44502 3.23114 8.37656 3.33375L7.09781 5.25H4.5C3.90326 5.25 3.33097 5.48705 2.90901 5.90901C2.48705 6.33097 2.25 6.90326 2.25 7.5V18C2.25 18.5967 2.48705 19.169 2.90901 19.591C3.33097 20.0129 3.90326 20.25 4.5 20.25H19.5C20.0967 20.25 20.669 20.0129 21.091 19.591C21.5129 19.169 21.75 18.5967 21.75 18V7.5C21.75 6.90326 21.5129 6.33097 21.091 5.90901C20.669 5.48705 20.0967 5.25 19.5 5.25ZM15.375 12.375C15.375 13.0425 15.1771 13.695 14.8062 14.25C14.4354 14.8051 13.9083 15.2376 13.2916 15.4931C12.6749 15.7485 11.9963 15.8154 11.3416 15.6852C10.6869 15.5549 10.0855 15.2335 9.61351 14.7615C9.14151 14.2895 8.82007 13.6881 8.68985 13.0334C8.55962 12.3787 8.62646 11.7001 8.88191 11.0834C9.13735 10.4667 9.56993 9.93964 10.125 9.56879C10.68 9.19794 11.3325 9 12 9C12.8951 9 13.7535 9.35558 14.3865 9.98851C15.0194 10.6214 15.375 11.4799 15.375 12.375Z\" fill=\"currentColor\"\/>\n<\/svg>\n<\/span>\n\t<span class=\"sr-only\">Image by:<\/span>\n\n\t\t\t<span>\n\t\t\t\t\t\t\t<a href=\"https:\/\/www.erasmusmagazine.nl\/en\/persons\/feba-sukmana\/\" class=\"underline hocus:no-underline decoration-1 underline-offset-2\">Feba Sukmana<\/a>\t\t\t\t\t<\/span>\n\t<\/p>\n<\/figcaption><\/figure><p>With this letter, we reiterate the longstanding call on our university to cut all institutional ties with Israeli academic institutions and companies that are complicit in apartheid, the illegal occupation of Palestinian territories, and decades of atrocity crimes committed against Palestinians. These well-documented crimes have now escalated to unprecedented levels since <strong>October<\/strong> 2023, leading to formal charges of genocide in the International Court of Justice and a request by the Chief Prosecutor of the International Criminal Court for arrest warrants against the Prime Minister and Minister of Defense of Israel, as well as three members of Hamas. The State of Israel, with the unconditional support of our own Dutch government and other allies, has been committing these egregious violations of international law and inflicting unfathomable suffering on Palestinians in Gaza, as well as the West Bank and East Jerusalem. The deliberate nature of the violence perpetrated on civilians is underscored by three separate <a href=\"https:\/\/www.icj-cij.org\/case\/192\">rulings of the International Court of Justice in the first half of 2024 that establish a plausible risk of genocide<\/a>.<\/p>\n<p>While our Board has publicly committed to review its institutional ties with Israeli universities and announced on 4 March 2024 that a committee will be established to conduct the review, it has now been three months and no information has been made public about the committee\u2019s mandate, its members, or of its progress. We call on our board to follow through on its commitment and conduct the institutional review on the basis of Human Rights Due Diligence <em>as a matter of urgency<\/em>. In the meantime, we call on our university to <em>immediately suspend <\/em>all institutional ties during the review process.<\/p>\n<p>We stress that the call to suspend and cut ties with Israeli academic partners and companies is not because they are Israeli, rather it is because they are <em>directly complicit <\/em>in atrocity crimes against the Palestinian people, in apartheid and in the illegal occupation of Palestinian land, all in violation of international law. Following the well-established guidelines of the <a href=\"https:\/\/bdsmovement.net\/pacbi\/cultural-boycott-guidelines\">Palestinian Campaign for the Academic and Cultural Boycott of Israel<\/a>, we stress that this boycott is not directed at individuals based on their identity, rather it is directed at institutions based on their complicity. The aim is to pressure and incentivize institutions to end their complicity.<\/p>\n<p>The complicity of Israeli universities is well-documented, including of the universities identified as EUR partners in the list released on 8 May 2024, and involves several modalities of oppression which are also comprehensively documented by Dr. Maya Wind in her recent book <a href=\"https:\/\/www.mayaywind.com\/book\"><em>Towers of Ivory and Steel: How Israeli Universities Deny Palestinian Freedom<\/em><\/a>. These modalities include extensive education collaborations with the Israeli Defense Forces and Israeli military industry by <strong><em>all<\/em> <\/strong>Israeli universities. Specifically, Israeli universities:<\/p>\n<ul class=\"wp-block-list\"><li>host military bases on university grounds,<\/li><li>provide study exemptions and compensations to active duty members in Gaza,<\/li><li>provide incentives and scholarships for joint research initiatives,<\/li><li>develop military and surveillance technologies that are deployed on Palestinian civilians \u2013 such as Dahiya Doctrine of collective punishment developed by EUR\u2019s institutional partner Tel-Aviv University, and<\/li><li>produce and disseminate arguments that explicitly seek to legitimize atrocity crimes committed by the State of Israel.<\/li><\/ul>\n<p>Additional modalities of oppression include:<\/p>\n<ul class=\"wp-block-list\"><li>the subordination of academic enquiry to political interests\u00a0\u2013 including in the field of law, where EUR has several activities,<\/li><li>direct contribution to the expansionist interests of the Israeli state, including programmes that have forcibly removed Bedouins in the Negev, Palestinian citizens of Israel in Haifa and Palestinians in the West Bank living close to Israeli settlements and plantations,<\/li><li>general and targeted restrictions of academic freedom against students; these include limitations on freedom of speech and academic freedom of students, as highlighted in a recent<a href=\"https:\/\/nos.nl\/video\/2519875-israelische-studenten-over-acties-bij-uva-en-uu-ze-weten-niet-waar-ze-het-over-hebben\"> NOS special<\/a> on Tel Aviv University,<\/li><li>general and targeted restrictions of academic freedom against scholars, including the longstanding persecution of, and recent, extreme denials of academic freedom and physical harm to EUR external colleague and renowned Professor of Criminology <a href=\"https:\/\/www.972mag.com\/nadera-shalhoub-kevorkian-israeli-academia\/\">Nadera Shalhoub-Kevorkian<\/a>, and<\/li><li>structural denial of equal access to, and participation in, education of Palestinians at <strong><em>all<\/em><\/strong> Israeli universities.<\/li><\/ul>\n<p>Moreover, as scrupulously documented in Dr. Wind\u2019s book, Israeli Universities have been purposefully built in Palestinian areas in order to expand illegal settlements across Palestinian land and neighborhoods. For example, students who go on exchange to Hebrew University of Jerusalem <a href=\"https:\/\/www.trouw.nl\/buitenland\/nederlandse-studenten-woonden-in-bezet-palestijns-gebied~bb35a325\/?referrer=https:\/\/www.ecosia.org\/\">stay in a student village built on illegally occupied land<\/a>. While it is the responsibility of students to arrange their own accommodation when they go on exchange, it is the responsibility of our university to ensure that ethical and legal standards are observed. A mobility exchange that involves a partnership with universities complicit in atrocity crimes not only violates international human rights law, but also our own c<a href=\"https:\/\/www.eur.nl\/en\/about-eur\/policy-and-regulations\/integrity\">ode of integrity<\/a> and research <a href=\"https:\/\/www.eur.nl\/en\/media\/2020-10-principles-and-requirements-research-ethics-review\">ethics<\/a> framework.<\/p>\n<p>The denial of Palestinian right to education and <a href=\"https:\/\/scholarsagainstwar.org\/wp-content\/uploads\/2024\/02\/SAWP-Actions-Against-Scholasticide-Toolkit.pdf\">scholasticide<\/a> has reached unprecedented levels, especially in Gaza: Israeli forces have killed more than one hundred university scholars, hundreds of educators and administrators, and thousands of students. The Israeli military has destroyed every single university, burned down libraries, and decimated the education infrastructure. Not a single rector or administrator at an Israeli university has expressed even a mild expression of concern or disapproval in response to these egregious attacks on Palestinian students, scholars, and education. To the contrary, universities in Israel explicitly stand shoulder-to-shoulder with the Israeli military.<\/p>\n<p>Regarding the concern of isolating critical voices within Israeli universities, we emphasize that under the current circumstances, critical voices inside Israeli universities are targeted and silenced by their own administration and the State. Maintaining institutional ties with Israeli universities serves to legitimize and normalize the repressive policies of these institutions, along with their participation in atrocity crimes. Indeed, many of these critical voices wholeheartedly support the Boycott, Divestment and Sanction movement, and insist on \u201c<a href=\"https:\/\/www.jadaliyya.com\/Details\/33901\">the right not to be a perpetrator<\/a>\u201d. Critical Israeli colleagues will continue to be supported by international colleagues, as is also the case with colleagues at Russian universities from which institutional ties have been cut without our Board raising such concerns.<\/p>\n<p>In addition to cutting ties with Israeli universities, we call on Erasmus University Rotterdam to disclose and cut its commercial and other relations with companies complicit in human rights violations, such as <a href=\"https:\/\/bdsmovement.net\/boycott-hp\">Hewlett-Packard<\/a> that directly helps the Israeli army to maintain its apartheid regime.<\/p>\n<p>Furthermore, while we appreciate that the administration recognizes the right to demonstrate and has permitted the student encampment thus far, we expect that the right to demonstrate, of students and staff, will continue to be respected and that our board will commit itself to not initiate police violence on its own students and staff. We support the student encampment and their demand for an immediate boycott. After months of dialogue, our university board <em>must act urgently<\/em> and follow the example of universities in South Africa, Spain, Belgium, Norway, the United States, Ireland and elsewhere that have cut their ties with Israeli universities, the most recent and exemplary of which is <a href=\"https:\/\/www.ugent.be\/en\/news-events\/cooperation-with-israeli-partners-update-31-may-2024\">Ghent University<\/a>.<\/p>\n<p>To conclude, on 29 May 2024, <a href=\"https:\/\/www.aljazeera.com\/opinions\/2024\/5\/29\/open-letter-by-gaza-academics-and-university-administrators-to-the-world\">Gaza academics and university administrators made a call in an open letter<\/a>, \u201cto help us resist the Israeli campaign of scholasticide and rebuild our universities\u201d.<\/p>\n<p>We fully support their call and affirm their rights to self-determination. In line with this specific and urgent plea by Gaza faculty and administrators, we call on our university Board to also affirm the right of Palestinian self-determination, to denounce the multiple atrocity crimes and scholasticide, and to urgently facilitate the reopening of education in Gaza, including transition to online education to mitigate disruption, and help rebuild their universities and education infrastructure.<\/p>\n<p><a href=\"https:\/\/docs.google.com\/forms\/d\/e\/1FAIpQLSfmYiijXmsgO-CrgUDGcpKjNmOhfQJfz8qMOXXgR_2Ex0cjFA\/viewform\">Here you can find the open letter online<\/a><\/p>\n<p><strong>Signatories<\/strong><\/p>\n<p>Irene van Oorschot, Asst professor, ESSB<\/p>\n<p>Jeff Handmaker, Associate Professor of Legal Sociology at the ISS (The Hague Campus of EUR)<\/p>\n<p>Miriam Matthiessen, PhD Candidate, ESSB DPAS<\/p>\n<p>Anissa Pelouto, MD, PhD-candidate, EMC<\/p>\n<p>Jasmin Seijbel, PhD-candidate and lecturer, ESHCC<\/p>\n<p>Daniela Garcia-Caro Brice\u00f1o, PhD Candidate, Erasmus School of Law<\/p>\n<p>\u00c7a\u011flar K\u00f6seo\u011flu, Lecturer, Erasmus University College<\/p>\n<p>Elise Alkemade, PhD candidate ESHCC<\/p>\n<p>Friso van Houdt, Senior Lecturer Political Philosophy &amp; Critical Theory, EUC<\/p>\n<p>Sjoerd van Tuinen, Associate professor of Philosophy, ESPhil<\/p>\n<p>Catherine Koekoek, PhD candidate, Erasmus School of Philosophy<\/p>\n<p>Zara Sharif, Senior lecturer, EUC<\/p>\n<p>Lotta Plomp, PhD student, Immunology and Neurology<\/p>\n<p>Syed Mansoob Murshed, Professor ISS<\/p>\n<p>Abdurrahman Erol, PhD at ESL<\/p>\n<p>Lise Zurn\u00e9, Lecturer, History, Eshcc<\/p>\n<p>Juliette Mattijsen, Coordinator Planetary Health Education, Junior researcher, department of public health Erasmus MC<\/p>\n<p>Anonymous, Hospital pharmacy resident<\/p>\n<p>Hassnae Boubrik, Student, student-teacher emergency medicine and working student at Intensive Care Adults.<\/p>\n<p>Isabel Awad, Associate professor ESHCC<\/p>\n<p>Anonymous, DPAS, ESSB.<\/p>\n<p>Wout van Wijngaarden, CIO\/Director IT (EDIS)<\/p>\n<p>Martine Lamfers, Associate professor<\/p>\n<p>Mostafa Mohseni, PhD student, ErasmusMC<\/p>\n<p>Anonymous, Policy Officer Academic Affairs<\/p>\n<p>Otto SPIJKERS, Assistant Professor at Erasmus School of Law<\/p>\n<p>Esmee nuninga, Director CPC, General Management Directorate<\/p>\n<p>Mahdi Salih, Internist<\/p>\n<p>Hannah Kay, PhD Candidate, DPAS<\/p>\n<p>Naomi Rommens, PhD candidate<\/p>\n<p>Anne Slootweg, PhD candidate at ESSB DPAS<\/p>\n<p>JN van der Geest, Assoc. Professor<\/p>\n<p>Christian van der Veeke, Senior Lecturer, EUC<\/p>\n<p>Guusje Enneking, PhD at EUR<\/p>\n<p>Maryse Kruithof, Senior Lecturer EUC<\/p>\n<p>Claire Tio, PhD researcher ESPhil \/ tutor RASL<\/p>\n<p>Amira Fretz, Lecturer, Erasmus University College<\/p>\n<p>Jess Bier, Associate professor<\/p>\n<p>Bart Hesseling, EUC<\/p>\n<p>Krista King, PhD Candidate, ESSB DPAS<\/p>\n<p>Maud van Roessel, Junior researcher, Strategy Office<\/p>\n<p>Nicol\u00e1s Soler, PhD candidate, ESSB DPAS<\/p>\n<p>Anonymous, Retired senior lecturer<\/p>\n<p>Alessandra Arcuri, Professor, Erasmus School of Law<\/p>\n<p>Gabriele Mari, Assistant Professor, ESSB<\/p>\n<p>Anonymous, Postdoc, arts<\/p>\n<p>Anonymous, Research Assistant<\/p>\n<p>Micha\u0142 Stambulski, Assistant Professor<\/p>\n<p>Esra Kahramanoglu, Member university council<\/p>\n<p>Anonymous, ABD<\/p>\n<p>Federica Violi, Associate Professor of International Law, Erasmus School of Law<\/p>\n<p>Mustafa al Saffar, Medical Doctor<\/p>\n<p>Mirwais Mehrab, MD, PhD Candidate EMC<\/p>\n<p>Samir El Abdouni, Pharmacist\/PhD-candidate<\/p>\n<p>Latiffah salima Baldeh, Junior researcher @ Strategy office<\/p>\n<p>Anonymous, Senior Policy Advisor\/AA\/General Management Directorate<\/p>\n<p>Abderrahim Ghaddari, Medical doctor<\/p>\n<p>Zemzem Shigute Shuka, Assistant Professor, ISS<\/p>\n<p>Geke Hasperhoven, PhD-student\/physician at Sophia Children\u2019s Hospital<\/p>\n<p>Daniele Rossi-Doria, PhD Researcher (ISS\/EUR)<\/p>\n<p>Ida Vos, PhD candidate, ESHCC<\/p>\n<p>Xander Creed, PhD Researcher, ISS<\/p>\n<p>Sophie van Balen, PhD Candidate, Erasmus School of Philosophy<\/p>\n<p>Nat\u00e1lia da Silva Perez, Assistant Professor, ESHCC<\/p>\n<p>Stephanie Triefus, Assistant Professor, Erasmus School of Law<\/p>\n<p>Rosalba Icaza, Professor of Global Politics, Feminisms and Decoloniality<\/p>\n<p>Sanne Boersma, Senior lecturer, EUC<\/p>\n<p>Daan Tielenburg, Teacher, DPAS, ESSB<\/p>\n<p>Tomris Cesuroglu, Senior researcher, PDPC, EMC<\/p>\n<p>Loes de kleijn, Arts in opleiding tot huisarts en onderzoeker<\/p>\n<p>Aysima Senyurek, Medical Doctor<\/p>\n<p>Guido van Leeuwen, PhD student General Practice<\/p>\n<p>David Ongenaert, Lecturer, ESHCC<\/p>\n<p>Anonymous, PhD student<\/p>\n<p>Ayse Zor, Health care psychologist<\/p>\n<p>Kadir Caliskan, cardiologist at EMC<\/p>\n<p>Ph\u01b0\u01a1ng Ho\u00e0n L\u00ea, PhD\/Lecturer at ESHCC<\/p>\n<p>Ioannis Kampourakis, Associate Professor, Erasmus School of Law<\/p>\n<p>Marjilla Jammy, AIOS huisartsgeneeskunde, huisartsopleiding ErasmusMC<\/p>\n<p>Robyn Murning, PhD Candidate, ESHCC<\/p>\n<p>Cox van de Weg, Consultant internal medicine<\/p>\n<p>Shyamika-jayasundara-smits, Assistant Asst.Professor, ISS<\/p>\n<p>Anonymous, Researcher, EMC<\/p>\n<p>Anonymous, Student-instructur<\/p>\n<p>Nicola Mangraviti, PhD Researcher, ISS<\/p>\n<p>Ana C. Uribe Sandoval, Lecturer, Media &amp; Communication, ESHCC<\/p>\n<p>Leslie Sanderson, Assistant Professor, EMC<\/p>\n<p>Siham Zabit, General practioner<\/p>\n<p>Jeleesa Lynch, Nurse at EMC<\/p>\n<p>Saliha Ergezen, PhD candidate, Erasmus MC<\/p>\n<p>Gabi Helfert PhD, Director Educational Excellence, RSM<\/p>\n<p>Maria Avraamidou, Lecturer\u00a0 ESHCC<\/p>\n<p>D\u00e9bora Antunes, Lecturer (ESHCC)<\/p>\n<p>Zana Brkic, Internist<\/p>\n<p>Jan Pronk, Prof. Emeritus ISS<\/p>\n<p>Thea Hilhorst, Professor of humanitarian studies, ISS<\/p>\n<p>Nicky Nathani\u00ebl Papilaja, Student Experience Officer, ESHCC<\/p>\n<p>Adam Anas, Internist-Infectioloog EMC<\/p>\n<p>Jiska Engelbert, Associate Professor ESSB<\/p>\n<p>Anonymous, Assistant Professor, ISS<\/p>\n<p>Anonymous, Professional services, ESHCC<\/p>\n<p>Gabriela Veronica Villacis Izquierdo, PhD candidate<\/p>\n<p>Kevin Pijpers, Postdoc at ESSB<\/p>\n<p>Parnian Ajami, Professional services staff, ESHCC<\/p>\n<p>Anonymous, Resident Psychiatry<\/p>\n<p>Kirsten Kardijk, Researcher, ECWO RSM<\/p>\n<p>Lisa Doeland, Lecturer, EUC<\/p>\n<p>Wander van Baalen, senior lecturer, Erasmus University College<\/p>\n<p>Fatimah Albuainain, MD, PhD candidate at EMC<\/p>\n<p>Willem Schinkel, Professor, ESSB<\/p>\n<p>Florence Atrafi, AIOS klinisch farmacologie<\/p>\n<p>Nuria Jansen, PhD Candidate EMC<\/p>\n<p>Amod Shah, PhD Candidate, International Institute of Social Studies (ISS)<\/p>\n<p>Charlotte Waltz,Postdoc at ESSB<\/p>\n<p>Mar\u00eda Campo Comba, Assistant professor, ESL<\/p>\n<p>Anonymous, PhD candidate, EGSL<\/p>\n<p>Hyeonggeun Ji, PhD Researcher<\/p>\n<p>Maria Panagiotou, Lecturer, Life Sciences, Erasmus University College<\/p>\n<p>Maite Houwing, AIOS Psychiatrie<\/p>\n<p>Eva Meyermans Spelmans, PhD researcher, Erasmus School of Law<\/p>\n<p>Abdel el Hachioui, Erasmus MC<\/p>\n<p>Ahmed Abofoul, Research Fellow on International law and legal mobilization in relation to Palestine<\/p>\n<p>Ioana Tomici, Dean\u2019s office, EUC<\/p>\n<p>Gita Huijgen, PhD candidate, DPAS, ESSB<\/p>\n<p>Lina Al-Hassany, AIOS and PhD-candidate, Erasmus MC<\/p>\n<p>Ammar Muhammad, Resident Internal Medicine<\/p>\n<p>Anonymous, Internal medicine<\/p>\n<p>Mariela Miranda van Iersel, Junior Researcher, Strategy Office<\/p>\n<p>Anonymous, Aios<\/p>\n<p>Yara de Kwaasteniet, Programme Coordinator, ESHCC<\/p>\n<p>Charlotte van Tuijl, PhD at ESSB<\/p>\n<p>Julia Wetsteijn, Professional Services staff, ESHCC<\/p>\n<p>Ryan Kopaitich, Postdoc \u2013 ESPhil, EUR<\/p>\n<p>Palesa Mashigo, PhD Candidate and Lecturer, ESHCC<\/p>\n<p>David van Putten, PhD ESPhil<\/p>\n<p>Benjamin al Salehy, Platform and Eventmanager, Rotterdam School of Management<\/p>\n<p>Thijs Heijmeskamp, PhD Candidate, Erasmus School of Philosophy<\/p>\n<p>Isis van Rooy, Junior researcher<\/p>\n<p>Sonia de Jager, PhD student<\/p>\n<p>Aikaterini Genidogan, PhD Candidate, ESPhil<\/p>\n<p>Lorenzo Pellegrini, Professor, ISS<\/p>\n<p>Anonymous, ABD<\/p>\n<p>Ursula Arroyo Spinoso, Student Assistant ESHCC<\/p>\n<p>Soumia Aammari, Research Policy Advisor, Erasmus MC<\/p>\n<p>Marion Smits, Professor of Neuroradiology, Erasmus MC<\/p>\n<p>Anonymous, Schaduw tutor Psychologie<\/p>\n<p>Anonymous, PhD student<\/p>\n<p>Aur\u00e9lie Sapa Furaha, PhD candidate, RSM<\/p>\n<p>Eva Borkhuis, PhD candidate, ESSB<\/p>\n<p>Rogier van Reekum, Assistant Professor, ESSB<\/p>\n<p>Anonymous, PhD candidate<\/p>\n<p>Victoria Balan, PhD candidate ESHCC<\/p>\n<p>Gijs Custers, Assistant Professor, ESL<\/p>\n<p>M Savas, EMC<\/p>\n<p>Anonymous, PhD Candidate, Erasmus School of Law<\/p>\n<p>Nasser Drif, AIOS Anesthesiologie<\/p>\n<p>J Jansen, Assistant Professor, ESL<\/p>\n<p>Anonymous, Geestelijk Verzorger<\/p>\n<p>Zeinab Nosrati\u00a0\u00a0\u00a0 student, Board member at GIDS, working student at HPB department Erasmus MC.<\/p>\n<p>Ayman Aaliouli, Master student &amp; student job on the intensive care<\/p>\n<p>Tessi Nobbe, Junior lecturer, ESSB<\/p>\n<p>Anonymous, Junior Researcher, ESSB<\/p>\n<p>Pieter Van den Heede, Lecturer<\/p>\n<p>Britt Veldhuis, Teacher, ESSB DPAS<\/p>\n<ol class=\"wp-block-list\"><li>Livaha, Senior Lecturer, EUC<\/li><\/ol>\n<p>Anonymous, Coordinator, ESSB<\/p>\n<p>Adriana Kasperowicz, Student, coordinator emergency medicine team, ErasmusMC<\/p>\n<p>Ayoub Lalouti, ANIOS psychiatrie<\/p>\n<p>Hilal Ince-Askan, AIOS<\/p>\n<p>Tareq Abdel Alim, Postdoc Erasmus MC<\/p>\n<p>Anonymous, Erasmus Universiteit Rotterdam, Faculteit der Gezondheidswetenschappen<\/p>\n<p>Anna le Clercq, Student Researcher, Erasmus MC<\/p>\n<p>Meryem Al Fatly, Junior researcher, EMC<\/p>\n<p>Anahita Noruzi, MD, PhD candidate Erasmus MC<\/p>\n<p>Anonymous, Pharmacist<\/p>\n<p>Anonymous, PhD candidate<\/p>\n<p>Anonymous, PhD candidate, Department of Radiology and Nuclear Medicine<\/p>\n<p>Serdar Yavuzyigitoglu, Medical specialist, EMC<\/p>\n<p>Sam Passeport, ErasmusX<\/p>\n<p>Anonymous, Education Manager, ESSB<\/p>\n<p>Ilke Akdo\u011fan- Bi\u00e7er, General practioner, Lecturer, Erasmus MC<\/p>\n<p>Silke Heumann, Assistant Professor, ISS<\/p>\n<p>Samira van der Bas \u2013 El Abdellaoui, Dietist<\/p>\n<p>Eileen de Veer, Sr. Nurse consultant, department of Internal Medicine, EMC<\/p>\n<p>Elmi Wopereis, Di\u00ebtist<\/p>\n<p>Rosalie Giesbertz, Dietetics<\/p>\n<p>Anonymous, Prof.services<\/p>\n<p>Melissa de Roos, Assistent professor, ESSB<\/p>\n<p>Anonymous, Assistant prof ESSB<\/p>\n<p>Isa Sanchez, Academic Teacher, DPAS- ESSB<\/p>\n<p>Dana Mustafa, Assistant professor &amp; group leader<\/p>\n<p>Laia Salvat, Internship student<\/p>\n<p>Ethell-Marjorie Dubois, PhD candidate<\/p>\n<p>Mala Dengkeng, PhD candidate, ESPhil<\/p>\n<p>Anonymous, Junior Lecturer, ESSB<\/p>\n<p>Marianne Littel, Assistant professor, ESSB<\/p>\n<p>Anonymous, Senior Lecturer EUC<\/p>\n<p>Selin Celik, Working at Erasmus MC hospital pharmacy<\/p>\n<ol class=\"wp-block-list\"><li>Al Arashi, PhD candidate<\/li><\/ol>\n<p>Rayan Chettou, Working student hematology, EMC<\/p>\n<p>Anonymous, Logistiek medewerker<\/p>\n<p>Anonymous, Pharmacy technician, Erasmus MC<\/p>\n<p>Anonymous, Anesthesia assistant i.o.<\/p>\n<p>Mustafa Kumas, Radiology<\/p>\n<p>Julie Hoppenbrouwers, PhD Candidate ESL<\/p>\n<p>Anonymous, Dietician<\/p>\n<p>Haya AlFarra, PhD candidate, ISS<\/p>\n<p>Senned Karrar, Medical doctor<\/p>\n<ol class=\"wp-block-list\"><li>Goverts, Teacher, ESSB<\/li><\/ol>\n<p>Anonymous, Arbodienst EMC<\/p>\n<p>Karapet Ghamoyan, Anios Psychiatrie, Erasmus MC<\/p>\n<p>Ren\u00e9 van Swaaningen, Criminologist, ESL<\/p>\n<p>Hadiye Ozturk, Cardiology resident<\/p>\n<p>Kiki Giese, Secretary<\/p>\n<p>Ahmed al Khanim, HAIO<\/p>\n<p>Elise Maes, Erasmus school of law<\/p>\n<p>Abdessamad Bouabid, Assistant Professor, Criminology, ESL<\/p>\n<p>Anonymous, Postdoc, AIOS interne, EMC<\/p>\n<p>Zeynep Kasli, Assistant Professor, ISS<\/p>\n<p>Seline Westerhof, Junior researcher ESSB<\/p>\n<p>Zamzam Al-Baz, Lecturer, Erasmus School of Law<\/p>\n<p>Anonymous, Senior Lecturer ESSB<\/p>\n<p>Jing Hiah, Assistant Professor, ESL<\/p>\n<p>Mieke Kox, Assistant professor, ESL<\/p>\n<p>Thomas Swerts, Assistant Professor , ESSB<\/p>\n<p>Lieke van Eijk, Marketing &amp; Communication, ESHCC<\/p>\n<p>Rob Willemsen, Em. professor<\/p>\n<p>Geerke Visser, Junior Lecturer ESSB<\/p>\n<p>Lena van de Lande, Teacher, ESSB<\/p>\n<p>Anonymous, Project lead, Academic affairs, EUR<\/p>\n<p>Kay Mars, PhD candidate, ESSB-DPAS<\/p>\n<p>Marlon Valentijn Kruizinga, PhD Candidate<\/p>\n<p>Josien Kamp, PhD candidate, ESSB<\/p>\n<p>Anonymous, ESSB<\/p>\n<p>Majsa Storbeck, Phd Student<\/p>\n<p>Lieke van der Veer, EUR<\/p>\n<p>Tokameh Mahmoudi, Professor, departments of Pathology and Urology, Erasmus MC<\/p>\n<p>Emma Weerd, Phd researcher, ESL<\/p>\n<p>Leanna Cobanovic, Tutor Criminology<\/p>\n<p>Anonymous, PhD student EMC<\/p>\n<p>Amr Marzouk, PhD Candidate, Erasmus School of Law<\/p>\n<p>Anonymous, ABD<\/p>\n<p>Anonymous, PhD Candidate at DPAS<\/p>\n<p>Pieter van Lamoen, PhD candidate at ESSB<\/p>\n<p>Arash Khamooshian, Cardio-thoracic surgeon<\/p>\n<p>Ilias attaye, Aios interne<\/p>\n<p>Anonymous, Research Assistant, ESSB<\/p>\n<p>Sanne Koevoets, Humanities Department Head at EUC, DIT Academic<\/p>\n<p>Anonymous, Staff, RSM<\/p>\n<p>Fiore Geelhoed, Assistant Professor<\/p>\n<p>Anonymous, PhD Candidate, ESL<\/p>\n<p>Dani\u00ebl van Dijk, Lecturer Educational Sciences<\/p>\n<p>Claartje ter Hoeven, Professor, ESSB<\/p>\n<p>Gresa Gashi, Junior Researcher IDEA center ABD<\/p>\n<p>Anonymous, Erasmus mc<\/p>\n<p>Liset de Vries, PhD candidate Biochemistry<\/p>\n<p>Debbie Varekamp, Professional services ESSB<\/p>\n<p>Isabella Regan, PhD researcher ESL<\/p>\n<p>Anonymous, PhD student and GP trainee<\/p>\n<p>Gergana Boncheva, PhD Candidate, ESPhil<\/p>\n<p>Anonymous, Assistant professor and epidemiologist EMC<\/p>\n<p>Anonymous, PhD student en huisarts in opleiding<\/p>\n<p>Anonymous, Lecturer in Social &amp; Behavioural Sciences<\/p>\n\n\t<div data-name=\"acf\/posts\" class=\"alignfull py-6 md:py-8 lg:py-10 bg-white\" >\n\t\t<div class=\"container-fixed\">\n\n\t\t\t\n\t\t\t<div class=\"space-y-6 md:space-y-8\">\n\n\t\t\t\t\t\t\t\t\t<h2 class=\"text-xl md:text-2xl\">Latest news<\/h2>\n\t\t\t\t\n\t\t\t\t\t\n\t<ul data-component=\"post-grid\" class=\"grid items-stretch grid-cols-1 gap-2 md:gap-4 lg:gap-8 text-zoom-lg:grid-cols-1\n\t\t\n\t\tlg:grid-cols-3\n\t\t\">\n\n\t\t\n\t\t\t\t\t\t\n\t\t\t\n\t\t\t<li class=\"@container\">\n\t\t\t\t\n<div data-component=\"teaser-post\" class=\"block-theme-mocha hidden lg:flex h-full relative flex bg-sand-300\n\tblock-theme-violet:bg-white block-theme-violet:text-purple block-theme-mocha:bg-sand-500 block-theme-mocha:text-brown\n\tblock-theme-sand:bg-sand-300 block-theme-sand:text-neutral-900\n\tblock-theme-violet:outline-purple-100 block-theme-violet:outline-1 block-theme-violet:outline-t-0\n\tflex-col @xl:flex-row\">\n\t\t\t<div class=\"relative image:w-full image:aspect-video image:object-cover shrink-0 w-full @xl:w-1\/2\">\n\t\t\t<img loading=\"lazy\" decoding=\"async\" width=\"1280\" height=\"720\" src=\"https:\/\/www.erasmusmagazine.nl\/en\/wp-content\/uploads\/sites\/8\/Benita-Bocoum-dresscode-Daan-Stam-6-scaled-1280x720.jpg?image-crop-positioner-ts=1777538387\" class=\"attachment-video_xl size-video_xl\" alt=\"\" srcset=\"https:\/\/www.erasmusmagazine.nl\/en\/wp-content\/uploads\/sites\/8\/Benita-Bocoum-dresscode-Daan-Stam-6-scaled-1280x720.jpg?image-crop-positioner-ts=1777538387 1280w, https:\/\/www.erasmusmagazine.nl\/en\/wp-content\/uploads\/sites\/8\/Benita-Bocoum-dresscode-Daan-Stam-6-scaled-500x282.jpg?image-crop-positioner-ts=1777538387 500w, https:\/\/www.erasmusmagazine.nl\/en\/wp-content\/uploads\/sites\/8\/Benita-Bocoum-dresscode-Daan-Stam-6-scaled-832x468.jpg?image-crop-positioner-ts=1777538387 832w\" sizes=\"auto, (max-width: 1280px) 100vw, 1280px\" \/>\n\n\t\t\t\t\t<\/div>\n\t\n\t<div class=\"flex flex-col gap-2 md:gap-4 p-4 @md:p-8 @xl:p-8 \">\n\n\t\t\t\t<h3 class=\"text-md @sm:text-xl @md:text-2xl @xl:text-2xl\">\n\t\t\t<a href=\"https:\/\/www.erasmusmagazine.nl\/en\/2026\/04\/30\/benita-draagt-regenlaarzen-voor-de-sier\/\" class=\"absolute-link text-current underline-offset-2 decoration-2 hocus:underline @md:decoration-3 @xl:decoration-4 inline-block\">\n\t\t\t\tBenita wears rain boots for show\n\t\t\t<\/a>\n\t\t<\/h3>\n\n\t\t<div class=\"flex flex-wrap gap-4 items-center\">\n\t\t\t<span class=\"sr-only\">Gepubliceerd op:<\/span>\n\t\t\t<time class=\"text-sm font-soehne text-neutral-900\" datetime=\"2026-04-30\">30 April 2026<\/time>\n\n\t\t\t\t\t\t\t\t\t\t\t\n\t<ul data-component=\"list-badges\" class=\"flex items-center gap-2 flex-wrap\" aria-label=\"Geplaatst in categorie\">\n\t\t\t\t\t<li>\n\t\t\t\t\t<div data-component=\"badge\" class=\"block-theme-violet:bg-purple font-soehne font-bold text-sm bg-brown-600 block-theme-violet:bg-purple text-white py-[2px] px-2\">\n\t\t\t\t\tDress code\n\t\t\t<\/div>\n\t\t\t<\/li>\n\t\t\t<\/ul>\n\t\t\t\t\t<\/div>\n\n\t\t\t<\/div>\n<\/div>\n\t\t\t\t\t\t\t\t\t\n<div data-component=\"teaser-post-small\" class=\"block-theme-mocha lg:hidden relative flex h-full bg-sand-300\n\tblock-theme-violet:bg-white block-theme-violet:text-purple block-theme-mocha:bg-sand-500 block-theme-mocha:text-brown\n\tblock-theme-sand:bg-sand-300 block-theme-sand:text-neutral-900\n\tblock-theme-violet:outline-purple-100 block-theme-violet:outline-1 block-theme-violet:outline-t-0\n\ttheme-mocha:bg-white! theme-violet:bg-white! theme-sand:bg-white!\n\tflex-row gap-4 @md:gap-8 p-4 @md:p-6\">\n\t\t\t<div class=\"image:w-full image:aspect-square image:object-cover shrink-0 size-17.5 @sm:size-21.25 @md:size-30 @lg:size-40\">\n\t\t\t<img loading=\"lazy\" decoding=\"async\" width=\"460\" height=\"460\" src=\"https:\/\/www.erasmusmagazine.nl\/en\/wp-content\/uploads\/sites\/8\/Benita-Bocoum-dresscode-Daan-Stam-6-scaled-460x460.jpg?image-crop-positioner-ts=1777538387\" class=\"attachment-square_lg size-square_lg\" alt=\"\" srcset=\"https:\/\/www.erasmusmagazine.nl\/en\/wp-content\/uploads\/sites\/8\/Benita-Bocoum-dresscode-Daan-Stam-6-scaled-460x460.jpg?image-crop-positioner-ts=1777538387 460w, https:\/\/www.erasmusmagazine.nl\/en\/wp-content\/uploads\/sites\/8\/Benita-Bocoum-dresscode-Daan-Stam-6-scaled-115x115.jpg?image-crop-positioner-ts=1777538387 115w, https:\/\/www.erasmusmagazine.nl\/en\/wp-content\/uploads\/sites\/8\/Benita-Bocoum-dresscode-Daan-Stam-6-scaled-230x230.jpg?image-crop-positioner-ts=1777538387 230w\" sizes=\"auto, (max-width: 460px) 100vw, 460px\" \/>\n\t\t<\/div>\n\t\n\t<div class=\"flex flex-col gap-2 md:gap-4 \">\n\t\t\t\t<h3 class=\"text-md @lg:text-lg\">\n\t\t\t<a href=\"https:\/\/www.erasmusmagazine.nl\/en\/2026\/04\/30\/benita-draagt-regenlaarzen-voor-de-sier\/\" class=\"absolute-link text-current hocus:underline inline-block\">\n\t\t\t\tBenita wears rain boots for show\n\t\t\t<\/a>\n\t\t<\/h3>\n\n\t\t<div class=\"flex flex-wrap gap-4 items-center\">\n\t\t\t<span class=\"sr-only\">Gepubliceerd op:<\/span>\n\t\t\t<time class=\"text-sm font-soehne text-neutral-900\" datetime=\"2026-04-30\">30 April 2026<\/time>\n\n\t\t\t\t\t\t\t\t\t\t\t\n\t<ul data-component=\"list-badges\" class=\"flex items-center gap-2 flex-wrap\" aria-label=\"Geplaatst in categorie\">\n\t\t\t\t\t<li>\n\t\t\t\t\t<div data-component=\"badge\" class=\"block-theme-violet:bg-purple font-soehne font-bold text-sm bg-brown-600 block-theme-violet:bg-purple text-white py-[2px] px-2\">\n\t\t\t\t\tDress code\n\t\t\t<\/div>\n\t\t\t<\/li>\n\t\t\t<\/ul>\n\t\t\t\t\t<\/div>\n\n\t\t\t<\/div>\n<\/div>\n\t\t\t\t\t\t\t<\/li>\n\t\t\n\t\t\t\t\t\t\n\t\t\t\n\t\t\t<li class=\"@container\">\n\t\t\t\t\n<div data-component=\"teaser-post\" class=\"block-theme-mocha hidden lg:flex h-full relative flex bg-sand-300\n\tblock-theme-violet:bg-white block-theme-violet:text-purple block-theme-mocha:bg-sand-500 block-theme-mocha:text-brown\n\tblock-theme-sand:bg-sand-300 block-theme-sand:text-neutral-900\n\tblock-theme-violet:outline-purple-100 block-theme-violet:outline-1 block-theme-violet:outline-t-0\n\tflex-col @xl:flex-row\">\n\t\t\t<div class=\"relative image:w-full image:aspect-video image:object-cover shrink-0 w-full @xl:w-1\/2\">\n\t\t\t<img loading=\"lazy\" decoding=\"async\" width=\"1280\" height=\"720\" src=\"https:\/\/www.erasmusmagazine.nl\/en\/wp-content\/uploads\/sites\/8\/20260325_HowToBeARotterdammert_afl2-1280x720.png?image-crop-positioner-ts=1777469691\" class=\"attachment-video_xl size-video_xl\" alt=\"\" srcset=\"https:\/\/www.erasmusmagazine.nl\/en\/wp-content\/uploads\/sites\/8\/20260325_HowToBeARotterdammert_afl2-1280x720.png?image-crop-positioner-ts=1777469691 1280w, https:\/\/www.erasmusmagazine.nl\/en\/wp-content\/uploads\/sites\/8\/20260325_HowToBeARotterdammert_afl2-875x492.png?image-crop-positioner-ts=1777469691 875w, https:\/\/www.erasmusmagazine.nl\/en\/wp-content\/uploads\/sites\/8\/20260325_HowToBeARotterdammert_afl2-1600x900.png?image-crop-positioner-ts=1777469691 1600w, https:\/\/www.erasmusmagazine.nl\/en\/wp-content\/uploads\/sites\/8\/20260325_HowToBeARotterdammert_afl2-300x169.png?image-crop-positioner-ts=1777469691 300w, https:\/\/www.erasmusmagazine.nl\/en\/wp-content\/uploads\/sites\/8\/20260325_HowToBeARotterdammert_afl2-1536x864.png?image-crop-positioner-ts=1777469691 1536w, https:\/\/www.erasmusmagazine.nl\/en\/wp-content\/uploads\/sites\/8\/20260325_HowToBeARotterdammert_afl2-2048x1152.png?image-crop-positioner-ts=1777469691 2048w, https:\/\/www.erasmusmagazine.nl\/en\/wp-content\/uploads\/sites\/8\/20260325_HowToBeARotterdammert_afl2-500x282.png?image-crop-positioner-ts=1777469691 500w, https:\/\/www.erasmusmagazine.nl\/en\/wp-content\/uploads\/sites\/8\/20260325_HowToBeARotterdammert_afl2-832x468.png?image-crop-positioner-ts=1777469691 832w\" sizes=\"auto, (max-width: 1280px) 100vw, 1280px\" \/>\n\n\t\t\t\t\t\t\t<span class=\"@xl:hidden absolute -bottom-9 @md:-bottom-12 right-0 bg-brown text-white aspect-square size-9 block-theme-violet:bg-purple grid place-content-center @md:size-12 svg:size-4 @md:svg:size-6 @xl:svg:size-6\" aria-hidden=\"true\">\n\t\t\t\t\t<svg width=\"18\" height=\"20\" viewBox=\"0 0 18 20\" fill=\"none\" xmlns=\"http:\/\/www.w3.org\/2000\/svg\">\n<path d=\"M17.25 9.99998C17.2506 10.2546 17.1853 10.5051 17.0605 10.727C16.9356 10.949 16.7555 11.1348 16.5375 11.2665L3.03 19.5297C2.80227 19.6691 2.54144 19.7452 2.27445 19.7502C2.00746 19.7551 1.74399 19.6887 1.51125 19.5578C1.28073 19.4289 1.0887 19.2409 0.954904 19.0132C0.821111 18.7855 0.750385 18.5263 0.75 18.2622V1.73779C0.750385 1.47368 0.821111 1.21445 0.954904 0.986734C1.0887 0.759022 1.28073 0.571057 1.51125 0.442167C1.74399 0.311244 2.00746 0.244825 2.27445 0.249769C2.54144 0.254713 2.80227 0.330842 3.03 0.470292L16.5375 8.73342C16.7555 8.86511 16.9356 9.05097 17.0605 9.27291C17.1853 9.49485 17.2506 9.74533 17.25 9.99998Z\" fill=\"currentColor\"\/>\n<\/svg>\n\n\t\t\t\t<\/span>\n\t\t\t\t\t<\/div>\n\t\n\t<div class=\"flex flex-col gap-2 md:gap-4 p-4 @md:p-8 @xl:p-8 pr-11 @md:pr-12 @xl:pr-12\">\n\n\t\t\t\t<h3 class=\"text-md @sm:text-xl @md:text-2xl @xl:text-2xl\">\n\t\t\t<a href=\"https:\/\/www.erasmusmagazine.nl\/en\/2026\/04\/29\/how-to-become-a-rotterdammert-defne-learns-slang-phrases-tebbie-nou-op-je-muil\/\" class=\"absolute-link text-current underline-offset-2 decoration-2 hocus:underline @md:decoration-3 @xl:decoration-4 inline-block\">\n\t\t\t\tHow to become a Rotterdammert: Defne learns slang phrases: &#8216;Tebbie nou op je muil?&#8217;\n\t\t\t<\/a>\n\t\t<\/h3>\n\n\t\t<div class=\"flex flex-wrap gap-4 items-center\">\n\t\t\t<span class=\"sr-only\">Gepubliceerd op:<\/span>\n\t\t\t<time class=\"text-sm font-soehne text-neutral-900\" datetime=\"2026-04-29\">29 April 2026<\/time>\n\n\t\t\t\t\t\t\t\t\t\t\t\n\t<ul data-component=\"list-badges\" class=\"flex items-center gap-2 flex-wrap\" aria-label=\"Geplaatst in categorie\">\n\t\t\t\t\t<li>\n\t\t\t\t\t<div data-component=\"badge\" class=\"block-theme-violet:bg-purple font-soehne font-bold text-sm bg-brown-600 block-theme-violet:bg-purple text-white py-[2px] px-2\">\n\t\t\t\t\tEM TV\n\t\t\t<\/div>\n\t\t\t<\/li>\n\t\t\t<\/ul>\n\t\t\t\t\t<\/div>\n\n\t\t\t\t\t\t\t\t<span class=\"sr-only\">Article type: Video<\/span>\n\t\t\t<span class=\"hidden @xl:grid absolute top-0 right-0 bg-brown text-white aspect-square block-theme-violet:bg-purple place-content-center size-12 svg:size-6\" aria-hidden=\"true\">\n\t\t\t\t<svg width=\"18\" height=\"20\" viewBox=\"0 0 18 20\" fill=\"none\" xmlns=\"http:\/\/www.w3.org\/2000\/svg\">\n<path d=\"M17.25 9.99998C17.2506 10.2546 17.1853 10.5051 17.0605 10.727C16.9356 10.949 16.7555 11.1348 16.5375 11.2665L3.03 19.5297C2.80227 19.6691 2.54144 19.7452 2.27445 19.7502C2.00746 19.7551 1.74399 19.6887 1.51125 19.5578C1.28073 19.4289 1.0887 19.2409 0.954904 19.0132C0.821111 18.7855 0.750385 18.5263 0.75 18.2622V1.73779C0.750385 1.47368 0.821111 1.21445 0.954904 0.986734C1.0887 0.759022 1.28073 0.571057 1.51125 0.442167C1.74399 0.311244 2.00746 0.244825 2.27445 0.249769C2.54144 0.254713 2.80227 0.330842 3.03 0.470292L16.5375 8.73342C16.7555 8.86511 16.9356 9.05097 17.0605 9.27291C17.1853 9.49485 17.2506 9.74533 17.25 9.99998Z\" fill=\"currentColor\"\/>\n<\/svg>\n\n\t\t\t<\/span>\n\t\t\t<\/div>\n<\/div>\n\t\t\t\t\t\t\t\t\t\n<div data-component=\"teaser-post-small\" class=\"block-theme-mocha lg:hidden relative flex h-full bg-sand-300\n\tblock-theme-violet:bg-white block-theme-violet:text-purple block-theme-mocha:bg-sand-500 block-theme-mocha:text-brown\n\tblock-theme-sand:bg-sand-300 block-theme-sand:text-neutral-900\n\tblock-theme-violet:outline-purple-100 block-theme-violet:outline-1 block-theme-violet:outline-t-0\n\ttheme-mocha:bg-white! theme-violet:bg-white! theme-sand:bg-white!\n\tflex-row gap-4 @md:gap-8 p-4 @md:p-6\">\n\t\t\t<div class=\"image:w-full image:aspect-square image:object-cover shrink-0 size-17.5 @sm:size-21.25 @md:size-30 @lg:size-40\">\n\t\t\t<img loading=\"lazy\" decoding=\"async\" width=\"460\" height=\"460\" src=\"https:\/\/www.erasmusmagazine.nl\/en\/wp-content\/uploads\/sites\/8\/20260325_HowToBeARotterdammert_afl2-460x460.png?image-crop-positioner-ts=1777469691\" class=\"attachment-square_lg size-square_lg\" alt=\"\" srcset=\"https:\/\/www.erasmusmagazine.nl\/en\/wp-content\/uploads\/sites\/8\/20260325_HowToBeARotterdammert_afl2-460x460.png?image-crop-positioner-ts=1777469691 460w, https:\/\/www.erasmusmagazine.nl\/en\/wp-content\/uploads\/sites\/8\/20260325_HowToBeARotterdammert_afl2-115x115.png?image-crop-positioner-ts=1777469691 115w, https:\/\/www.erasmusmagazine.nl\/en\/wp-content\/uploads\/sites\/8\/20260325_HowToBeARotterdammert_afl2-230x230.png?image-crop-positioner-ts=1777469691 230w\" sizes=\"auto, (max-width: 460px) 100vw, 460px\" \/>\n\t\t<\/div>\n\t\n\t<div class=\"flex flex-col gap-2 md:gap-4 pr-11 @md:pr-12 @lg:pr-12\">\n\t\t\t\t<h3 class=\"text-md @lg:text-lg\">\n\t\t\t<a href=\"https:\/\/www.erasmusmagazine.nl\/en\/2026\/04\/29\/how-to-become-a-rotterdammert-defne-learns-slang-phrases-tebbie-nou-op-je-muil\/\" class=\"absolute-link text-current hocus:underline inline-block\">\n\t\t\t\tHow to become a Rotterdammert: Defne learns slang phrases: &#8216;Tebbie nou op je muil?&#8217;\n\t\t\t<\/a>\n\t\t<\/h3>\n\n\t\t<div class=\"flex flex-wrap gap-4 items-center\">\n\t\t\t<span class=\"sr-only\">Gepubliceerd op:<\/span>\n\t\t\t<time class=\"text-sm font-soehne text-neutral-900\" datetime=\"2026-04-29\">29 April 2026<\/time>\n\n\t\t\t\t\t\t\t\t\t\t\t\n\t<ul data-component=\"list-badges\" class=\"flex items-center gap-2 flex-wrap\" aria-label=\"Geplaatst in categorie\">\n\t\t\t\t\t<li>\n\t\t\t\t\t<div data-component=\"badge\" class=\"block-theme-violet:bg-purple font-soehne font-bold text-sm bg-brown-600 block-theme-violet:bg-purple text-white py-[2px] px-2\">\n\t\t\t\t\tEM TV\n\t\t\t<\/div>\n\t\t\t<\/li>\n\t\t\t<\/ul>\n\t\t\t\t\t<\/div>\n\n\t\t\t\t\t\t\t\t<span class=\"sr-only\">Article type: Video<\/span>\n\t\t\t<span class=\"absolute top-0 right-0 bg-brown text-white aspect-square size-9 block-theme-violet:bg-purple grid place-content-center @md:size-12 @lg:size-12 svg:size-4 @md:svg:size-6 @lg:svg:size-6\" aria-hidden=\"true\">\n\t\t\t\t<svg width=\"18\" height=\"20\" viewBox=\"0 0 18 20\" fill=\"none\" xmlns=\"http:\/\/www.w3.org\/2000\/svg\">\n<path d=\"M17.25 9.99998C17.2506 10.2546 17.1853 10.5051 17.0605 10.727C16.9356 10.949 16.7555 11.1348 16.5375 11.2665L3.03 19.5297C2.80227 19.6691 2.54144 19.7452 2.27445 19.7502C2.00746 19.7551 1.74399 19.6887 1.51125 19.5578C1.28073 19.4289 1.0887 19.2409 0.954904 19.0132C0.821111 18.7855 0.750385 18.5263 0.75 18.2622V1.73779C0.750385 1.47368 0.821111 1.21445 0.954904 0.986734C1.0887 0.759022 1.28073 0.571057 1.51125 0.442167C1.74399 0.311244 2.00746 0.244825 2.27445 0.249769C2.54144 0.254713 2.80227 0.330842 3.03 0.470292L16.5375 8.73342C16.7555 8.86511 16.9356 9.05097 17.0605 9.27291C17.1853 9.49485 17.2506 9.74533 17.25 9.99998Z\" fill=\"currentColor\"\/>\n<\/svg>\n\n\t\t\t<\/span>\n\t\t\t<\/div>\n<\/div>\n\t\t\t\t\t\t\t<\/li>\n\t\t\n\t\t\t\t\t\t\n\t\t\t\n\t\t\t<li class=\"@container\">\n\t\t\t\t\n<div data-component=\"teaser-post\" class=\"block-theme-violet hidden lg:flex h-full relative flex bg-sand-300\n\tblock-theme-violet:bg-white block-theme-violet:text-purple block-theme-mocha:bg-sand-500 block-theme-mocha:text-brown\n\tblock-theme-sand:bg-sand-300 block-theme-sand:text-neutral-900\n\tblock-theme-violet:outline-purple-100 block-theme-violet:outline-1 block-theme-violet:outline-t-0\n\tflex-col @xl:flex-row\">\n\t\t\t<div class=\"relative image:w-full image:aspect-video image:object-cover shrink-0 w-full @xl:w-1\/2\">\n\t\t\t<img loading=\"lazy\" decoding=\"async\" width=\"1280\" height=\"720\" src=\"https:\/\/www.erasmusmagazine.nl\/en\/wp-content\/uploads\/sites\/8\/Laila-Kozarki_foto2_columnist_jan2026_Geisje-van-der-Linden-1280x720.jpg?image-crop-positioner-ts=1769522817\" class=\"attachment-video_xl size-video_xl\" alt=\"\" srcset=\"https:\/\/www.erasmusmagazine.nl\/en\/wp-content\/uploads\/sites\/8\/Laila-Kozarki_foto2_columnist_jan2026_Geisje-van-der-Linden-1280x720.jpg?image-crop-positioner-ts=1769522817 1280w, https:\/\/www.erasmusmagazine.nl\/en\/wp-content\/uploads\/sites\/8\/Laila-Kozarki_foto2_columnist_jan2026_Geisje-van-der-Linden-500x282.jpg?image-crop-positioner-ts=1769522817 500w, https:\/\/www.erasmusmagazine.nl\/en\/wp-content\/uploads\/sites\/8\/Laila-Kozarki_foto2_columnist_jan2026_Geisje-van-der-Linden-832x468.jpg?image-crop-positioner-ts=1769522817 832w\" sizes=\"auto, (max-width: 1280px) 100vw, 1280px\" \/>\n\n\t\t\t\t\t<\/div>\n\t\n\t<div class=\"flex flex-col gap-2 md:gap-4 p-4 @md:p-8 @xl:p-8 \">\n\n\t\t\t\t<h3 class=\"text-md @sm:text-xl @md:text-2xl @xl:text-2xl\">\n\t\t\t<a href=\"https:\/\/www.erasmusmagazine.nl\/en\/2026\/04\/29\/wachten-op-de-warmte\/\" class=\"absolute-link text-current underline-offset-2 decoration-2 hocus:underline @md:decoration-3 @xl:decoration-4 inline-block\">\n\t\t\t\tWaiting for the warmth\n\t\t\t<\/a>\n\t\t<\/h3>\n\n\t\t<div class=\"flex flex-wrap gap-4 items-center\">\n\t\t\t<span class=\"sr-only\">Gepubliceerd op:<\/span>\n\t\t\t<time class=\"text-sm font-soehne text-neutral-900\" datetime=\"2026-04-29\">29 April 2026<\/time>\n\n\t\t\t\t\t\t\t\t\t\t\t\n\t<ul data-component=\"list-badges\" class=\"flex items-center gap-2 flex-wrap\" aria-label=\"Geplaatst in categorie\">\n\t\t\t\t\t<li>\n\t\t\t\t\t<div data-component=\"badge\" class=\"block-theme-violet:bg-purple font-soehne font-bold text-sm bg-brown-600 block-theme-violet:bg-purple text-white py-[2px] px-2\">\n\t\t\t\t\tColumn\n\t\t\t<\/div>\n\t\t\t<\/li>\n\t\t\t<\/ul>\n\t\t\t\t\t<\/div>\n\n\t\t\t<\/div>\n<\/div>\n\t\t\t\t\t\t\t\t\t\n<div data-component=\"teaser-post-small\" class=\"block-theme-violet lg:hidden relative flex h-full bg-sand-300\n\tblock-theme-violet:bg-white block-theme-violet:text-purple block-theme-mocha:bg-sand-500 block-theme-mocha:text-brown\n\tblock-theme-sand:bg-sand-300 block-theme-sand:text-neutral-900\n\tblock-theme-violet:outline-purple-100 block-theme-violet:outline-1 block-theme-violet:outline-t-0\n\ttheme-mocha:bg-white! theme-violet:bg-white! theme-sand:bg-white!\n\tflex-row gap-4 @md:gap-8 p-4 @md:p-6\">\n\t\t\t<div class=\"image:w-full image:aspect-square image:object-cover shrink-0 size-17.5 @sm:size-21.25 @md:size-30 @lg:size-40\">\n\t\t\t<img loading=\"lazy\" decoding=\"async\" width=\"460\" height=\"307\" src=\"https:\/\/www.erasmusmagazine.nl\/en\/wp-content\/uploads\/sites\/8\/Laila-Kozarki_foto2_columnist_jan2026_Geisje-van-der-Linden.jpg?image-crop-positioner-ts=1769522817\" class=\"attachment-square_lg size-square_lg\" alt=\"\" srcset=\"https:\/\/www.erasmusmagazine.nl\/en\/wp-content\/uploads\/sites\/8\/Laila-Kozarki_foto2_columnist_jan2026_Geisje-van-der-Linden.jpg?image-crop-positioner-ts=1769522817 2560w, https:\/\/www.erasmusmagazine.nl\/en\/wp-content\/uploads\/sites\/8\/Laila-Kozarki_foto2_columnist_jan2026_Geisje-van-der-Linden-875x583.jpg?image-crop-positioner-ts=1769522817 875w, https:\/\/www.erasmusmagazine.nl\/en\/wp-content\/uploads\/sites\/8\/Laila-Kozarki_foto2_columnist_jan2026_Geisje-van-der-Linden-1600x1067.jpg?image-crop-positioner-ts=1769522817 1600w, https:\/\/www.erasmusmagazine.nl\/en\/wp-content\/uploads\/sites\/8\/Laila-Kozarki_foto2_columnist_jan2026_Geisje-van-der-Linden-300x200.jpg?image-crop-positioner-ts=1769522817 300w, https:\/\/www.erasmusmagazine.nl\/en\/wp-content\/uploads\/sites\/8\/Laila-Kozarki_foto2_columnist_jan2026_Geisje-van-der-Linden-1280x854.jpg?image-crop-positioner-ts=1769522817 1280w, https:\/\/www.erasmusmagazine.nl\/en\/wp-content\/uploads\/sites\/8\/Laila-Kozarki_foto2_columnist_jan2026_Geisje-van-der-Linden-1536x1024.jpg?image-crop-positioner-ts=1769522817 1536w, https:\/\/www.erasmusmagazine.nl\/en\/wp-content\/uploads\/sites\/8\/Laila-Kozarki_foto2_columnist_jan2026_Geisje-van-der-Linden-2048x1366.jpg?image-crop-positioner-ts=1769522817 2048w\" sizes=\"auto, (max-width: 460px) 100vw, 460px\" \/>\n\t\t<\/div>\n\t\n\t<div class=\"flex flex-col gap-2 md:gap-4 \">\n\t\t\t\t<h3 class=\"text-md @lg:text-lg\">\n\t\t\t<a href=\"https:\/\/www.erasmusmagazine.nl\/en\/2026\/04\/29\/wachten-op-de-warmte\/\" class=\"absolute-link text-current hocus:underline inline-block\">\n\t\t\t\tWaiting for the warmth\n\t\t\t<\/a>\n\t\t<\/h3>\n\n\t\t<div class=\"flex flex-wrap gap-4 items-center\">\n\t\t\t<span class=\"sr-only\">Gepubliceerd op:<\/span>\n\t\t\t<time class=\"text-sm font-soehne text-neutral-900\" datetime=\"2026-04-29\">29 April 2026<\/time>\n\n\t\t\t\t\t\t\t\t\t\t\t\n\t<ul data-component=\"list-badges\" class=\"flex items-center gap-2 flex-wrap\" aria-label=\"Geplaatst in categorie\">\n\t\t\t\t\t<li>\n\t\t\t\t\t<div data-component=\"badge\" class=\"block-theme-violet:bg-purple font-soehne font-bold text-sm bg-brown-600 block-theme-violet:bg-purple text-white py-[2px] px-2\">\n\t\t\t\t\tColumn\n\t\t\t<\/div>\n\t\t\t<\/li>\n\t\t\t<\/ul>\n\t\t\t\t\t<\/div>\n\n\t\t\t<\/div>\n<\/div>\n\t\t\t\t\t\t\t<\/li>\n\t\t\t<\/ul>\n\n\t\t\t\t\t\t\t\t\t<div class=\"text-right text-brown-600\">\n\t\t\t\t\t\t\n\n\n\n<a\n\tdata-variant=\"outline\"\n\tdata-size=\"default\"\n\tclass=\"group inline-flex justify-center items-center gap-2 cursor-pointer text-md font-soehne underline-offset-2 decoration-2 px-4 min-h-[3.75rem] border-2 border-current bg-transparent text-current font-bold hocus:underline w-full lg:w-auto\"\n\n\t\n\t\t\thref=\"\"\n\t\n\t\n\t\n\t\n\t\n\t\n\t\n\t\n\t\n\t\n\t\n\t\n\t>\n\t\n\t\t\t\t\t<span data-button-text class=\"\">\n\t\t\tAll articles\n\n\t\t\t\t\t<\/span>\n\t\n\t\t\t\t\t\t<span class=\" flex items-center justify-center w-[1em] h-[1em] icon  \" aria-hidden=\"true\">\n\t\t\t<svg aria-hidden=\"true\" width=\"20\" height=\"17\" viewBox=\"0 0 20 17\" fill=\"none\" xmlns=\"http:\/\/www.w3.org\/2000\/svg\">\n<path d=\"M18.25 7.5C18.8023 7.5 19.25 7.94772 19.25 8.5C19.25 9.05228 18.8023 9.5 18.25 9.5H1.75C1.19772 9.5 0.75 9.05228 0.75 8.5C0.75 7.94772 1.19772 7.5 1.75 7.5H18.25Z\" fill=\"currentColor\"\/>\n<path d=\"M10.793 1.04295C11.1835 0.65243 11.8165 0.65243 12.207 1.04295L18.957 7.79295C19.3476 8.18348 19.3476 8.81649 18.957 9.20702L12.207 15.957C11.8165 16.3475 11.1835 16.3475 10.793 15.957C10.4024 15.5665 10.4024 14.9335 10.793 14.543L16.8359 8.49999L10.793 2.45702C10.4024 2.06649 10.4024 1.43348 10.793 1.04295Z\" fill=\"currentColor\"\/>\n<\/svg>\n\n\t\t<\/span>\n\n\t\t\t\n\t<\/a>\n\t\t\t\t\t<\/div>\n\t\t\t\t\t\t\t<\/div>\n\t\t<\/div>\n\t<\/div>\n","protected":false},"excerpt":{"rendered":"<p>We, staff members of Erasmus University Rotterdam and Erasmus Medical Center, express our solidarity with the Palestinian people. We also support our students who have joined the global student movement last week on 30 May 2024 with an encampment on Campus Woudestein. With this letter, we reiterate the longstanding call on our university to cut [&hellip;]<\/p>\n","protected":false},"author":15,"featured_media":169015,"comment_status":"open","ping_status":"open","sticky":false,"template":"","format":"standard","meta":{"_acf_changed":false,"_trash_the_other_posts":false,"editor_notices":[],"footnotes":""},"categories":[190],"em_content_type":[24781],"class_list":["post-169201","post","type-post","status-publish","format-standard","has-post-thumbnail","hentry","category-opinion","em_content_type-opinie-en"],"acf":[],"yoast_head":"<!-- This site is optimized with the Yoast SEO plugin v27.3 - https:\/\/yoast.com\/product\/yoast-seo-wordpress\/ -->\n<title>Open Letter from Staff at Erasmus: Cut all ties with Israeli academic institutions<\/title>\n<meta name=\"description\" content=\"We, staff members of Erasmus University Rotterdam and Erasmus Medical Center, express our solidarity with the Palestinian people. We also support our students who have joined the global student movement last week on 30 May 2024 with an encampment on Campus Woudestein.\" \/>\n<meta name=\"robots\" content=\"index, follow, max-snippet:-1, max-image-preview:large, max-video-preview:-1\" \/>\n<link rel=\"canonical\" href=\"https:\/\/www.erasmusmagazine.nl\/en\/2024\/06\/07\/open-letter-from-staff-at-erasmus-cut-all-ties-with-israeli-academic-institutions\/\" \/>\n<meta property=\"og:locale\" content=\"en_GB\" \/>\n<meta property=\"og:type\" content=\"article\" \/>\n<meta property=\"og:title\" content=\"Open Letter from Staff at Erasmus: Cut all ties with Israeli academic institutions\" \/>\n<meta property=\"og:description\" content=\"We, staff members of Erasmus University Rotterdam and Erasmus Medical Center, express our solidarity with the Palestinian people. We also support our students who have joined the global student movement last week on 30 May 2024 with an encampment on Campus Woudestein.\" \/>\n<meta property=\"og:url\" content=\"https:\/\/www.erasmusmagazine.nl\/en\/2024\/06\/07\/open-letter-from-staff-at-erasmus-cut-all-ties-with-israeli-academic-institutions\/\" \/>\n<meta property=\"og:site_name\" content=\"Erasmus Magazine\" \/>\n<meta property=\"article:publisher\" content=\"https:\/\/www.facebook.com\/ErasmusMagazineInternational\/\" \/>\n<meta property=\"article:published_time\" content=\"2024-06-07T13:20:14+00:00\" \/>\n<meta property=\"article:modified_time\" content=\"2025-12-19T10:27:23+00:00\" \/>\n<meta property=\"og:image\" content=\"https:\/\/www.erasmusmagazine.nl\/wp-content\/uploads\/sites\/8\/2024\/06\/04153310\/Dag5-campus-protest-Palestina-campus-plaza-kamp-tenten-borden-leuzen_4.6.2024_Feba-Sukmana-1600x901.jpg\" \/>\n\t<meta property=\"og:image:width\" content=\"1600\" \/>\n\t<meta property=\"og:image:height\" content=\"901\" \/>\n\t<meta property=\"og:image:type\" content=\"image\/jpeg\" \/>\n<meta name=\"twitter:card\" content=\"summary_large_image\" \/>\n<meta name=\"twitter:creator\" content=\"@erasmusmag\" \/>\n<meta name=\"twitter:site\" content=\"@erasmusmag\" \/>\n<meta name=\"twitter:label1\" content=\"Estimated reading time\" \/>\n\t<meta name=\"twitter:data1\" content=\"13 minutes\" \/>\n<script type=\"application\/ld+json\" class=\"yoast-schema-graph\">{\"@context\":\"https:\\\/\\\/schema.org\",\"@graph\":[{\"@type\":\"Article\",\"@id\":\"https:\\\/\\\/www.erasmusmagazine.nl\\\/en\\\/2024\\\/06\\\/07\\\/open-letter-from-staff-at-erasmus-cut-all-ties-with-israeli-academic-institutions\\\/#article\",\"isPartOf\":{\"@id\":\"https:\\\/\\\/www.erasmusmagazine.nl\\\/en\\\/2024\\\/06\\\/07\\\/open-letter-from-staff-at-erasmus-cut-all-ties-with-israeli-academic-institutions\\\/\"},\"author\":\"\",\"headline\":\"Open Letter from Staff at Erasmus: Cut all ties with Israeli academic institutions\",\"datePublished\":\"2024-06-07T13:20:14+00:00\",\"dateModified\":\"2025-12-19T10:27:23+00:00\",\"mainEntityOfPage\":{\"@id\":\"https:\\\/\\\/www.erasmusmagazine.nl\\\/en\\\/2024\\\/06\\\/07\\\/open-letter-from-staff-at-erasmus-cut-all-ties-with-israeli-academic-institutions\\\/\"},\"wordCount\":2802,\"commentCount\":0,\"image\":{\"@id\":\"https:\\\/\\\/www.erasmusmagazine.nl\\\/en\\\/2024\\\/06\\\/07\\\/open-letter-from-staff-at-erasmus-cut-all-ties-with-israeli-academic-institutions\\\/#primaryimage\"},\"thumbnailUrl\":\"https:\\\/\\\/www.erasmusmagazine.nl\\\/en\\\/wp-content\\\/uploads\\\/sites\\\/8\\\/2024\\\/06\\\/04153310\\\/Dag5-campus-protest-Palestina-campus-plaza-kamp-tenten-borden-leuzen_4.6.2024_Feba-Sukmana.jpg?image-crop-positioner-ts=1766139380\",\"keywords\":[\"cutting ties\",\"israel-gaza\",\"Pro-Palestine protests\"],\"articleSection\":[\"Opinion\"],\"inLanguage\":\"en-GB\",\"potentialAction\":[{\"@type\":\"CommentAction\",\"name\":\"Comment\",\"target\":[\"https:\\\/\\\/www.erasmusmagazine.nl\\\/en\\\/2024\\\/06\\\/07\\\/open-letter-from-staff-at-erasmus-cut-all-ties-with-israeli-academic-institutions\\\/#respond\"]}]},{\"@type\":\"WebPage\",\"@id\":\"https:\\\/\\\/www.erasmusmagazine.nl\\\/en\\\/2024\\\/06\\\/07\\\/open-letter-from-staff-at-erasmus-cut-all-ties-with-israeli-academic-institutions\\\/\",\"url\":\"https:\\\/\\\/www.erasmusmagazine.nl\\\/en\\\/2024\\\/06\\\/07\\\/open-letter-from-staff-at-erasmus-cut-all-ties-with-israeli-academic-institutions\\\/\",\"name\":\"Open Letter from Staff at Erasmus: Cut all ties with Israeli academic institutions\",\"isPartOf\":{\"@id\":\"https:\\\/\\\/www.erasmusmagazine.nl\\\/en\\\/#website\"},\"primaryImageOfPage\":{\"@id\":\"https:\\\/\\\/www.erasmusmagazine.nl\\\/en\\\/2024\\\/06\\\/07\\\/open-letter-from-staff-at-erasmus-cut-all-ties-with-israeli-academic-institutions\\\/#primaryimage\"},\"image\":{\"@id\":\"https:\\\/\\\/www.erasmusmagazine.nl\\\/en\\\/2024\\\/06\\\/07\\\/open-letter-from-staff-at-erasmus-cut-all-ties-with-israeli-academic-institutions\\\/#primaryimage\"},\"thumbnailUrl\":\"https:\\\/\\\/www.erasmusmagazine.nl\\\/en\\\/wp-content\\\/uploads\\\/sites\\\/8\\\/2024\\\/06\\\/04153310\\\/Dag5-campus-protest-Palestina-campus-plaza-kamp-tenten-borden-leuzen_4.6.2024_Feba-Sukmana.jpg?image-crop-positioner-ts=1766139380\",\"datePublished\":\"2024-06-07T13:20:14+00:00\",\"dateModified\":\"2025-12-19T10:27:23+00:00\",\"author\":\"\",\"description\":\"We, staff members of Erasmus University Rotterdam and Erasmus Medical Center, express our solidarity with the Palestinian people. We also support our students who have joined the global student movement last week on 30 May 2024 with an encampment on Campus Woudestein.\",\"breadcrumb\":{\"@id\":\"https:\\\/\\\/www.erasmusmagazine.nl\\\/en\\\/2024\\\/06\\\/07\\\/open-letter-from-staff-at-erasmus-cut-all-ties-with-israeli-academic-institutions\\\/#breadcrumb\"},\"inLanguage\":\"en-GB\",\"potentialAction\":[{\"@type\":\"ReadAction\",\"target\":[\"https:\\\/\\\/www.erasmusmagazine.nl\\\/en\\\/2024\\\/06\\\/07\\\/open-letter-from-staff-at-erasmus-cut-all-ties-with-israeli-academic-institutions\\\/\"]}]},{\"@type\":\"ImageObject\",\"inLanguage\":\"en-GB\",\"@id\":\"https:\\\/\\\/www.erasmusmagazine.nl\\\/en\\\/2024\\\/06\\\/07\\\/open-letter-from-staff-at-erasmus-cut-all-ties-with-israeli-academic-institutions\\\/#primaryimage\",\"url\":\"https:\\\/\\\/www.erasmusmagazine.nl\\\/en\\\/wp-content\\\/uploads\\\/sites\\\/8\\\/2024\\\/06\\\/04153310\\\/Dag5-campus-protest-Palestina-campus-plaza-kamp-tenten-borden-leuzen_4.6.2024_Feba-Sukmana.jpg?image-crop-positioner-ts=1766139380\",\"contentUrl\":\"https:\\\/\\\/www.erasmusmagazine.nl\\\/en\\\/wp-content\\\/uploads\\\/sites\\\/8\\\/2024\\\/06\\\/04153310\\\/Dag5-campus-protest-Palestina-campus-plaza-kamp-tenten-borden-leuzen_4.6.2024_Feba-Sukmana.jpg?image-crop-positioner-ts=1766139380\",\"width\":2560,\"height\":1441,\"caption\":\"By the day, the campus protest encampment gets more and more decorated. The protesters make signs mostly on campus.\"},{\"@type\":\"BreadcrumbList\",\"@id\":\"https:\\\/\\\/www.erasmusmagazine.nl\\\/en\\\/2024\\\/06\\\/07\\\/open-letter-from-staff-at-erasmus-cut-all-ties-with-israeli-academic-institutions\\\/#breadcrumb\",\"itemListElement\":[{\"@type\":\"ListItem\",\"position\":1,\"name\":\"Home\",\"item\":\"https:\\\/\\\/www.erasmusmagazine.nl\\\/en\\\/\"},{\"@type\":\"ListItem\",\"position\":2,\"name\":\"Open Letter from Staff at Erasmus: Cut all ties with Israeli academic institutions\"}]},{\"@type\":\"WebSite\",\"@id\":\"https:\\\/\\\/www.erasmusmagazine.nl\\\/en\\\/#website\",\"url\":\"https:\\\/\\\/www.erasmusmagazine.nl\\\/en\\\/\",\"name\":\"Erasmus Magazine\",\"description\":\"Independent news platform of Erasmus University Rotterdam\",\"potentialAction\":[{\"@type\":\"SearchAction\",\"target\":{\"@type\":\"EntryPoint\",\"urlTemplate\":\"https:\\\/\\\/www.erasmusmagazine.nl\\\/en\\\/?s={search_term_string}\"},\"query-input\":{\"@type\":\"PropertyValueSpecification\",\"valueRequired\":true,\"valueName\":\"search_term_string\"}}],\"inLanguage\":\"en-GB\"}]}<\/script>\n<!-- \/ Yoast SEO plugin. -->","yoast_head_json":{"title":"Open Letter from Staff at Erasmus: Cut all ties with Israeli academic institutions","description":"We, staff members of Erasmus University Rotterdam and Erasmus Medical Center, express our solidarity with the Palestinian people. We also support our students who have joined the global student movement last week on 30 May 2024 with an encampment on Campus Woudestein.","robots":{"index":"index","follow":"follow","max-snippet":"max-snippet:-1","max-image-preview":"max-image-preview:large","max-video-preview":"max-video-preview:-1"},"canonical":"https:\/\/www.erasmusmagazine.nl\/en\/2024\/06\/07\/open-letter-from-staff-at-erasmus-cut-all-ties-with-israeli-academic-institutions\/","og_locale":"en_GB","og_type":"article","og_title":"Open Letter from Staff at Erasmus: Cut all ties with Israeli academic institutions","og_description":"We, staff members of Erasmus University Rotterdam and Erasmus Medical Center, express our solidarity with the Palestinian people. We also support our students who have joined the global student movement last week on 30 May 2024 with an encampment on Campus Woudestein.","og_url":"https:\/\/www.erasmusmagazine.nl\/en\/2024\/06\/07\/open-letter-from-staff-at-erasmus-cut-all-ties-with-israeli-academic-institutions\/","og_site_name":"Erasmus Magazine","article_publisher":"https:\/\/www.facebook.com\/ErasmusMagazineInternational\/","article_published_time":"2024-06-07T13:20:14+00:00","article_modified_time":"2025-12-19T10:27:23+00:00","og_image":[{"width":1600,"height":901,"url":"https:\/\/www.erasmusmagazine.nl\/wp-content\/uploads\/sites\/8\/2024\/06\/04153310\/Dag5-campus-protest-Palestina-campus-plaza-kamp-tenten-borden-leuzen_4.6.2024_Feba-Sukmana-1600x901.jpg","type":"image\/jpeg"}],"twitter_card":"summary_large_image","twitter_creator":"@erasmusmag","twitter_site":"@erasmusmag","twitter_misc":{"Estimated reading time":"13 minutes"},"schema":{"@context":"https:\/\/schema.org","@graph":[{"@type":"Article","@id":"https:\/\/www.erasmusmagazine.nl\/en\/2024\/06\/07\/open-letter-from-staff-at-erasmus-cut-all-ties-with-israeli-academic-institutions\/#article","isPartOf":{"@id":"https:\/\/www.erasmusmagazine.nl\/en\/2024\/06\/07\/open-letter-from-staff-at-erasmus-cut-all-ties-with-israeli-academic-institutions\/"},"author":"","headline":"Open Letter from Staff at Erasmus: Cut all ties with Israeli academic institutions","datePublished":"2024-06-07T13:20:14+00:00","dateModified":"2025-12-19T10:27:23+00:00","mainEntityOfPage":{"@id":"https:\/\/www.erasmusmagazine.nl\/en\/2024\/06\/07\/open-letter-from-staff-at-erasmus-cut-all-ties-with-israeli-academic-institutions\/"},"wordCount":2802,"commentCount":0,"image":{"@id":"https:\/\/www.erasmusmagazine.nl\/en\/2024\/06\/07\/open-letter-from-staff-at-erasmus-cut-all-ties-with-israeli-academic-institutions\/#primaryimage"},"thumbnailUrl":"https:\/\/www.erasmusmagazine.nl\/en\/wp-content\/uploads\/sites\/8\/2024\/06\/04153310\/Dag5-campus-protest-Palestina-campus-plaza-kamp-tenten-borden-leuzen_4.6.2024_Feba-Sukmana.jpg?image-crop-positioner-ts=1766139380","keywords":["cutting ties","israel-gaza","Pro-Palestine protests"],"articleSection":["Opinion"],"inLanguage":"en-GB","potentialAction":[{"@type":"CommentAction","name":"Comment","target":["https:\/\/www.erasmusmagazine.nl\/en\/2024\/06\/07\/open-letter-from-staff-at-erasmus-cut-all-ties-with-israeli-academic-institutions\/#respond"]}]},{"@type":"WebPage","@id":"https:\/\/www.erasmusmagazine.nl\/en\/2024\/06\/07\/open-letter-from-staff-at-erasmus-cut-all-ties-with-israeli-academic-institutions\/","url":"https:\/\/www.erasmusmagazine.nl\/en\/2024\/06\/07\/open-letter-from-staff-at-erasmus-cut-all-ties-with-israeli-academic-institutions\/","name":"Open Letter from Staff at Erasmus: Cut all ties with Israeli academic institutions","isPartOf":{"@id":"https:\/\/www.erasmusmagazine.nl\/en\/#website"},"primaryImageOfPage":{"@id":"https:\/\/www.erasmusmagazine.nl\/en\/2024\/06\/07\/open-letter-from-staff-at-erasmus-cut-all-ties-with-israeli-academic-institutions\/#primaryimage"},"image":{"@id":"https:\/\/www.erasmusmagazine.nl\/en\/2024\/06\/07\/open-letter-from-staff-at-erasmus-cut-all-ties-with-israeli-academic-institutions\/#primaryimage"},"thumbnailUrl":"https:\/\/www.erasmusmagazine.nl\/en\/wp-content\/uploads\/sites\/8\/2024\/06\/04153310\/Dag5-campus-protest-Palestina-campus-plaza-kamp-tenten-borden-leuzen_4.6.2024_Feba-Sukmana.jpg?image-crop-positioner-ts=1766139380","datePublished":"2024-06-07T13:20:14+00:00","dateModified":"2025-12-19T10:27:23+00:00","author":"","description":"We, staff members of Erasmus University Rotterdam and Erasmus Medical Center, express our solidarity with the Palestinian people. We also support our students who have joined the global student movement last week on 30 May 2024 with an encampment on Campus Woudestein.","breadcrumb":{"@id":"https:\/\/www.erasmusmagazine.nl\/en\/2024\/06\/07\/open-letter-from-staff-at-erasmus-cut-all-ties-with-israeli-academic-institutions\/#breadcrumb"},"inLanguage":"en-GB","potentialAction":[{"@type":"ReadAction","target":["https:\/\/www.erasmusmagazine.nl\/en\/2024\/06\/07\/open-letter-from-staff-at-erasmus-cut-all-ties-with-israeli-academic-institutions\/"]}]},{"@type":"ImageObject","inLanguage":"en-GB","@id":"https:\/\/www.erasmusmagazine.nl\/en\/2024\/06\/07\/open-letter-from-staff-at-erasmus-cut-all-ties-with-israeli-academic-institutions\/#primaryimage","url":"https:\/\/www.erasmusmagazine.nl\/en\/wp-content\/uploads\/sites\/8\/2024\/06\/04153310\/Dag5-campus-protest-Palestina-campus-plaza-kamp-tenten-borden-leuzen_4.6.2024_Feba-Sukmana.jpg?image-crop-positioner-ts=1766139380","contentUrl":"https:\/\/www.erasmusmagazine.nl\/en\/wp-content\/uploads\/sites\/8\/2024\/06\/04153310\/Dag5-campus-protest-Palestina-campus-plaza-kamp-tenten-borden-leuzen_4.6.2024_Feba-Sukmana.jpg?image-crop-positioner-ts=1766139380","width":2560,"height":1441,"caption":"By the day, the campus protest encampment gets more and more decorated. The protesters make signs mostly on campus."},{"@type":"BreadcrumbList","@id":"https:\/\/www.erasmusmagazine.nl\/en\/2024\/06\/07\/open-letter-from-staff-at-erasmus-cut-all-ties-with-israeli-academic-institutions\/#breadcrumb","itemListElement":[{"@type":"ListItem","position":1,"name":"Home","item":"https:\/\/www.erasmusmagazine.nl\/en\/"},{"@type":"ListItem","position":2,"name":"Open Letter from Staff at Erasmus: Cut all ties with Israeli academic institutions"}]},{"@type":"WebSite","@id":"https:\/\/www.erasmusmagazine.nl\/en\/#website","url":"https:\/\/www.erasmusmagazine.nl\/en\/","name":"Erasmus Magazine","description":"Independent news platform of Erasmus University Rotterdam","potentialAction":[{"@type":"SearchAction","target":{"@type":"EntryPoint","urlTemplate":"https:\/\/www.erasmusmagazine.nl\/en\/?s={search_term_string}"},"query-input":{"@type":"PropertyValueSpecification","valueRequired":true,"valueName":"search_term_string"}}],"inLanguage":"en-GB"}]}},"_links":{"self":[{"href":"https:\/\/www.erasmusmagazine.nl\/en\/wp-json\/wp\/v2\/posts\/169201","targetHints":{"allow":["GET"]}}],"collection":[{"href":"https:\/\/www.erasmusmagazine.nl\/en\/wp-json\/wp\/v2\/posts"}],"about":[{"href":"https:\/\/www.erasmusmagazine.nl\/en\/wp-json\/wp\/v2\/types\/post"}],"author":[{"embeddable":true,"href":"https:\/\/www.erasmusmagazine.nl\/en\/wp-json\/wp\/v2\/users\/15"}],"replies":[{"embeddable":true,"href":"https:\/\/www.erasmusmagazine.nl\/en\/wp-json\/wp\/v2\/comments?post=169201"}],"version-history":[{"count":1,"href":"https:\/\/www.erasmusmagazine.nl\/en\/wp-json\/wp\/v2\/posts\/169201\/revisions"}],"predecessor-version":[{"id":193569,"href":"https:\/\/www.erasmusmagazine.nl\/en\/wp-json\/wp\/v2\/posts\/169201\/revisions\/193569"}],"wp:featuredmedia":[{"embeddable":true,"href":"https:\/\/www.erasmusmagazine.nl\/en\/wp-json\/wp\/v2\/media\/169015"}],"wp:attachment":[{"href":"https:\/\/www.erasmusmagazine.nl\/en\/wp-json\/wp\/v2\/media?parent=169201"}],"wp:term":[{"taxonomy":"category","embeddable":true,"href":"https:\/\/www.erasmusmagazine.nl\/en\/wp-json\/wp\/v2\/categories?post=169201"},{"taxonomy":"em_content_type","embeddable":true,"href":"https:\/\/www.erasmusmagazine.nl\/en\/wp-json\/wp\/v2\/em_content_type?post=169201"}],"curies":[{"name":"wp","href":"https:\/\/api.w.org\/{rel}","templated":true}]}}