{"id":168800,"date":"2024-06-01T18:08:32","date_gmt":"2024-06-01T16:08:32","guid":{"rendered":"https:\/\/www.erasmusmagazine.nl\/en\/?p=168800"},"modified":"2025-12-19T11:27:22","modified_gmt":"2025-12-19T10:27:22","slug":"third-day-encampment-on-campus-goes-quietly-following-incident-friday-night","status":"publish","type":"post","link":"https:\/\/www.erasmusmagazine.nl\/en\/2024\/06\/01\/third-day-encampment-on-campus-goes-quietly-following-incident-friday-night\/","title":{"rendered":"Third day encampment on campus goes quietly, following incident Friday night"},"content":{"rendered":"<p>The demonstration on campus has now entered its third day. Although it seems to be calm now, there was an incident yesterday in the early evening when a man carrying an Israeli flag came to the demonstration and was then chased off campus by protesters. Saturday night, according to an EM employee, there are about 20 protesters present.<\/p>\n<figure class=\"wp-block-image size-large is-resized\"><img loading=\"lazy\" decoding=\"async\" width=\"1600\" height=\"1067\" src=\"https:\/\/www.erasmusmagazine.nl\/en\/wp-content\/uploads\/sites\/8\/2024\/06\/01191332\/3edag_1juni2024_protest-palestina-gaza-campus-plaza-studenten_kamp-tenten-Polak-politie_Daan-Stam-1600x1067.jpg?image-crop-positioner-ts=1766139379\" alt=\"\" class=\"wp-image-168811\" srcset=\"https:\/\/www.erasmusmagazine.nl\/en\/wp-content\/uploads\/sites\/8\/2024\/06\/01191332\/3edag_1juni2024_protest-palestina-gaza-campus-plaza-studenten_kamp-tenten-Polak-politie_Daan-Stam-1600x1067.jpg?image-crop-positioner-ts=1766139379 1600w, https:\/\/www.erasmusmagazine.nl\/en\/wp-content\/uploads\/sites\/8\/2024\/06\/01191332\/3edag_1juni2024_protest-palestina-gaza-campus-plaza-studenten_kamp-tenten-Polak-politie_Daan-Stam-875x583.jpg?image-crop-positioner-ts=1766139379 875w, https:\/\/www.erasmusmagazine.nl\/en\/wp-content\/uploads\/sites\/8\/2024\/06\/01191332\/3edag_1juni2024_protest-palestina-gaza-campus-plaza-studenten_kamp-tenten-Polak-politie_Daan-Stam-300x200.jpg?image-crop-positioner-ts=1766139379 300w, https:\/\/www.erasmusmagazine.nl\/en\/wp-content\/uploads\/sites\/8\/2024\/06\/01191332\/3edag_1juni2024_protest-palestina-gaza-campus-plaza-studenten_kamp-tenten-Polak-politie_Daan-Stam-1280x854.jpg?image-crop-positioner-ts=1766139379 1280w, https:\/\/www.erasmusmagazine.nl\/en\/wp-content\/uploads\/sites\/8\/2024\/06\/01191332\/3edag_1juni2024_protest-palestina-gaza-campus-plaza-studenten_kamp-tenten-Polak-politie_Daan-Stam-1536x1024.jpg?image-crop-positioner-ts=1766139379 1536w, https:\/\/www.erasmusmagazine.nl\/en\/wp-content\/uploads\/sites\/8\/2024\/06\/01191332\/3edag_1juni2024_protest-palestina-gaza-campus-plaza-studenten_kamp-tenten-Polak-politie_Daan-Stam-2048x1366.jpg?image-crop-positioner-ts=1766139379 2048w, https:\/\/www.erasmusmagazine.nl\/en\/wp-content\/uploads\/sites\/8\/2024\/06\/01191332\/3edag_1juni2024_protest-palestina-gaza-campus-plaza-studenten_kamp-tenten-Polak-politie_Daan-Stam-150x100.jpg?image-crop-positioner-ts=1766139379 150w, https:\/\/www.erasmusmagazine.nl\/en\/wp-content\/uploads\/sites\/8\/2024\/06\/01191332\/3edag_1juni2024_protest-palestina-gaza-campus-plaza-studenten_kamp-tenten-Polak-politie_Daan-Stam-225x150.jpg?image-crop-positioner-ts=1766139379 225w\" sizes=\"auto, (max-width: 1600px) 100vw, 1600px\" \/><figcaption class=\"wp-element-caption\"><p><span>Police visit the encampement for a surveillance round late Saturday afternoon.<\/span><\/p> <p data-component=\"image-credits\" class=\"flex flex-wrap gap-2 items-center text-base\">\n\t<span aria-hidden=\"true\"><svg width=\"24\" height=\"24\" viewBox=\"0 0 24 24\" fill=\"none\" xmlns=\"http:\/\/www.w3.org\/2000\/svg\">\n<path d=\"M19.5 5.25H16.9012L15.6234 3.33375C15.555 3.23114 15.4623 3.147 15.3535 3.08879C15.2448 3.03057 15.1233 3.00007 15 3H9C8.87665 3.00007 8.75522 3.03057 8.64648 3.08879C8.53773 3.147 8.44502 3.23114 8.37656 3.33375L7.09781 5.25H4.5C3.90326 5.25 3.33097 5.48705 2.90901 5.90901C2.48705 6.33097 2.25 6.90326 2.25 7.5V18C2.25 18.5967 2.48705 19.169 2.90901 19.591C3.33097 20.0129 3.90326 20.25 4.5 20.25H19.5C20.0967 20.25 20.669 20.0129 21.091 19.591C21.5129 19.169 21.75 18.5967 21.75 18V7.5C21.75 6.90326 21.5129 6.33097 21.091 5.90901C20.669 5.48705 20.0967 5.25 19.5 5.25ZM15.375 12.375C15.375 13.0425 15.1771 13.695 14.8062 14.25C14.4354 14.8051 13.9083 15.2376 13.2916 15.4931C12.6749 15.7485 11.9963 15.8154 11.3416 15.6852C10.6869 15.5549 10.0855 15.2335 9.61351 14.7615C9.14151 14.2895 8.82007 13.6881 8.68985 13.0334C8.55962 12.3787 8.62646 11.7001 8.88191 11.0834C9.13735 10.4667 9.56993 9.93964 10.125 9.56879C10.68 9.19794 11.3325 9 12 9C12.8951 9 13.7535 9.35558 14.3865 9.98851C15.0194 10.6214 15.375 11.4799 15.375 12.375Z\" fill=\"currentColor\"\/>\n<\/svg>\n<\/span>\n\t<span class=\"sr-only\">Image by:<\/span>\n\n\t\t\t<span>\n\t\t\t\t\t\t\t<a href=\"https:\/\/www.erasmusmagazine.nl\/en\/persons\/daan-stam\/\" class=\"underline hocus:no-underline decoration-1 underline-offset-2\">Daan Stam<\/a>\t\t\t\t\t<\/span>\n\t<\/p>\n<\/figcaption><\/figure><p>On its website, the university strongly condemned the chase. \u201cWe emphatically stand against the events of last night. There is no room for anti-Semitic or Islamophobic expressions on the Woudestein campus. When these rules are violated the safety of students, staff and protesters cannot be guaranteed. This is testing the limits of our own possibilities here\u201d, the university says on its <a href=\"https:\/\/www.eur.nl\/en\/news\/update-demonstrations-campus-woudestein\">liveblog<\/a> about the situation.<\/p>\n<h2 class=\"wp-block-heading\">Student with Israeli flag<\/h2><p>A video showing the man being chased by a group of protesters is frequently shared on social media. According to the university, the man carrying the Israeli flag is said to be an Erasmus University student.<\/p>\n<p>The video shows the man with the flag walking towards the plaza where the protesters have set up their tents. There he is approached and chased by a group of about six people whereupon the man runs away and eventually disappears between the buildings behind the Van der Goot building. According to the university, security guards intervened, which cannot be seen on the video, the protesters also deny that security intervened, says \u00c7a\u011flar K\u00f6seo\u011flu, the lecturer speaking on behalf of the protesters.<br>\nAccording to a university spokesperson, security guards intervened out of sight of the video, and there was also said to have been contact with the student carrying the Israeli flag afterwards.<\/p>\n<h2 class=\"wp-block-heading\">Limits of capabilities<\/h2><p>The university says it is in constant and close contact with \u2018the triangle\u2019 about \u2018the manageability of the situation\u2019 because it is \u2018reaching the limits of our own capabilities\u2019 with incidents like this.<\/p>\n<p>It strikes K\u00f6seo\u011flu that for the first time since the start of the demonstration last Thursday, the university is talking about possibly not being able to guarantee the safety of students and staff on campus. \u201cEspecially since we have recently seen how on canmpuses in the Netherlands \u2018safety\u2019 has been invoked to create the most unsafe situations for both students and teachers.\u201d<\/p>\n<h2 class=\"wp-block-heading\">No conversation yet<\/h2><p>It has not yet come to a conversation between the protesters and the Executive Board. According to spokesperson K\u00f6seo\u011flu, the students are willing to engage in a conversation but under certain conditions: namely, that it takes place in public at the encampment, and that there is no negotiation over the demands they have made.<\/p>\n<p>The Executive Board, the spokesperson said, has three requirements for a conversation namely that the students do not wear face coverings and can identify themselves, and that the conversation takes place in a quiet place and not at the encampment as the protesters want. \u201cWe looked to see if we could find a place that was quiet, but where the protesters would have a view of the group, but we didn\u2019t come up with that, but this offer still stands,\u201d the spokesperson says.<\/p>\n\n\t<div data-name=\"acf\/posts-list\" >\n\t\t\n\t\t<div class=\"space-y-6 md:space-y-8\">\n\n\t\t\t\t\t\t\t<h2 class=\"text-lg md:text-xl\">Read more<\/h2>\n\t\t\t\n\t\t\t<ul class=\"grid items-strecth grid-cols-1 gap-2 md:gap-4 lg:gap-8\">\n\t\t\t\t\t\t\t\t\t\t\t\t\t\t\n\t\t\t\t\t<li class=\"@container\">\n\t\t\t\t\t\t\n<div data-component=\"teaser-post-small\" class=\"block-theme-sand  relative flex h-full bg-sand-300\n\tblock-theme-violet:bg-white block-theme-violet:text-purple block-theme-mocha:bg-sand-500 block-theme-mocha:text-brown\n\tblock-theme-sand:bg-sand-300 block-theme-sand:text-neutral-900\n\tblock-theme-violet:outline-purple-100 block-theme-violet:outline-1 block-theme-violet:outline-t-0\n\ttheme-mocha:bg-white! theme-violet:bg-white! theme-sand:bg-white!\n\tflex-row gap-4 @md:gap-8 p-4 @md:p-6\">\n\t\t\t<div class=\"image:w-full image:aspect-square image:object-cover shrink-0 size-17.5 @sm:size-21.25 @md:size-30 @lg:size-40\">\n\t\t\t<img loading=\"lazy\" decoding=\"async\" width=\"460\" height=\"307\" src=\"https:\/\/www.erasmusmagazine.nl\/en\/wp-content\/uploads\/sites\/8\/2024\/05\/31105632\/Protest-palestina-gaza-campus-plaza-studenten-avond_30mei2024_verf-paint-leuzen-graffiti2_Daan-Stam.jpg?image-crop-positioner-ts=1766139379\" class=\"attachment-square_lg size-square_lg\" alt=\"\" srcset=\"https:\/\/www.erasmusmagazine.nl\/en\/wp-content\/uploads\/sites\/8\/2024\/05\/31105632\/Protest-palestina-gaza-campus-plaza-studenten-avond_30mei2024_verf-paint-leuzen-graffiti2_Daan-Stam.jpg?image-crop-positioner-ts=1766139379 2560w, https:\/\/www.erasmusmagazine.nl\/en\/wp-content\/uploads\/sites\/8\/2024\/05\/31105632\/Protest-palestina-gaza-campus-plaza-studenten-avond_30mei2024_verf-paint-leuzen-graffiti2_Daan-Stam-875x583.jpg?image-crop-positioner-ts=1766139379 875w, https:\/\/www.erasmusmagazine.nl\/en\/wp-content\/uploads\/sites\/8\/2024\/05\/31105632\/Protest-palestina-gaza-campus-plaza-studenten-avond_30mei2024_verf-paint-leuzen-graffiti2_Daan-Stam-1600x1067.jpg?image-crop-positioner-ts=1766139379 1600w, https:\/\/www.erasmusmagazine.nl\/en\/wp-content\/uploads\/sites\/8\/2024\/05\/31105632\/Protest-palestina-gaza-campus-plaza-studenten-avond_30mei2024_verf-paint-leuzen-graffiti2_Daan-Stam-300x200.jpg?image-crop-positioner-ts=1766139379 300w, https:\/\/www.erasmusmagazine.nl\/en\/wp-content\/uploads\/sites\/8\/2024\/05\/31105632\/Protest-palestina-gaza-campus-plaza-studenten-avond_30mei2024_verf-paint-leuzen-graffiti2_Daan-Stam-1280x854.jpg?image-crop-positioner-ts=1766139379 1280w, https:\/\/www.erasmusmagazine.nl\/en\/wp-content\/uploads\/sites\/8\/2024\/05\/31105632\/Protest-palestina-gaza-campus-plaza-studenten-avond_30mei2024_verf-paint-leuzen-graffiti2_Daan-Stam-1536x1024.jpg?image-crop-positioner-ts=1766139379 1536w, https:\/\/www.erasmusmagazine.nl\/en\/wp-content\/uploads\/sites\/8\/2024\/05\/31105632\/Protest-palestina-gaza-campus-plaza-studenten-avond_30mei2024_verf-paint-leuzen-graffiti2_Daan-Stam-2048x1366.jpg?image-crop-positioner-ts=1766139379 2048w, https:\/\/www.erasmusmagazine.nl\/en\/wp-content\/uploads\/sites\/8\/2024\/05\/31105632\/Protest-palestina-gaza-campus-plaza-studenten-avond_30mei2024_verf-paint-leuzen-graffiti2_Daan-Stam-150x100.jpg?image-crop-positioner-ts=1766139379 150w, https:\/\/www.erasmusmagazine.nl\/en\/wp-content\/uploads\/sites\/8\/2024\/05\/31105632\/Protest-palestina-gaza-campus-plaza-studenten-avond_30mei2024_verf-paint-leuzen-graffiti2_Daan-Stam-225x150.jpg?image-crop-positioner-ts=1766139379 225w\" sizes=\"auto, (max-width: 460px) 100vw, 460px\" \/>\n\t\t<\/div>\n\t\n\t<div class=\"flex flex-col gap-2 md:gap-4 \">\n\t\t\t\t<h3 class=\"text-md @lg:text-lg\">\n\t\t\t<a href=\"https:\/\/www.erasmusmagazine.nl\/en\/2024\/05\/31\/protesters-camp-overnight-plan-on-staying-until-university-acknowledges-demands\/\" class=\"absolute-link text-current hocus:underline inline-block\">\n\t\t\t\tProtesters camp overnight, plan on staying &#8216;until university acknowledges demands&#8217;\n\t\t\t<\/a>\n\t\t<\/h3>\n\n\t\t<div class=\"flex flex-wrap gap-4 items-center\">\n\t\t\t<span class=\"sr-only\">Gepubliceerd op:<\/span>\n\t\t\t<time class=\"text-sm font-soehne text-neutral-900\" datetime=\"2024-05-31\">31 May 2024<\/time>\n\n\t\t\t\t\t\t\t\t\t\t\t\n\t<ul data-component=\"list-badges\" class=\"flex items-center gap-2 flex-wrap\" aria-label=\"Geplaatst in categorie\">\n\t\t\t\t\t<li>\n\t\t\t\t\t<div data-component=\"badge\" class=\"block-theme-violet:bg-purple font-soehne font-bold text-sm bg-brown-600 block-theme-violet:bg-purple text-white py-[2px] px-2\">\n\t\t\t\t\tProtest\n\t\t\t<\/div>\n\t\t\t<\/li>\n\t\t\t<\/ul>\n\t\t\t\t\t<\/div>\n\n\t\t\t<\/div>\n<\/div>\n\t\t\t\t\t<\/li>\n\t\t\t\t\t\t\t<\/ul>\n\n\t\t\t\t\t<\/div>\n\t<\/div>\n\n\t<div data-name=\"acf\/persons\" class=\"mt-6 md:mt-8 lg:mt-10\" >\n\t\t\t\t\t<h2 class=\"sr-only\">De redactie<\/h2>\n\t\t\n\t\t<div class=\"space-y-6\">\n\n\t\t\t\n\t\t\t<ul class=\"grid grid-cols-1 md:grid-cols-2 gap-4 md:gap-8 md:items-center\">\n\t\t\t\t\t\t\t\t\t\t\t\t\t\t<li>\n\t\t\t\t\t\t<div data-component=\"teaser-person\" class=\"relative flex gap-4 items-center md:gap-8\">\n\n\t\t\t<span class=\"image:rounded-full image:size-20 image:aspect-square image:object-cover md:image:size-36 shrink-0\">\n\t\t\t<img loading=\"lazy\" decoding=\"async\" width=\"1600\" height=\"1600\" src=\"https:\/\/www.erasmusmagazine.nl\/en\/wp-content\/uploads\/sites\/8\/Wieneke-Gunneweg_profielfoto-bol_Leroy-Verbeet-2026-1600x1600.jpg?image-crop-positioner-ts=1768313465\" class=\"attachment-large size-large\" alt=\"\" srcset=\"https:\/\/www.erasmusmagazine.nl\/en\/wp-content\/uploads\/sites\/8\/Wieneke-Gunneweg_profielfoto-bol_Leroy-Verbeet-2026-1600x1600.jpg?image-crop-positioner-ts=1768313465 1600w, https:\/\/www.erasmusmagazine.nl\/en\/wp-content\/uploads\/sites\/8\/Wieneke-Gunneweg_profielfoto-bol_Leroy-Verbeet-2026-875x875.jpg?image-crop-positioner-ts=1768313465 875w, https:\/\/www.erasmusmagazine.nl\/en\/wp-content\/uploads\/sites\/8\/Wieneke-Gunneweg_profielfoto-bol_Leroy-Verbeet-2026-300x300.jpg?image-crop-positioner-ts=1768313465 300w, https:\/\/www.erasmusmagazine.nl\/en\/wp-content\/uploads\/sites\/8\/Wieneke-Gunneweg_profielfoto-bol_Leroy-Verbeet-2026-1280x1280.jpg?image-crop-positioner-ts=1768313465 1280w, https:\/\/www.erasmusmagazine.nl\/en\/wp-content\/uploads\/sites\/8\/Wieneke-Gunneweg_profielfoto-bol_Leroy-Verbeet-2026-1536x1536.jpg?image-crop-positioner-ts=1768313465 1536w, https:\/\/www.erasmusmagazine.nl\/en\/wp-content\/uploads\/sites\/8\/Wieneke-Gunneweg_profielfoto-bol_Leroy-Verbeet-2026-2048x2048.jpg?image-crop-positioner-ts=1768313465 2048w\" sizes=\"auto, (max-width: 1600px) 100vw, 1600px\" \/>\n\t\t<\/span>\n\t\n\t<div>\n\t\t<a href=\"https:\/\/www.erasmusmagazine.nl\/en\/persons\/wieneke-gunneweg\/\" class=\"absolute-link font-tiempos-headline underline hocus:no-underline decoration-1 underline-offset-2 text-lg text-current\">Wieneke Gunneweg<\/a>\n\n\t\t\t\t\t<p class=\"text-md\">Editor-in-chief<\/p>\n\t\t\t<\/div>\n<\/div>\n\t\t\t\t\t<\/li>\n\t\t\t\t\t\t\t<\/ul>\n\t\t<\/div>\n\t<\/div>\n\n\t<div data-name=\"acf\/posts\" class=\"alignfull py-6 md:py-8 lg:py-10 bg-white\" >\n\t\t<div class=\"container-fixed\">\n\n\t\t\t\n\t\t\t<div class=\"space-y-6 md:space-y-8\">\n\n\t\t\t\t\t\t\t\t\t<h2 class=\"text-xl md:text-2xl\">Latest news<\/h2>\n\t\t\t\t\n\t\t\t\t\t\n\t<ul data-component=\"post-grid\" class=\"grid items-stretch grid-cols-1 gap-2 md:gap-4 lg:gap-8 text-zoom-lg:grid-cols-1\n\t\t\n\t\tlg:grid-cols-3\n\t\t\">\n\n\t\t\n\t\t\t\t\t\t\n\t\t\t\n\t\t\t<li class=\"@container\">\n\t\t\t\t\n<div data-component=\"teaser-post\" class=\"block-theme-mocha hidden lg:flex h-full relative flex bg-sand-300\n\tblock-theme-violet:bg-white block-theme-violet:text-purple block-theme-mocha:bg-sand-500 block-theme-mocha:text-brown\n\tblock-theme-sand:bg-sand-300 block-theme-sand:text-neutral-900\n\tblock-theme-violet:outline-purple-100 block-theme-violet:outline-1 block-theme-violet:outline-t-0\n\tflex-col @xl:flex-row\">\n\t\t\t<div class=\"relative image:w-full image:aspect-video image:object-cover shrink-0 w-full @xl:w-1\/2\">\n\t\t\t<img loading=\"lazy\" decoding=\"async\" width=\"1280\" height=\"720\" src=\"https:\/\/www.erasmusmagazine.nl\/en\/wp-content\/uploads\/sites\/8\/Benita-Bocoum-dresscode-Daan-Stam-6-scaled-1280x720.jpg?image-crop-positioner-ts=1777538387\" class=\"attachment-video_xl size-video_xl\" alt=\"\" srcset=\"https:\/\/www.erasmusmagazine.nl\/en\/wp-content\/uploads\/sites\/8\/Benita-Bocoum-dresscode-Daan-Stam-6-scaled-1280x720.jpg?image-crop-positioner-ts=1777538387 1280w, https:\/\/www.erasmusmagazine.nl\/en\/wp-content\/uploads\/sites\/8\/Benita-Bocoum-dresscode-Daan-Stam-6-scaled-500x282.jpg?image-crop-positioner-ts=1777538387 500w, https:\/\/www.erasmusmagazine.nl\/en\/wp-content\/uploads\/sites\/8\/Benita-Bocoum-dresscode-Daan-Stam-6-scaled-832x468.jpg?image-crop-positioner-ts=1777538387 832w\" sizes=\"auto, (max-width: 1280px) 100vw, 1280px\" \/>\n\n\t\t\t\t\t<\/div>\n\t\n\t<div class=\"flex flex-col gap-2 md:gap-4 p-4 @md:p-8 @xl:p-8 \">\n\n\t\t\t\t<h3 class=\"text-md @sm:text-xl @md:text-2xl @xl:text-2xl\">\n\t\t\t<a href=\"https:\/\/www.erasmusmagazine.nl\/en\/2026\/04\/30\/benita-draagt-regenlaarzen-voor-de-sier\/\" class=\"absolute-link text-current underline-offset-2 decoration-2 hocus:underline @md:decoration-3 @xl:decoration-4 inline-block\">\n\t\t\t\tBenita wears rain boots for show\n\t\t\t<\/a>\n\t\t<\/h3>\n\n\t\t<div class=\"flex flex-wrap gap-4 items-center\">\n\t\t\t<span class=\"sr-only\">Gepubliceerd op:<\/span>\n\t\t\t<time class=\"text-sm font-soehne text-neutral-900\" datetime=\"2026-04-30\">30 April 2026<\/time>\n\n\t\t\t\t\t\t\t\t\t\t\t\n\t<ul data-component=\"list-badges\" class=\"flex items-center gap-2 flex-wrap\" aria-label=\"Geplaatst in categorie\">\n\t\t\t\t\t<li>\n\t\t\t\t\t<div data-component=\"badge\" class=\"block-theme-violet:bg-purple font-soehne font-bold text-sm bg-brown-600 block-theme-violet:bg-purple text-white py-[2px] px-2\">\n\t\t\t\t\tDress code\n\t\t\t<\/div>\n\t\t\t<\/li>\n\t\t\t<\/ul>\n\t\t\t\t\t<\/div>\n\n\t\t\t<\/div>\n<\/div>\n\t\t\t\t\t\t\t\t\t\n<div data-component=\"teaser-post-small\" class=\"block-theme-mocha lg:hidden relative flex h-full bg-sand-300\n\tblock-theme-violet:bg-white block-theme-violet:text-purple block-theme-mocha:bg-sand-500 block-theme-mocha:text-brown\n\tblock-theme-sand:bg-sand-300 block-theme-sand:text-neutral-900\n\tblock-theme-violet:outline-purple-100 block-theme-violet:outline-1 block-theme-violet:outline-t-0\n\ttheme-mocha:bg-white! theme-violet:bg-white! theme-sand:bg-white!\n\tflex-row gap-4 @md:gap-8 p-4 @md:p-6\">\n\t\t\t<div class=\"image:w-full image:aspect-square image:object-cover shrink-0 size-17.5 @sm:size-21.25 @md:size-30 @lg:size-40\">\n\t\t\t<img loading=\"lazy\" decoding=\"async\" width=\"460\" height=\"460\" src=\"https:\/\/www.erasmusmagazine.nl\/en\/wp-content\/uploads\/sites\/8\/Benita-Bocoum-dresscode-Daan-Stam-6-scaled-460x460.jpg?image-crop-positioner-ts=1777538387\" class=\"attachment-square_lg size-square_lg\" alt=\"\" srcset=\"https:\/\/www.erasmusmagazine.nl\/en\/wp-content\/uploads\/sites\/8\/Benita-Bocoum-dresscode-Daan-Stam-6-scaled-460x460.jpg?image-crop-positioner-ts=1777538387 460w, https:\/\/www.erasmusmagazine.nl\/en\/wp-content\/uploads\/sites\/8\/Benita-Bocoum-dresscode-Daan-Stam-6-scaled-115x115.jpg?image-crop-positioner-ts=1777538387 115w, https:\/\/www.erasmusmagazine.nl\/en\/wp-content\/uploads\/sites\/8\/Benita-Bocoum-dresscode-Daan-Stam-6-scaled-230x230.jpg?image-crop-positioner-ts=1777538387 230w\" sizes=\"auto, (max-width: 460px) 100vw, 460px\" \/>\n\t\t<\/div>\n\t\n\t<div class=\"flex flex-col gap-2 md:gap-4 \">\n\t\t\t\t<h3 class=\"text-md @lg:text-lg\">\n\t\t\t<a href=\"https:\/\/www.erasmusmagazine.nl\/en\/2026\/04\/30\/benita-draagt-regenlaarzen-voor-de-sier\/\" class=\"absolute-link text-current hocus:underline inline-block\">\n\t\t\t\tBenita wears rain boots for show\n\t\t\t<\/a>\n\t\t<\/h3>\n\n\t\t<div class=\"flex flex-wrap gap-4 items-center\">\n\t\t\t<span class=\"sr-only\">Gepubliceerd op:<\/span>\n\t\t\t<time class=\"text-sm font-soehne text-neutral-900\" datetime=\"2026-04-30\">30 April 2026<\/time>\n\n\t\t\t\t\t\t\t\t\t\t\t\n\t<ul data-component=\"list-badges\" class=\"flex items-center gap-2 flex-wrap\" aria-label=\"Geplaatst in categorie\">\n\t\t\t\t\t<li>\n\t\t\t\t\t<div data-component=\"badge\" class=\"block-theme-violet:bg-purple font-soehne font-bold text-sm bg-brown-600 block-theme-violet:bg-purple text-white py-[2px] px-2\">\n\t\t\t\t\tDress code\n\t\t\t<\/div>\n\t\t\t<\/li>\n\t\t\t<\/ul>\n\t\t\t\t\t<\/div>\n\n\t\t\t<\/div>\n<\/div>\n\t\t\t\t\t\t\t<\/li>\n\t\t\n\t\t\t\t\t\t\n\t\t\t\n\t\t\t<li class=\"@container\">\n\t\t\t\t\n<div data-component=\"teaser-post\" class=\"block-theme-mocha hidden lg:flex h-full relative flex bg-sand-300\n\tblock-theme-violet:bg-white block-theme-violet:text-purple block-theme-mocha:bg-sand-500 block-theme-mocha:text-brown\n\tblock-theme-sand:bg-sand-300 block-theme-sand:text-neutral-900\n\tblock-theme-violet:outline-purple-100 block-theme-violet:outline-1 block-theme-violet:outline-t-0\n\tflex-col @xl:flex-row\">\n\t\t\t<div class=\"relative image:w-full image:aspect-video image:object-cover shrink-0 w-full @xl:w-1\/2\">\n\t\t\t<img loading=\"lazy\" decoding=\"async\" width=\"1280\" height=\"720\" src=\"https:\/\/www.erasmusmagazine.nl\/en\/wp-content\/uploads\/sites\/8\/20260325_HowToBeARotterdammert_afl2-1280x720.png?image-crop-positioner-ts=1777469691\" class=\"attachment-video_xl size-video_xl\" alt=\"\" srcset=\"https:\/\/www.erasmusmagazine.nl\/en\/wp-content\/uploads\/sites\/8\/20260325_HowToBeARotterdammert_afl2-1280x720.png?image-crop-positioner-ts=1777469691 1280w, https:\/\/www.erasmusmagazine.nl\/en\/wp-content\/uploads\/sites\/8\/20260325_HowToBeARotterdammert_afl2-875x492.png?image-crop-positioner-ts=1777469691 875w, https:\/\/www.erasmusmagazine.nl\/en\/wp-content\/uploads\/sites\/8\/20260325_HowToBeARotterdammert_afl2-1600x900.png?image-crop-positioner-ts=1777469691 1600w, https:\/\/www.erasmusmagazine.nl\/en\/wp-content\/uploads\/sites\/8\/20260325_HowToBeARotterdammert_afl2-300x169.png?image-crop-positioner-ts=1777469691 300w, https:\/\/www.erasmusmagazine.nl\/en\/wp-content\/uploads\/sites\/8\/20260325_HowToBeARotterdammert_afl2-1536x864.png?image-crop-positioner-ts=1777469691 1536w, https:\/\/www.erasmusmagazine.nl\/en\/wp-content\/uploads\/sites\/8\/20260325_HowToBeARotterdammert_afl2-2048x1152.png?image-crop-positioner-ts=1777469691 2048w, https:\/\/www.erasmusmagazine.nl\/en\/wp-content\/uploads\/sites\/8\/20260325_HowToBeARotterdammert_afl2-500x282.png?image-crop-positioner-ts=1777469691 500w, https:\/\/www.erasmusmagazine.nl\/en\/wp-content\/uploads\/sites\/8\/20260325_HowToBeARotterdammert_afl2-832x468.png?image-crop-positioner-ts=1777469691 832w\" sizes=\"auto, (max-width: 1280px) 100vw, 1280px\" \/>\n\n\t\t\t\t\t\t\t<span class=\"@xl:hidden absolute -bottom-9 @md:-bottom-12 right-0 bg-brown text-white aspect-square size-9 block-theme-violet:bg-purple grid place-content-center @md:size-12 svg:size-4 @md:svg:size-6 @xl:svg:size-6\" aria-hidden=\"true\">\n\t\t\t\t\t<svg width=\"18\" height=\"20\" viewBox=\"0 0 18 20\" fill=\"none\" xmlns=\"http:\/\/www.w3.org\/2000\/svg\">\n<path d=\"M17.25 9.99998C17.2506 10.2546 17.1853 10.5051 17.0605 10.727C16.9356 10.949 16.7555 11.1348 16.5375 11.2665L3.03 19.5297C2.80227 19.6691 2.54144 19.7452 2.27445 19.7502C2.00746 19.7551 1.74399 19.6887 1.51125 19.5578C1.28073 19.4289 1.0887 19.2409 0.954904 19.0132C0.821111 18.7855 0.750385 18.5263 0.75 18.2622V1.73779C0.750385 1.47368 0.821111 1.21445 0.954904 0.986734C1.0887 0.759022 1.28073 0.571057 1.51125 0.442167C1.74399 0.311244 2.00746 0.244825 2.27445 0.249769C2.54144 0.254713 2.80227 0.330842 3.03 0.470292L16.5375 8.73342C16.7555 8.86511 16.9356 9.05097 17.0605 9.27291C17.1853 9.49485 17.2506 9.74533 17.25 9.99998Z\" fill=\"currentColor\"\/>\n<\/svg>\n\n\t\t\t\t<\/span>\n\t\t\t\t\t<\/div>\n\t\n\t<div class=\"flex flex-col gap-2 md:gap-4 p-4 @md:p-8 @xl:p-8 pr-11 @md:pr-12 @xl:pr-12\">\n\n\t\t\t\t<h3 class=\"text-md @sm:text-xl @md:text-2xl @xl:text-2xl\">\n\t\t\t<a href=\"https:\/\/www.erasmusmagazine.nl\/en\/2026\/04\/29\/how-to-become-a-rotterdammert-defne-learns-slang-phrases-tebbie-nou-op-je-muil\/\" class=\"absolute-link text-current underline-offset-2 decoration-2 hocus:underline @md:decoration-3 @xl:decoration-4 inline-block\">\n\t\t\t\tHow to become a Rotterdammert: Defne learns slang phrases: &#8216;Tebbie nou op je muil?&#8217;\n\t\t\t<\/a>\n\t\t<\/h3>\n\n\t\t<div class=\"flex flex-wrap gap-4 items-center\">\n\t\t\t<span class=\"sr-only\">Gepubliceerd op:<\/span>\n\t\t\t<time class=\"text-sm font-soehne text-neutral-900\" datetime=\"2026-04-29\">29 April 2026<\/time>\n\n\t\t\t\t\t\t\t\t\t\t\t\n\t<ul data-component=\"list-badges\" class=\"flex items-center gap-2 flex-wrap\" aria-label=\"Geplaatst in categorie\">\n\t\t\t\t\t<li>\n\t\t\t\t\t<div data-component=\"badge\" class=\"block-theme-violet:bg-purple font-soehne font-bold text-sm bg-brown-600 block-theme-violet:bg-purple text-white py-[2px] px-2\">\n\t\t\t\t\tEM TV\n\t\t\t<\/div>\n\t\t\t<\/li>\n\t\t\t<\/ul>\n\t\t\t\t\t<\/div>\n\n\t\t\t\t\t\t\t\t<span class=\"sr-only\">Article type: Video<\/span>\n\t\t\t<span class=\"hidden @xl:grid absolute top-0 right-0 bg-brown text-white aspect-square block-theme-violet:bg-purple place-content-center size-12 svg:size-6\" aria-hidden=\"true\">\n\t\t\t\t<svg width=\"18\" height=\"20\" viewBox=\"0 0 18 20\" fill=\"none\" xmlns=\"http:\/\/www.w3.org\/2000\/svg\">\n<path d=\"M17.25 9.99998C17.2506 10.2546 17.1853 10.5051 17.0605 10.727C16.9356 10.949 16.7555 11.1348 16.5375 11.2665L3.03 19.5297C2.80227 19.6691 2.54144 19.7452 2.27445 19.7502C2.00746 19.7551 1.74399 19.6887 1.51125 19.5578C1.28073 19.4289 1.0887 19.2409 0.954904 19.0132C0.821111 18.7855 0.750385 18.5263 0.75 18.2622V1.73779C0.750385 1.47368 0.821111 1.21445 0.954904 0.986734C1.0887 0.759022 1.28073 0.571057 1.51125 0.442167C1.74399 0.311244 2.00746 0.244825 2.27445 0.249769C2.54144 0.254713 2.80227 0.330842 3.03 0.470292L16.5375 8.73342C16.7555 8.86511 16.9356 9.05097 17.0605 9.27291C17.1853 9.49485 17.2506 9.74533 17.25 9.99998Z\" fill=\"currentColor\"\/>\n<\/svg>\n\n\t\t\t<\/span>\n\t\t\t<\/div>\n<\/div>\n\t\t\t\t\t\t\t\t\t\n<div data-component=\"teaser-post-small\" class=\"block-theme-mocha lg:hidden relative flex h-full bg-sand-300\n\tblock-theme-violet:bg-white block-theme-violet:text-purple block-theme-mocha:bg-sand-500 block-theme-mocha:text-brown\n\tblock-theme-sand:bg-sand-300 block-theme-sand:text-neutral-900\n\tblock-theme-violet:outline-purple-100 block-theme-violet:outline-1 block-theme-violet:outline-t-0\n\ttheme-mocha:bg-white! theme-violet:bg-white! theme-sand:bg-white!\n\tflex-row gap-4 @md:gap-8 p-4 @md:p-6\">\n\t\t\t<div class=\"image:w-full image:aspect-square image:object-cover shrink-0 size-17.5 @sm:size-21.25 @md:size-30 @lg:size-40\">\n\t\t\t<img loading=\"lazy\" decoding=\"async\" width=\"460\" height=\"460\" src=\"https:\/\/www.erasmusmagazine.nl\/en\/wp-content\/uploads\/sites\/8\/20260325_HowToBeARotterdammert_afl2-460x460.png?image-crop-positioner-ts=1777469691\" class=\"attachment-square_lg size-square_lg\" alt=\"\" srcset=\"https:\/\/www.erasmusmagazine.nl\/en\/wp-content\/uploads\/sites\/8\/20260325_HowToBeARotterdammert_afl2-460x460.png?image-crop-positioner-ts=1777469691 460w, https:\/\/www.erasmusmagazine.nl\/en\/wp-content\/uploads\/sites\/8\/20260325_HowToBeARotterdammert_afl2-115x115.png?image-crop-positioner-ts=1777469691 115w, https:\/\/www.erasmusmagazine.nl\/en\/wp-content\/uploads\/sites\/8\/20260325_HowToBeARotterdammert_afl2-230x230.png?image-crop-positioner-ts=1777469691 230w\" sizes=\"auto, (max-width: 460px) 100vw, 460px\" \/>\n\t\t<\/div>\n\t\n\t<div class=\"flex flex-col gap-2 md:gap-4 pr-11 @md:pr-12 @lg:pr-12\">\n\t\t\t\t<h3 class=\"text-md @lg:text-lg\">\n\t\t\t<a href=\"https:\/\/www.erasmusmagazine.nl\/en\/2026\/04\/29\/how-to-become-a-rotterdammert-defne-learns-slang-phrases-tebbie-nou-op-je-muil\/\" class=\"absolute-link text-current hocus:underline inline-block\">\n\t\t\t\tHow to become a Rotterdammert: Defne learns slang phrases: &#8216;Tebbie nou op je muil?&#8217;\n\t\t\t<\/a>\n\t\t<\/h3>\n\n\t\t<div class=\"flex flex-wrap gap-4 items-center\">\n\t\t\t<span class=\"sr-only\">Gepubliceerd op:<\/span>\n\t\t\t<time class=\"text-sm font-soehne text-neutral-900\" datetime=\"2026-04-29\">29 April 2026<\/time>\n\n\t\t\t\t\t\t\t\t\t\t\t\n\t<ul data-component=\"list-badges\" class=\"flex items-center gap-2 flex-wrap\" aria-label=\"Geplaatst in categorie\">\n\t\t\t\t\t<li>\n\t\t\t\t\t<div data-component=\"badge\" class=\"block-theme-violet:bg-purple font-soehne font-bold text-sm bg-brown-600 block-theme-violet:bg-purple text-white py-[2px] px-2\">\n\t\t\t\t\tEM TV\n\t\t\t<\/div>\n\t\t\t<\/li>\n\t\t\t<\/ul>\n\t\t\t\t\t<\/div>\n\n\t\t\t\t\t\t\t\t<span class=\"sr-only\">Article type: Video<\/span>\n\t\t\t<span class=\"absolute top-0 right-0 bg-brown text-white aspect-square size-9 block-theme-violet:bg-purple grid place-content-center @md:size-12 @lg:size-12 svg:size-4 @md:svg:size-6 @lg:svg:size-6\" aria-hidden=\"true\">\n\t\t\t\t<svg width=\"18\" height=\"20\" viewBox=\"0 0 18 20\" fill=\"none\" xmlns=\"http:\/\/www.w3.org\/2000\/svg\">\n<path d=\"M17.25 9.99998C17.2506 10.2546 17.1853 10.5051 17.0605 10.727C16.9356 10.949 16.7555 11.1348 16.5375 11.2665L3.03 19.5297C2.80227 19.6691 2.54144 19.7452 2.27445 19.7502C2.00746 19.7551 1.74399 19.6887 1.51125 19.5578C1.28073 19.4289 1.0887 19.2409 0.954904 19.0132C0.821111 18.7855 0.750385 18.5263 0.75 18.2622V1.73779C0.750385 1.47368 0.821111 1.21445 0.954904 0.986734C1.0887 0.759022 1.28073 0.571057 1.51125 0.442167C1.74399 0.311244 2.00746 0.244825 2.27445 0.249769C2.54144 0.254713 2.80227 0.330842 3.03 0.470292L16.5375 8.73342C16.7555 8.86511 16.9356 9.05097 17.0605 9.27291C17.1853 9.49485 17.2506 9.74533 17.25 9.99998Z\" fill=\"currentColor\"\/>\n<\/svg>\n\n\t\t\t<\/span>\n\t\t\t<\/div>\n<\/div>\n\t\t\t\t\t\t\t<\/li>\n\t\t\n\t\t\t\t\t\t\n\t\t\t\n\t\t\t<li class=\"@container\">\n\t\t\t\t\n<div data-component=\"teaser-post\" class=\"block-theme-violet hidden lg:flex h-full relative flex bg-sand-300\n\tblock-theme-violet:bg-white block-theme-violet:text-purple block-theme-mocha:bg-sand-500 block-theme-mocha:text-brown\n\tblock-theme-sand:bg-sand-300 block-theme-sand:text-neutral-900\n\tblock-theme-violet:outline-purple-100 block-theme-violet:outline-1 block-theme-violet:outline-t-0\n\tflex-col @xl:flex-row\">\n\t\t\t<div class=\"relative image:w-full image:aspect-video image:object-cover shrink-0 w-full @xl:w-1\/2\">\n\t\t\t<img loading=\"lazy\" decoding=\"async\" width=\"1280\" height=\"720\" src=\"https:\/\/www.erasmusmagazine.nl\/en\/wp-content\/uploads\/sites\/8\/Laila-Kozarki_foto2_columnist_jan2026_Geisje-van-der-Linden-1280x720.jpg?image-crop-positioner-ts=1769522817\" class=\"attachment-video_xl size-video_xl\" alt=\"\" srcset=\"https:\/\/www.erasmusmagazine.nl\/en\/wp-content\/uploads\/sites\/8\/Laila-Kozarki_foto2_columnist_jan2026_Geisje-van-der-Linden-1280x720.jpg?image-crop-positioner-ts=1769522817 1280w, https:\/\/www.erasmusmagazine.nl\/en\/wp-content\/uploads\/sites\/8\/Laila-Kozarki_foto2_columnist_jan2026_Geisje-van-der-Linden-500x282.jpg?image-crop-positioner-ts=1769522817 500w, https:\/\/www.erasmusmagazine.nl\/en\/wp-content\/uploads\/sites\/8\/Laila-Kozarki_foto2_columnist_jan2026_Geisje-van-der-Linden-832x468.jpg?image-crop-positioner-ts=1769522817 832w\" sizes=\"auto, (max-width: 1280px) 100vw, 1280px\" \/>\n\n\t\t\t\t\t<\/div>\n\t\n\t<div class=\"flex flex-col gap-2 md:gap-4 p-4 @md:p-8 @xl:p-8 \">\n\n\t\t\t\t<h3 class=\"text-md @sm:text-xl @md:text-2xl @xl:text-2xl\">\n\t\t\t<a href=\"https:\/\/www.erasmusmagazine.nl\/en\/2026\/04\/29\/wachten-op-de-warmte\/\" class=\"absolute-link text-current underline-offset-2 decoration-2 hocus:underline @md:decoration-3 @xl:decoration-4 inline-block\">\n\t\t\t\tWaiting for the warmth\n\t\t\t<\/a>\n\t\t<\/h3>\n\n\t\t<div class=\"flex flex-wrap gap-4 items-center\">\n\t\t\t<span class=\"sr-only\">Gepubliceerd op:<\/span>\n\t\t\t<time class=\"text-sm font-soehne text-neutral-900\" datetime=\"2026-04-29\">29 April 2026<\/time>\n\n\t\t\t\t\t\t\t\t\t\t\t\n\t<ul data-component=\"list-badges\" class=\"flex items-center gap-2 flex-wrap\" aria-label=\"Geplaatst in categorie\">\n\t\t\t\t\t<li>\n\t\t\t\t\t<div data-component=\"badge\" class=\"block-theme-violet:bg-purple font-soehne font-bold text-sm bg-brown-600 block-theme-violet:bg-purple text-white py-[2px] px-2\">\n\t\t\t\t\tColumn\n\t\t\t<\/div>\n\t\t\t<\/li>\n\t\t\t<\/ul>\n\t\t\t\t\t<\/div>\n\n\t\t\t<\/div>\n<\/div>\n\t\t\t\t\t\t\t\t\t\n<div data-component=\"teaser-post-small\" class=\"block-theme-violet lg:hidden relative flex h-full bg-sand-300\n\tblock-theme-violet:bg-white block-theme-violet:text-purple block-theme-mocha:bg-sand-500 block-theme-mocha:text-brown\n\tblock-theme-sand:bg-sand-300 block-theme-sand:text-neutral-900\n\tblock-theme-violet:outline-purple-100 block-theme-violet:outline-1 block-theme-violet:outline-t-0\n\ttheme-mocha:bg-white! theme-violet:bg-white! theme-sand:bg-white!\n\tflex-row gap-4 @md:gap-8 p-4 @md:p-6\">\n\t\t\t<div class=\"image:w-full image:aspect-square image:object-cover shrink-0 size-17.5 @sm:size-21.25 @md:size-30 @lg:size-40\">\n\t\t\t<img loading=\"lazy\" decoding=\"async\" width=\"460\" height=\"307\" src=\"https:\/\/www.erasmusmagazine.nl\/en\/wp-content\/uploads\/sites\/8\/Laila-Kozarki_foto2_columnist_jan2026_Geisje-van-der-Linden.jpg?image-crop-positioner-ts=1769522817\" class=\"attachment-square_lg size-square_lg\" alt=\"\" srcset=\"https:\/\/www.erasmusmagazine.nl\/en\/wp-content\/uploads\/sites\/8\/Laila-Kozarki_foto2_columnist_jan2026_Geisje-van-der-Linden.jpg?image-crop-positioner-ts=1769522817 2560w, https:\/\/www.erasmusmagazine.nl\/en\/wp-content\/uploads\/sites\/8\/Laila-Kozarki_foto2_columnist_jan2026_Geisje-van-der-Linden-875x583.jpg?image-crop-positioner-ts=1769522817 875w, https:\/\/www.erasmusmagazine.nl\/en\/wp-content\/uploads\/sites\/8\/Laila-Kozarki_foto2_columnist_jan2026_Geisje-van-der-Linden-1600x1067.jpg?image-crop-positioner-ts=1769522817 1600w, https:\/\/www.erasmusmagazine.nl\/en\/wp-content\/uploads\/sites\/8\/Laila-Kozarki_foto2_columnist_jan2026_Geisje-van-der-Linden-300x200.jpg?image-crop-positioner-ts=1769522817 300w, https:\/\/www.erasmusmagazine.nl\/en\/wp-content\/uploads\/sites\/8\/Laila-Kozarki_foto2_columnist_jan2026_Geisje-van-der-Linden-1280x854.jpg?image-crop-positioner-ts=1769522817 1280w, https:\/\/www.erasmusmagazine.nl\/en\/wp-content\/uploads\/sites\/8\/Laila-Kozarki_foto2_columnist_jan2026_Geisje-van-der-Linden-1536x1024.jpg?image-crop-positioner-ts=1769522817 1536w, https:\/\/www.erasmusmagazine.nl\/en\/wp-content\/uploads\/sites\/8\/Laila-Kozarki_foto2_columnist_jan2026_Geisje-van-der-Linden-2048x1366.jpg?image-crop-positioner-ts=1769522817 2048w\" sizes=\"auto, (max-width: 460px) 100vw, 460px\" \/>\n\t\t<\/div>\n\t\n\t<div class=\"flex flex-col gap-2 md:gap-4 \">\n\t\t\t\t<h3 class=\"text-md @lg:text-lg\">\n\t\t\t<a href=\"https:\/\/www.erasmusmagazine.nl\/en\/2026\/04\/29\/wachten-op-de-warmte\/\" class=\"absolute-link text-current hocus:underline inline-block\">\n\t\t\t\tWaiting for the warmth\n\t\t\t<\/a>\n\t\t<\/h3>\n\n\t\t<div class=\"flex flex-wrap gap-4 items-center\">\n\t\t\t<span class=\"sr-only\">Gepubliceerd op:<\/span>\n\t\t\t<time class=\"text-sm font-soehne text-neutral-900\" datetime=\"2026-04-29\">29 April 2026<\/time>\n\n\t\t\t\t\t\t\t\t\t\t\t\n\t<ul data-component=\"list-badges\" class=\"flex items-center gap-2 flex-wrap\" aria-label=\"Geplaatst in categorie\">\n\t\t\t\t\t<li>\n\t\t\t\t\t<div data-component=\"badge\" class=\"block-theme-violet:bg-purple font-soehne font-bold text-sm bg-brown-600 block-theme-violet:bg-purple text-white py-[2px] px-2\">\n\t\t\t\t\tColumn\n\t\t\t<\/div>\n\t\t\t<\/li>\n\t\t\t<\/ul>\n\t\t\t\t\t<\/div>\n\n\t\t\t<\/div>\n<\/div>\n\t\t\t\t\t\t\t<\/li>\n\t\t\t<\/ul>\n\n\t\t\t\t\t\t\t\t\t<div class=\"text-right text-brown-600\">\n\t\t\t\t\t\t\n\n\n\n<a\n\tdata-variant=\"outline\"\n\tdata-size=\"default\"\n\tclass=\"group inline-flex justify-center items-center gap-2 cursor-pointer text-md font-soehne underline-offset-2 decoration-2 px-4 min-h-[3.75rem] border-2 border-current bg-transparent text-current font-bold hocus:underline w-full lg:w-auto\"\n\n\t\n\t\t\thref=\"\"\n\t\n\t\n\t\n\t\n\t\n\t\n\t\n\t\n\t\n\t\n\t\n\t\n\t>\n\t\n\t\t\t\t\t<span data-button-text class=\"\">\n\t\t\tAll articles\n\n\t\t\t\t\t<\/span>\n\t\n\t\t\t\t\t\t<span class=\" flex items-center justify-center w-[1em] h-[1em] icon  \" aria-hidden=\"true\">\n\t\t\t<svg aria-hidden=\"true\" width=\"20\" height=\"17\" viewBox=\"0 0 20 17\" fill=\"none\" xmlns=\"http:\/\/www.w3.org\/2000\/svg\">\n<path d=\"M18.25 7.5C18.8023 7.5 19.25 7.94772 19.25 8.5C19.25 9.05228 18.8023 9.5 18.25 9.5H1.75C1.19772 9.5 0.75 9.05228 0.75 8.5C0.75 7.94772 1.19772 7.5 1.75 7.5H18.25Z\" fill=\"currentColor\"\/>\n<path d=\"M10.793 1.04295C11.1835 0.65243 11.8165 0.65243 12.207 1.04295L18.957 7.79295C19.3476 8.18348 19.3476 8.81649 18.957 9.20702L12.207 15.957C11.8165 16.3475 11.1835 16.3475 10.793 15.957C10.4024 15.5665 10.4024 14.9335 10.793 14.543L16.8359 8.49999L10.793 2.45702C10.4024 2.06649 10.4024 1.43348 10.793 1.04295Z\" fill=\"currentColor\"\/>\n<\/svg>\n\n\t\t<\/span>\n\n\t\t\t\n\t<\/a>\n\t\t\t\t\t<\/div>\n\t\t\t\t\t\t\t<\/div>\n\t\t<\/div>\n\t<\/div>\n","protected":false},"excerpt":{"rendered":"<p>The demonstration on campus has now entered its third day. Although it seems to be calm now, there was an incident yesterday in the early evening when a man carrying an Israeli flag came to the demonstration and was then chased off campus by protesters. Saturday night, according to an EM employee, there are about [&hellip;]<\/p>\n","protected":false},"author":15,"featured_media":168811,"comment_status":"open","ping_status":"open","sticky":false,"template":"","format":"standard","meta":{"_acf_changed":false,"_trash_the_other_posts":false,"editor_notices":[],"footnotes":""},"categories":[23339],"em_content_type":[24778],"class_list":["post-168800","post","type-post","status-publish","format-standard","has-post-thumbnail","hentry","category-protest","em_content_type-nieuws"],"acf":[],"yoast_head":"<!-- This site is optimized with the Yoast SEO plugin v27.3 - https:\/\/yoast.com\/product\/yoast-seo-wordpress\/ -->\n<title>Third day encampment on campus goes quietly, following incident Friday night<\/title>\n<meta name=\"description\" content=\"The demonstration on campus has now entered its third day. Although it seems to be calm now, there was an incident yesterday in the early evening when a man carrying an Israeli flag came to the demonstration and was then chased off campus by protesters. Saturday night, according to an EM employee, there are about 20 protesters present.\" \/>\n<meta name=\"robots\" content=\"index, follow, max-snippet:-1, max-image-preview:large, max-video-preview:-1\" \/>\n<link rel=\"canonical\" href=\"https:\/\/www.erasmusmagazine.nl\/en\/2024\/06\/01\/third-day-encampment-on-campus-goes-quietly-following-incident-friday-night\/\" \/>\n<meta property=\"og:locale\" content=\"en_GB\" \/>\n<meta property=\"og:type\" content=\"article\" \/>\n<meta property=\"og:title\" content=\"Third day encampment on campus goes quietly, following incident Friday night\" \/>\n<meta property=\"og:description\" content=\"The demonstration on campus has now entered its third day. Although it seems to be calm now, there was an incident yesterday in the early evening when a man carrying an Israeli flag came to the demonstration and was then chased off campus by protesters. Saturday night, according to an EM employee, there are about 20 protesters present.\" \/>\n<meta property=\"og:url\" content=\"https:\/\/www.erasmusmagazine.nl\/en\/2024\/06\/01\/third-day-encampment-on-campus-goes-quietly-following-incident-friday-night\/\" \/>\n<meta property=\"og:site_name\" content=\"Erasmus Magazine\" \/>\n<meta property=\"article:publisher\" content=\"https:\/\/www.facebook.com\/ErasmusMagazineInternational\/\" \/>\n<meta property=\"article:published_time\" content=\"2024-06-01T16:08:32+00:00\" \/>\n<meta property=\"article:modified_time\" content=\"2025-12-19T10:27:22+00:00\" \/>\n<meta property=\"og:image\" content=\"https:\/\/www.erasmusmagazine.nl\/wp-content\/uploads\/sites\/8\/2024\/06\/01191332\/3edag_1juni2024_protest-palestina-gaza-campus-plaza-studenten_kamp-tenten-Polak-politie_Daan-Stam-1600x1067.jpg\" \/>\n\t<meta property=\"og:image:width\" content=\"1600\" \/>\n\t<meta property=\"og:image:height\" content=\"1067\" \/>\n\t<meta property=\"og:image:type\" content=\"image\/jpeg\" \/>\n<meta name=\"author\" content=\"Wieneke Gunneweg\" \/>\n<meta name=\"twitter:card\" content=\"summary_large_image\" \/>\n<meta name=\"twitter:creator\" content=\"@erasmusmag\" \/>\n<meta name=\"twitter:site\" content=\"@erasmusmag\" \/>\n<meta name=\"twitter:label1\" content=\"Estimated reading time\" \/>\n\t<meta name=\"twitter:data1\" content=\"3 minutes\" \/>\n\t<meta name=\"twitter:label2\" content=\"Written by\" \/>\n\t<meta name=\"twitter:data2\" content=\"Wieneke Gunneweg\" \/>\n<script type=\"application\/ld+json\" class=\"yoast-schema-graph\">{\"@context\":\"https:\\\/\\\/schema.org\",\"@graph\":[{\"@type\":\"Article\",\"@id\":\"https:\\\/\\\/www.erasmusmagazine.nl\\\/en\\\/2024\\\/06\\\/01\\\/third-day-encampment-on-campus-goes-quietly-following-incident-friday-night\\\/#article\",\"isPartOf\":{\"@id\":\"https:\\\/\\\/www.erasmusmagazine.nl\\\/en\\\/2024\\\/06\\\/01\\\/third-day-encampment-on-campus-goes-quietly-following-incident-friday-night\\\/\"},\"author\":\"Wieneke Gunneweg\",\"headline\":\"Third day encampment on campus goes quietly, following incident Friday night\",\"datePublished\":\"2024-06-01T16:08:32+00:00\",\"dateModified\":\"2025-12-19T10:27:22+00:00\",\"mainEntityOfPage\":{\"@id\":\"https:\\\/\\\/www.erasmusmagazine.nl\\\/en\\\/2024\\\/06\\\/01\\\/third-day-encampment-on-campus-goes-quietly-following-incident-friday-night\\\/\"},\"wordCount\":543,\"commentCount\":0,\"image\":{\"@id\":\"https:\\\/\\\/www.erasmusmagazine.nl\\\/en\\\/2024\\\/06\\\/01\\\/third-day-encampment-on-campus-goes-quietly-following-incident-friday-night\\\/#primaryimage\"},\"thumbnailUrl\":\"https:\\\/\\\/www.erasmusmagazine.nl\\\/en\\\/wp-content\\\/uploads\\\/sites\\\/8\\\/2024\\\/06\\\/01191332\\\/3edag_1juni2024_protest-palestina-gaza-campus-plaza-studenten_kamp-tenten-Polak-politie_Daan-Stam.jpg?image-crop-positioner-ts=1766139379\",\"keywords\":[\"Campus Woudestein\",\"gaza protests\",\"israel-gaza\"],\"articleSection\":[\"Protest\"],\"inLanguage\":\"en-GB\",\"potentialAction\":[{\"@type\":\"CommentAction\",\"name\":\"Comment\",\"target\":[\"https:\\\/\\\/www.erasmusmagazine.nl\\\/en\\\/2024\\\/06\\\/01\\\/third-day-encampment-on-campus-goes-quietly-following-incident-friday-night\\\/#respond\"]}]},{\"@type\":\"WebPage\",\"@id\":\"https:\\\/\\\/www.erasmusmagazine.nl\\\/en\\\/2024\\\/06\\\/01\\\/third-day-encampment-on-campus-goes-quietly-following-incident-friday-night\\\/\",\"url\":\"https:\\\/\\\/www.erasmusmagazine.nl\\\/en\\\/2024\\\/06\\\/01\\\/third-day-encampment-on-campus-goes-quietly-following-incident-friday-night\\\/\",\"name\":\"Third day encampment on campus goes quietly, following incident Friday night\",\"isPartOf\":{\"@id\":\"https:\\\/\\\/www.erasmusmagazine.nl\\\/en\\\/#website\"},\"primaryImageOfPage\":{\"@id\":\"https:\\\/\\\/www.erasmusmagazine.nl\\\/en\\\/2024\\\/06\\\/01\\\/third-day-encampment-on-campus-goes-quietly-following-incident-friday-night\\\/#primaryimage\"},\"image\":{\"@id\":\"https:\\\/\\\/www.erasmusmagazine.nl\\\/en\\\/2024\\\/06\\\/01\\\/third-day-encampment-on-campus-goes-quietly-following-incident-friday-night\\\/#primaryimage\"},\"thumbnailUrl\":\"https:\\\/\\\/www.erasmusmagazine.nl\\\/en\\\/wp-content\\\/uploads\\\/sites\\\/8\\\/2024\\\/06\\\/01191332\\\/3edag_1juni2024_protest-palestina-gaza-campus-plaza-studenten_kamp-tenten-Polak-politie_Daan-Stam.jpg?image-crop-positioner-ts=1766139379\",\"datePublished\":\"2024-06-01T16:08:32+00:00\",\"dateModified\":\"2025-12-19T10:27:22+00:00\",\"author\":\"Wieneke Gunneweg\",\"description\":\"The demonstration on campus has now entered its third day. Although it seems to be calm now, there was an incident yesterday in the early evening when a man carrying an Israeli flag came to the demonstration and was then chased off campus by protesters. Saturday night, according to an EM employee, there are about 20 protesters present.\",\"breadcrumb\":{\"@id\":\"https:\\\/\\\/www.erasmusmagazine.nl\\\/en\\\/2024\\\/06\\\/01\\\/third-day-encampment-on-campus-goes-quietly-following-incident-friday-night\\\/#breadcrumb\"},\"inLanguage\":\"en-GB\",\"potentialAction\":[{\"@type\":\"ReadAction\",\"target\":[\"https:\\\/\\\/www.erasmusmagazine.nl\\\/en\\\/2024\\\/06\\\/01\\\/third-day-encampment-on-campus-goes-quietly-following-incident-friday-night\\\/\"]}]},{\"@type\":\"ImageObject\",\"inLanguage\":\"en-GB\",\"@id\":\"https:\\\/\\\/www.erasmusmagazine.nl\\\/en\\\/2024\\\/06\\\/01\\\/third-day-encampment-on-campus-goes-quietly-following-incident-friday-night\\\/#primaryimage\",\"url\":\"https:\\\/\\\/www.erasmusmagazine.nl\\\/en\\\/wp-content\\\/uploads\\\/sites\\\/8\\\/2024\\\/06\\\/01191332\\\/3edag_1juni2024_protest-palestina-gaza-campus-plaza-studenten_kamp-tenten-Polak-politie_Daan-Stam.jpg?image-crop-positioner-ts=1766139379\",\"contentUrl\":\"https:\\\/\\\/www.erasmusmagazine.nl\\\/en\\\/wp-content\\\/uploads\\\/sites\\\/8\\\/2024\\\/06\\\/01191332\\\/3edag_1juni2024_protest-palestina-gaza-campus-plaza-studenten_kamp-tenten-Polak-politie_Daan-Stam.jpg?image-crop-positioner-ts=1766139379\",\"width\":2560,\"height\":1707,\"caption\":\"Police visit the encampement for a surveillance round late Saturday afternoon.\"},{\"@type\":\"BreadcrumbList\",\"@id\":\"https:\\\/\\\/www.erasmusmagazine.nl\\\/en\\\/2024\\\/06\\\/01\\\/third-day-encampment-on-campus-goes-quietly-following-incident-friday-night\\\/#breadcrumb\",\"itemListElement\":[{\"@type\":\"ListItem\",\"position\":1,\"name\":\"Home\",\"item\":\"https:\\\/\\\/www.erasmusmagazine.nl\\\/en\\\/\"},{\"@type\":\"ListItem\",\"position\":2,\"name\":\"Third day encampment on campus goes quietly, following incident Friday night\"}]},{\"@type\":\"WebSite\",\"@id\":\"https:\\\/\\\/www.erasmusmagazine.nl\\\/en\\\/#website\",\"url\":\"https:\\\/\\\/www.erasmusmagazine.nl\\\/en\\\/\",\"name\":\"Erasmus Magazine\",\"description\":\"Independent news platform of Erasmus University Rotterdam\",\"potentialAction\":[{\"@type\":\"SearchAction\",\"target\":{\"@type\":\"EntryPoint\",\"urlTemplate\":\"https:\\\/\\\/www.erasmusmagazine.nl\\\/en\\\/?s={search_term_string}\"},\"query-input\":{\"@type\":\"PropertyValueSpecification\",\"valueRequired\":true,\"valueName\":\"search_term_string\"}}],\"inLanguage\":\"en-GB\"},{\"@type\":\"Person\",\"name\":\"Wieneke Gunneweg\",\"id\":\"https:\\\/\\\/www.erasmusmagazine.nl\\\/en\\\/persons\\\/wieneke-gunneweg\\\/\",\"url\":\"https:\\\/\\\/www.erasmusmagazine.nl\\\/en\\\/persons\\\/wieneke-gunneweg\\\/\",\"image\":{\"@type\":\"ImageObject\",\"inLanguage\":\"en-GB\",\"@id\":\"https:\\\/\\\/www.erasmusmagazine.nl\\\/en\\\/wp-content\\\/uploads\\\/sites\\\/8\\\/Wieneke-Gunneweg_profielfoto-bol_Leroy-Verbeet-2026.jpg\",\"url\":\"https:\\\/\\\/www.erasmusmagazine.nl\\\/en\\\/wp-content\\\/uploads\\\/sites\\\/8\\\/Wieneke-Gunneweg_profielfoto-bol_Leroy-Verbeet-2026.jpg\",\"contentUrl\":\"https:\\\/\\\/www.erasmusmagazine.nl\\\/en\\\/wp-content\\\/uploads\\\/sites\\\/8\\\/Wieneke-Gunneweg_profielfoto-bol_Leroy-Verbeet-2026.jpg\",\"caption\":\"Wieneke Gunneweg\"}}]}<\/script>\n<!-- \/ Yoast SEO plugin. -->","yoast_head_json":{"title":"Third day encampment on campus goes quietly, following incident Friday night","description":"The demonstration on campus has now entered its third day. Although it seems to be calm now, there was an incident yesterday in the early evening when a man carrying an Israeli flag came to the demonstration and was then chased off campus by protesters. Saturday night, according to an EM employee, there are about 20 protesters present.","robots":{"index":"index","follow":"follow","max-snippet":"max-snippet:-1","max-image-preview":"max-image-preview:large","max-video-preview":"max-video-preview:-1"},"canonical":"https:\/\/www.erasmusmagazine.nl\/en\/2024\/06\/01\/third-day-encampment-on-campus-goes-quietly-following-incident-friday-night\/","og_locale":"en_GB","og_type":"article","og_title":"Third day encampment on campus goes quietly, following incident Friday night","og_description":"The demonstration on campus has now entered its third day. Although it seems to be calm now, there was an incident yesterday in the early evening when a man carrying an Israeli flag came to the demonstration and was then chased off campus by protesters. Saturday night, according to an EM employee, there are about 20 protesters present.","og_url":"https:\/\/www.erasmusmagazine.nl\/en\/2024\/06\/01\/third-day-encampment-on-campus-goes-quietly-following-incident-friday-night\/","og_site_name":"Erasmus Magazine","article_publisher":"https:\/\/www.facebook.com\/ErasmusMagazineInternational\/","article_published_time":"2024-06-01T16:08:32+00:00","article_modified_time":"2025-12-19T10:27:22+00:00","og_image":[{"width":1600,"height":1067,"url":"https:\/\/www.erasmusmagazine.nl\/wp-content\/uploads\/sites\/8\/2024\/06\/01191332\/3edag_1juni2024_protest-palestina-gaza-campus-plaza-studenten_kamp-tenten-Polak-politie_Daan-Stam-1600x1067.jpg","type":"image\/jpeg"}],"author":"Wieneke Gunneweg","twitter_card":"summary_large_image","twitter_creator":"@erasmusmag","twitter_site":"@erasmusmag","twitter_misc":{"Estimated reading time":"3 minutes","Written by":"Wieneke Gunneweg"},"schema":{"@context":"https:\/\/schema.org","@graph":[{"@type":"Article","@id":"https:\/\/www.erasmusmagazine.nl\/en\/2024\/06\/01\/third-day-encampment-on-campus-goes-quietly-following-incident-friday-night\/#article","isPartOf":{"@id":"https:\/\/www.erasmusmagazine.nl\/en\/2024\/06\/01\/third-day-encampment-on-campus-goes-quietly-following-incident-friday-night\/"},"author":"Wieneke Gunneweg","headline":"Third day encampment on campus goes quietly, following incident Friday night","datePublished":"2024-06-01T16:08:32+00:00","dateModified":"2025-12-19T10:27:22+00:00","mainEntityOfPage":{"@id":"https:\/\/www.erasmusmagazine.nl\/en\/2024\/06\/01\/third-day-encampment-on-campus-goes-quietly-following-incident-friday-night\/"},"wordCount":543,"commentCount":0,"image":{"@id":"https:\/\/www.erasmusmagazine.nl\/en\/2024\/06\/01\/third-day-encampment-on-campus-goes-quietly-following-incident-friday-night\/#primaryimage"},"thumbnailUrl":"https:\/\/www.erasmusmagazine.nl\/en\/wp-content\/uploads\/sites\/8\/2024\/06\/01191332\/3edag_1juni2024_protest-palestina-gaza-campus-plaza-studenten_kamp-tenten-Polak-politie_Daan-Stam.jpg?image-crop-positioner-ts=1766139379","keywords":["Campus Woudestein","gaza protests","israel-gaza"],"articleSection":["Protest"],"inLanguage":"en-GB","potentialAction":[{"@type":"CommentAction","name":"Comment","target":["https:\/\/www.erasmusmagazine.nl\/en\/2024\/06\/01\/third-day-encampment-on-campus-goes-quietly-following-incident-friday-night\/#respond"]}]},{"@type":"WebPage","@id":"https:\/\/www.erasmusmagazine.nl\/en\/2024\/06\/01\/third-day-encampment-on-campus-goes-quietly-following-incident-friday-night\/","url":"https:\/\/www.erasmusmagazine.nl\/en\/2024\/06\/01\/third-day-encampment-on-campus-goes-quietly-following-incident-friday-night\/","name":"Third day encampment on campus goes quietly, following incident Friday night","isPartOf":{"@id":"https:\/\/www.erasmusmagazine.nl\/en\/#website"},"primaryImageOfPage":{"@id":"https:\/\/www.erasmusmagazine.nl\/en\/2024\/06\/01\/third-day-encampment-on-campus-goes-quietly-following-incident-friday-night\/#primaryimage"},"image":{"@id":"https:\/\/www.erasmusmagazine.nl\/en\/2024\/06\/01\/third-day-encampment-on-campus-goes-quietly-following-incident-friday-night\/#primaryimage"},"thumbnailUrl":"https:\/\/www.erasmusmagazine.nl\/en\/wp-content\/uploads\/sites\/8\/2024\/06\/01191332\/3edag_1juni2024_protest-palestina-gaza-campus-plaza-studenten_kamp-tenten-Polak-politie_Daan-Stam.jpg?image-crop-positioner-ts=1766139379","datePublished":"2024-06-01T16:08:32+00:00","dateModified":"2025-12-19T10:27:22+00:00","author":"Wieneke Gunneweg","description":"The demonstration on campus has now entered its third day. Although it seems to be calm now, there was an incident yesterday in the early evening when a man carrying an Israeli flag came to the demonstration and was then chased off campus by protesters. Saturday night, according to an EM employee, there are about 20 protesters present.","breadcrumb":{"@id":"https:\/\/www.erasmusmagazine.nl\/en\/2024\/06\/01\/third-day-encampment-on-campus-goes-quietly-following-incident-friday-night\/#breadcrumb"},"inLanguage":"en-GB","potentialAction":[{"@type":"ReadAction","target":["https:\/\/www.erasmusmagazine.nl\/en\/2024\/06\/01\/third-day-encampment-on-campus-goes-quietly-following-incident-friday-night\/"]}]},{"@type":"ImageObject","inLanguage":"en-GB","@id":"https:\/\/www.erasmusmagazine.nl\/en\/2024\/06\/01\/third-day-encampment-on-campus-goes-quietly-following-incident-friday-night\/#primaryimage","url":"https:\/\/www.erasmusmagazine.nl\/en\/wp-content\/uploads\/sites\/8\/2024\/06\/01191332\/3edag_1juni2024_protest-palestina-gaza-campus-plaza-studenten_kamp-tenten-Polak-politie_Daan-Stam.jpg?image-crop-positioner-ts=1766139379","contentUrl":"https:\/\/www.erasmusmagazine.nl\/en\/wp-content\/uploads\/sites\/8\/2024\/06\/01191332\/3edag_1juni2024_protest-palestina-gaza-campus-plaza-studenten_kamp-tenten-Polak-politie_Daan-Stam.jpg?image-crop-positioner-ts=1766139379","width":2560,"height":1707,"caption":"Police visit the encampement for a surveillance round late Saturday afternoon."},{"@type":"BreadcrumbList","@id":"https:\/\/www.erasmusmagazine.nl\/en\/2024\/06\/01\/third-day-encampment-on-campus-goes-quietly-following-incident-friday-night\/#breadcrumb","itemListElement":[{"@type":"ListItem","position":1,"name":"Home","item":"https:\/\/www.erasmusmagazine.nl\/en\/"},{"@type":"ListItem","position":2,"name":"Third day encampment on campus goes quietly, following incident Friday night"}]},{"@type":"WebSite","@id":"https:\/\/www.erasmusmagazine.nl\/en\/#website","url":"https:\/\/www.erasmusmagazine.nl\/en\/","name":"Erasmus Magazine","description":"Independent news platform of Erasmus University Rotterdam","potentialAction":[{"@type":"SearchAction","target":{"@type":"EntryPoint","urlTemplate":"https:\/\/www.erasmusmagazine.nl\/en\/?s={search_term_string}"},"query-input":{"@type":"PropertyValueSpecification","valueRequired":true,"valueName":"search_term_string"}}],"inLanguage":"en-GB"},{"@type":"Person","name":"Wieneke Gunneweg","id":"https:\/\/www.erasmusmagazine.nl\/en\/persons\/wieneke-gunneweg\/","url":"https:\/\/www.erasmusmagazine.nl\/en\/persons\/wieneke-gunneweg\/","image":{"@type":"ImageObject","inLanguage":"en-GB","@id":"https:\/\/www.erasmusmagazine.nl\/en\/wp-content\/uploads\/sites\/8\/Wieneke-Gunneweg_profielfoto-bol_Leroy-Verbeet-2026.jpg","url":"https:\/\/www.erasmusmagazine.nl\/en\/wp-content\/uploads\/sites\/8\/Wieneke-Gunneweg_profielfoto-bol_Leroy-Verbeet-2026.jpg","contentUrl":"https:\/\/www.erasmusmagazine.nl\/en\/wp-content\/uploads\/sites\/8\/Wieneke-Gunneweg_profielfoto-bol_Leroy-Verbeet-2026.jpg","caption":"Wieneke Gunneweg"}}]}},"_links":{"self":[{"href":"https:\/\/www.erasmusmagazine.nl\/en\/wp-json\/wp\/v2\/posts\/168800","targetHints":{"allow":["GET"]}}],"collection":[{"href":"https:\/\/www.erasmusmagazine.nl\/en\/wp-json\/wp\/v2\/posts"}],"about":[{"href":"https:\/\/www.erasmusmagazine.nl\/en\/wp-json\/wp\/v2\/types\/post"}],"author":[{"embeddable":true,"href":"https:\/\/www.erasmusmagazine.nl\/en\/wp-json\/wp\/v2\/users\/15"}],"replies":[{"embeddable":true,"href":"https:\/\/www.erasmusmagazine.nl\/en\/wp-json\/wp\/v2\/comments?post=168800"}],"version-history":[{"count":1,"href":"https:\/\/www.erasmusmagazine.nl\/en\/wp-json\/wp\/v2\/posts\/168800\/revisions"}],"predecessor-version":[{"id":193541,"href":"https:\/\/www.erasmusmagazine.nl\/en\/wp-json\/wp\/v2\/posts\/168800\/revisions\/193541"}],"wp:featuredmedia":[{"embeddable":true,"href":"https:\/\/www.erasmusmagazine.nl\/en\/wp-json\/wp\/v2\/media\/168811"}],"wp:attachment":[{"href":"https:\/\/www.erasmusmagazine.nl\/en\/wp-json\/wp\/v2\/media?parent=168800"}],"wp:term":[{"taxonomy":"category","embeddable":true,"href":"https:\/\/www.erasmusmagazine.nl\/en\/wp-json\/wp\/v2\/categories?post=168800"},{"taxonomy":"em_content_type","embeddable":true,"href":"https:\/\/www.erasmusmagazine.nl\/en\/wp-json\/wp\/v2\/em_content_type?post=168800"}],"curies":[{"name":"wp","href":"https:\/\/api.w.org\/{rel}","templated":true}]}}