{"id":134952,"date":"2022-01-21T09:27:31","date_gmt":"2022-01-21T08:27:31","guid":{"rendered":"https:\/\/www.erasmusmagazine.nl\/en\/?p=134952"},"modified":"2025-12-19T11:26:05","modified_gmt":"2025-12-19T10:26:05","slug":"a-prize-to-keep-mariette-kaandorps-love-of-education-alive","status":"publish","type":"post","link":"https:\/\/www.erasmusmagazine.nl\/en\/2022\/01\/21\/a-prize-to-keep-mariette-kaandorps-love-of-education-alive\/","title":{"rendered":"A prize to keep Mari\u00ebtte Kaandorp&#8217;s love of education alive"},"content":{"rendered":"<p>To ensure that her legacy &#8211; her passion for excellent education &#8211; will live on. That is what the parents and colleagues of the late Mari\u00ebtte Kaandorp hope to achieve with the Mari\u00ebtte Kaandorp Prize for Excellence in Thesis Mentoring. Would the then 35-year-old Mari\u00ebtte have been thrilled with this prize? &#8220;Oh, no. She would have thought it was excessive. She was far too modest for that.&#8221;<\/p>\n<figure class=\"wp-block-image size-large is-resized\"><img loading=\"lazy\" decoding=\"async\" width=\"1600\" height=\"1066\" src=\"https:\/\/www.erasmusmagazine.nl\/en\/wp-content\/uploads\/sites\/8\/2022\/01\/18151704\/Marie\u0308tte-Kaandorp-1600x1066.jpeg?image-crop-positioner-ts=1766139271\" alt=\"\" class=\"wp-image-134874\" srcset=\"https:\/\/www.erasmusmagazine.nl\/en\/wp-content\/uploads\/sites\/8\/2022\/01\/18151704\/Marie\u0308tte-Kaandorp-1600x1066.jpeg?image-crop-positioner-ts=1766139271 1600w, https:\/\/www.erasmusmagazine.nl\/en\/wp-content\/uploads\/sites\/8\/2022\/01\/18151704\/Marie\u0308tte-Kaandorp-875x583.jpeg?image-crop-positioner-ts=1766139271 875w, https:\/\/www.erasmusmagazine.nl\/en\/wp-content\/uploads\/sites\/8\/2022\/01\/18151704\/Marie\u0308tte-Kaandorp-300x200.jpeg?image-crop-positioner-ts=1766139271 300w, https:\/\/www.erasmusmagazine.nl\/en\/wp-content\/uploads\/sites\/8\/2022\/01\/18151704\/Marie\u0308tte-Kaandorp-1280x852.jpeg?image-crop-positioner-ts=1766139271 1280w, https:\/\/www.erasmusmagazine.nl\/en\/wp-content\/uploads\/sites\/8\/2022\/01\/18151704\/Marie\u0308tte-Kaandorp-1536x1023.jpeg?image-crop-positioner-ts=1766139271 1536w, https:\/\/www.erasmusmagazine.nl\/en\/wp-content\/uploads\/sites\/8\/2022\/01\/18151704\/Marie\u0308tte-Kaandorp-150x100.jpeg?image-crop-positioner-ts=1766139271 150w, https:\/\/www.erasmusmagazine.nl\/en\/wp-content\/uploads\/sites\/8\/2022\/01\/18151704\/Marie\u0308tte-Kaandorp-225x150.jpeg?image-crop-positioner-ts=1766139271 225w, https:\/\/www.erasmusmagazine.nl\/en\/wp-content\/uploads\/sites\/8\/2022\/01\/18151704\/Marie\u0308tte-Kaandorp.jpeg?image-crop-positioner-ts=1766139271 2000w\" sizes=\"auto, (max-width: 1600px) 100vw, 1600px\" \/><figcaption class=\"wp-element-caption\"><p><span>Mari\u00ebtte Kaandorp (21-01-1985 &#8211; 20-11-2020)<\/span><\/p> <p data-component=\"image-credits\" class=\"flex flex-wrap gap-2 items-center text-base\">\n\t<span aria-hidden=\"true\"><svg width=\"24\" height=\"24\" viewBox=\"0 0 24 24\" fill=\"none\" xmlns=\"http:\/\/www.w3.org\/2000\/svg\">\n<path d=\"M19.5 5.25H16.9012L15.6234 3.33375C15.555 3.23114 15.4623 3.147 15.3535 3.08879C15.2448 3.03057 15.1233 3.00007 15 3H9C8.87665 3.00007 8.75522 3.03057 8.64648 3.08879C8.53773 3.147 8.44502 3.23114 8.37656 3.33375L7.09781 5.25H4.5C3.90326 5.25 3.33097 5.48705 2.90901 5.90901C2.48705 6.33097 2.25 6.90326 2.25 7.5V18C2.25 18.5967 2.48705 19.169 2.90901 19.591C3.33097 20.0129 3.90326 20.25 4.5 20.25H19.5C20.0967 20.25 20.669 20.0129 21.091 19.591C21.5129 19.169 21.75 18.5967 21.75 18V7.5C21.75 6.90326 21.5129 6.33097 21.091 5.90901C20.669 5.48705 20.0967 5.25 19.5 5.25ZM15.375 12.375C15.375 13.0425 15.1771 13.695 14.8062 14.25C14.4354 14.8051 13.9083 15.2376 13.2916 15.4931C12.6749 15.7485 11.9963 15.8154 11.3416 15.6852C10.6869 15.5549 10.0855 15.2335 9.61351 14.7615C9.14151 14.2895 8.82007 13.6881 8.68985 13.0334C8.55962 12.3787 8.62646 11.7001 8.88191 11.0834C9.13735 10.4667 9.56993 9.93964 10.125 9.56879C10.68 9.19794 11.3325 9 12 9C12.8951 9 13.7535 9.35558 14.3865 9.98851C15.0194 10.6214 15.375 11.4799 15.375 12.375Z\" fill=\"currentColor\"\/>\n<\/svg>\n<\/span>\n\t<span class=\"sr-only\">Image by:<\/span>\n\n\t\t\t<span>\n\t\t\t\t\t\t\t<span>Family of Mari\u00ebtte Kaandorp<\/span>\t\t\t\t\t<\/span>\n\t<\/p>\n<\/figcaption><\/figure><p>Halfway through the conversation, Mieke Brockhoff stands up. When she sits down again, she is holding a large book in her arms with a red flower on the shiny white cover. The petals in the middle turn into waves of the sea. In her ever-tidy office, her daughter Mari\u00ebtte had a large picture of a flower on the wall, and her bereavement card featured a photograph of that beach. This was what inspired Mari\u00ebtte\u2019s former students, assume her parents. The students asked an artist to help with the design the book, but the personal stories in the book are their own. These are about how special Mari\u00ebtte was to them.<\/p>\n<h2 class=\"wp-block-heading\">So much grief, so much love<\/h2><p>This Friday, the eldest daughter of Frans Kaandorp and Mieke would have turned 37. On 20 November 2020, Mari\u00ebtte unexpectedly passed away from a pulmonary embolism. She had been working as a university lecturer at the Rotterdam School of Management (RSM) for three years by then. This is where she also conducted research into cognition, high intelligence, intuition and the processes of social interaction in the workplace. The multitude of messages, gestures, letters and visits from her colleagues, (former) students and the parents of students is something that surprised Mari\u00ebtte\u2019s parents.<\/p>\n\n\t<div data-name=\"acf\/quote\" class=\"align\" >\n\t\t<div class=\"\">\n\t\t\t<figure data-component=\"quote-with-author\" class=\"@container\">\n\t<blockquote class=\"text-md italic @2xl:text-xl @4xl:text-2xl text-purple\">\n\t\t\u201cShe also wrote: \u2018Education has lost a gem\u2019\u201d\n\t<\/blockquote>\n\n\t<\/figure>\n\t\t<\/div>\n\t<\/div>\n<p>\u201cWe received so much love\u201d, says Frans. \u201cA month after her death, two students came by\u201d, Mieke goes on to say. Their wedding anniversary was on 20 December, which is why she remembers it so precisely. \u201cThey gave us the book with their and other student\u2019s recollections. It shows how academically competent and engaged she was. In one letter, a mother wrote us that Mari\u00ebtte had helped her son through a difficult period. His voice breaking, Frans adds: \u201cshe also wrote: \u2018<em>Education has lost a gem<\/em>.\u2019\u201d<\/p>\n<p>The many loving reactions give Frans an idea: a prize for involved and inspiring teachers. He proposes it to Mari\u00ebtte\u2019s manager who in turn passes it on to the Dean of RSM. That\u2019s how the ball started rolling. The <a href=\"https:\/\/www.rsm.nl\/mariette-kaandorp-prize-for-excellence-in-thesis-mentoring\/\" target=\"_blank\" rel=\"noopener\">Mari\u00ebtte Kaandorp Prize for Excellence in Thesis Mentoring<\/a> was born and will be awarded for at least five years. Students can nominate their supervisor for the prize each year.<\/p>\n\t<div data-name=\"acf\/featured-text\" class=\"md:mt-6 p-4 md:p-6 lg:p-8 bg-sand-300 theme-sand:bg-white theme-violet:bg-white theme-mocha:bg-white wysiwyg *:last:mb-0!\" >\n\t\t<p>The first winner was announced in December: Richard Haans. His students call him &#8216;passionate, supportive and contagiously enthusiastic&#8217;.<\/p>\n\n\t<\/div>\n\n\t<div data-name=\"acf\/posts-list\" >\n\t\t\n\t\t<div class=\"space-y-6 md:space-y-8\">\n\n\t\t\t\t\t\t\t<h2 class=\"text-lg md:text-xl\">Read more<\/h2>\n\t\t\t\n\t\t\t<ul class=\"grid items-strecth grid-cols-1 gap-2 md:gap-4 lg:gap-8\">\n\t\t\t\t\t\t\t\t\t\t\t\t\t\t\n\t\t\t\t\t<li class=\"@container\">\n\t\t\t\t\t\t\n<div data-component=\"teaser-post-small\" class=\"block-theme-sand  relative flex h-full bg-sand-300\n\tblock-theme-violet:bg-white block-theme-violet:text-purple block-theme-mocha:bg-sand-500 block-theme-mocha:text-brown\n\tblock-theme-sand:bg-sand-300 block-theme-sand:text-neutral-900\n\tblock-theme-violet:outline-purple-100 block-theme-violet:outline-1 block-theme-violet:outline-t-0\n\ttheme-mocha:bg-white! theme-violet:bg-white! theme-sand:bg-white!\n\tflex-row gap-4 @md:gap-8 p-4 @md:p-6\">\n\t\t\t<div class=\"image:w-full image:aspect-square image:object-cover shrink-0 size-17.5 @sm:size-21.25 @md:size-30 @lg:size-40\">\n\t\t\t<img loading=\"lazy\" decoding=\"async\" width=\"460\" height=\"307\" src=\"https:\/\/www.erasmusmagazine.nl\/en\/wp-content\/uploads\/sites\/8\/2022\/01\/20150326\/Richard-Haans-2.jpg?image-crop-positioner-ts=1766139271\" class=\"attachment-square_lg size-square_lg\" alt=\"\" srcset=\"https:\/\/www.erasmusmagazine.nl\/en\/wp-content\/uploads\/sites\/8\/2022\/01\/20150326\/Richard-Haans-2.jpg?image-crop-positioner-ts=1766139271 2000w, https:\/\/www.erasmusmagazine.nl\/en\/wp-content\/uploads\/sites\/8\/2022\/01\/20150326\/Richard-Haans-2-875x583.jpg?image-crop-positioner-ts=1766139271 875w, https:\/\/www.erasmusmagazine.nl\/en\/wp-content\/uploads\/sites\/8\/2022\/01\/20150326\/Richard-Haans-2-1600x1066.jpg?image-crop-positioner-ts=1766139271 1600w, https:\/\/www.erasmusmagazine.nl\/en\/wp-content\/uploads\/sites\/8\/2022\/01\/20150326\/Richard-Haans-2-300x200.jpg?image-crop-positioner-ts=1766139271 300w, https:\/\/www.erasmusmagazine.nl\/en\/wp-content\/uploads\/sites\/8\/2022\/01\/20150326\/Richard-Haans-2-1280x853.jpg?image-crop-positioner-ts=1766139271 1280w, https:\/\/www.erasmusmagazine.nl\/en\/wp-content\/uploads\/sites\/8\/2022\/01\/20150326\/Richard-Haans-2-1536x1024.jpg?image-crop-positioner-ts=1766139271 1536w, https:\/\/www.erasmusmagazine.nl\/en\/wp-content\/uploads\/sites\/8\/2022\/01\/20150326\/Richard-Haans-2-150x100.jpg?image-crop-positioner-ts=1766139271 150w, https:\/\/www.erasmusmagazine.nl\/en\/wp-content\/uploads\/sites\/8\/2022\/01\/20150326\/Richard-Haans-2-225x150.jpg?image-crop-positioner-ts=1766139271 225w\" sizes=\"auto, (max-width: 460px) 100vw, 460px\" \/>\n\t\t<\/div>\n\t\n\t<div class=\"flex flex-col gap-2 md:gap-4 \">\n\t\t\t\t<h3 class=\"text-md @lg:text-lg\">\n\t\t\t<a href=\"https:\/\/www.erasmusmagazine.nl\/en\/2022\/01\/21\/first-winner-of-the-mariette-kaandorp-prize-is-richard-haans\/\" class=\"absolute-link text-current hocus:underline inline-block\">\n\t\t\t\tFirst winner of the Mari\u00ebtte Kaandorp Prize is Richard Haans\n\t\t\t<\/a>\n\t\t<\/h3>\n\n\t\t<div class=\"flex flex-wrap gap-4 items-center\">\n\t\t\t<span class=\"sr-only\">Gepubliceerd op:<\/span>\n\t\t\t<time class=\"text-sm font-soehne text-neutral-900\" datetime=\"2022-01-21\">21 January 2022<\/time>\n\n\t\t\t\t\t\t\t\t\t\t\t\n\t<ul data-component=\"list-badges\" class=\"flex items-center gap-2 flex-wrap\" aria-label=\"Geplaatst in categorie\">\n\t\t\t\t\t<li>\n\t\t\t\t\t<div data-component=\"badge\" class=\"block-theme-violet:bg-purple font-soehne font-bold text-sm bg-brown-600 block-theme-violet:bg-purple text-white py-[2px] px-2\">\n\t\t\t\t\tEducation\n\t\t\t<\/div>\n\t\t\t<\/li>\n\t\t\t<\/ul>\n\t\t\t\t\t<\/div>\n\n\t\t\t<\/div>\n<\/div>\n\t\t\t\t\t<\/li>\n\t\t\t\t\t\t\t<\/ul>\n\n\t\t\t\t\t<\/div>\n\t<\/div>\n<h2 class=\"wp-block-heading\">Connector <\/h2><p>Mari\u00ebtte was a great connector so the prize is a reward for establishing good connections between students and ther teacher. That is how her manager sees it. Professor and head of the Department of Organisation and Personnel Steffen Giessner says that Mari\u00ebtte served as a linchpin in the department, as she had experience with both quantitative and qualitative research. \u201cBefore her arrival, we used to be split into two departments, one more quantitative and one more qualitative. In part thanks to her, we have since become one. Both sides liked her right away when she applied for the job.\u201d Colleagues have also made a book for her parents with their own memories of her.<\/p>\n\n\t<div data-name=\"acf\/quote\" class=\"align\" >\n\t\t<div class=\"\">\n\t\t\t<figure data-component=\"quote-with-author\" class=\"@container\">\n\t<blockquote class=\"text-md italic @2xl:text-xl @4xl:text-2xl text-purple\">\n\t\t\u2018She could not only sense talent, but also who tended to fall outside of the group. Even the lone wolves felt they were part of something thanks to her\u2019\n\t<\/blockquote>\n\n\t<\/figure>\n\t\t<\/div>\n\t<\/div>\n<p>She was a connector, not just in the workplace, but also among her students, recalls Giessner. \u201cShe could not only sense talent, but also who tended to fall outside of the group. Even the <em>lone wolves<\/em> felt they were part of something thanks to her. She was a great teacher. Students always rated her as excellent.\u201d<\/p>\n<p>When asked about how he remembers Mari\u00ebtte, Giessner soon starts laughing. He describes her as \u2018direct, attentive and always well-prepared.\u2019 \u201cWhen we had a meeting, she would come in with a list of questions. \u2018How are we going to do this? How are we going to do that?\u2019 If I started to feel stressed, she would say, \u2018I have a few suggestions\u2019. She had an answer to every question. I just had to say \u2018yes\u2019, \u2018that\u2019s fine\u2019, or \u2018let\u2019s do it\u2019. I am sure she had already looked for those answers to save me from any work-related stress.\u201d<\/p>\n<h2 class=\"wp-block-heading\">Proud <\/h2><p>When hearing anecdotes about their daughter, Mieke and Frans beam with pride. The couple is sitting to the left and right of the table. You can see the mantelpiece in the background, right between the two of them. It is full of picture frames and a few Christmas cards. The photos are of their family, children and grandchild. Mari\u00ebtte can be seen in an old school photo and in a more recent group shot.<\/p>\n<div data-component=core\/image><figure data-wp-context=\"{&quot;imageId&quot;:&quot;69f079597eaa7&quot;}\" data-wp-interactive=\"core\/image\" data-wp-key=\"69f079597eaa7\" class=\"wp-block-image alignleft size-thumbnail is-resized wp-lightbox-container\"><img loading=\"lazy\" decoding=\"async\" width=\"254\" height=\"300\" data-wp-class--hide=\"state.isContentHidden\" data-wp-class--show=\"state.isContentVisible\" data-wp-init=\"callbacks.setButtonStyles\" data-wp-on--click=\"actions.showLightbox\" data-wp-on--load=\"callbacks.setButtonStyles\" data-wp-on-window--resize=\"callbacks.setButtonStyles\" src=\"https:\/\/www.erasmusmagazine.nl\/en\/wp-content\/uploads\/sites\/8\/2022\/01\/20144020\/mariette-254x300.png?image-crop-positioner-ts=1766139271\" alt=\"\" class=\"wp-image-135024\" srcset=\"https:\/\/www.erasmusmagazine.nl\/en\/wp-content\/uploads\/sites\/8\/2022\/01\/20144020\/mariette-254x300.png?image-crop-positioner-ts=1766139271 254w, https:\/\/www.erasmusmagazine.nl\/en\/wp-content\/uploads\/sites\/8\/2022\/01\/20144020\/mariette-740x875.png?image-crop-positioner-ts=1766139271 740w, https:\/\/www.erasmusmagazine.nl\/en\/wp-content\/uploads\/sites\/8\/2022\/01\/20144020\/mariette-127x150.png?image-crop-positioner-ts=1766139271 127w, https:\/\/www.erasmusmagazine.nl\/en\/wp-content\/uploads\/sites\/8\/2022\/01\/20144020\/mariette-225x266.png?image-crop-positioner-ts=1766139271 225w, https:\/\/www.erasmusmagazine.nl\/en\/wp-content\/uploads\/sites\/8\/2022\/01\/20144020\/mariette.png?image-crop-positioner-ts=1766139271 930w\" sizes=\"auto, (max-width: 254px) 100vw, 254px\" \/><button\n\t\t\tclass=\"lightbox-trigger\"\n\t\t\ttype=\"button\"\n\t\t\taria-haspopup=\"dialog\"\n\t\t\taria-label=\"Enlarge\"\n\t\t\tdata-wp-init=\"callbacks.initTriggerButton\"\n\t\t\tdata-wp-on--click=\"actions.showLightbox\"\n\t\t\tdata-wp-style--right=\"state.imageButtonRight\"\n\t\t\tdata-wp-style--top=\"state.imageButtonTop\"\n\t\t>\n\t\t\t<svg xmlns=\"http:\/\/www.w3.org\/2000\/svg\" width=\"12\" height=\"12\" fill=\"none\" viewBox=\"0 0 12 12\">\n\t\t\t\t<path fill=\"#fff\" d=\"M2 0a2 2 0 0 0-2 2v2h1.5V2a.5.5 0 0 1 .5-.5h2V0H2Zm2 10.5H2a.5.5 0 0 1-.5-.5V8H0v2a2 2 0 0 0 2 2h2v-1.5ZM8 12v-1.5h2a.5.5 0 0 0 .5-.5V8H12v2a2 2 0 0 1-2 2H8Zm2-12a2 2 0 0 1 2 2v2h-1.5V2a.5.5 0 0 0-.5-.5H8V0h2Z\" \/>\n\t\t\t<\/svg>\n\t\t<\/button><figcaption class=\"wp-element-caption\"><p data-component=\"image-credits\" class=\"flex flex-wrap gap-2 items-center text-base\">\n\t<span aria-hidden=\"true\"><svg width=\"24\" height=\"24\" viewBox=\"0 0 24 24\" fill=\"none\" xmlns=\"http:\/\/www.w3.org\/2000\/svg\">\n<path d=\"M19.5 5.25H16.9012L15.6234 3.33375C15.555 3.23114 15.4623 3.147 15.3535 3.08879C15.2448 3.03057 15.1233 3.00007 15 3H9C8.87665 3.00007 8.75522 3.03057 8.64648 3.08879C8.53773 3.147 8.44502 3.23114 8.37656 3.33375L7.09781 5.25H4.5C3.90326 5.25 3.33097 5.48705 2.90901 5.90901C2.48705 6.33097 2.25 6.90326 2.25 7.5V18C2.25 18.5967 2.48705 19.169 2.90901 19.591C3.33097 20.0129 3.90326 20.25 4.5 20.25H19.5C20.0967 20.25 20.669 20.0129 21.091 19.591C21.5129 19.169 21.75 18.5967 21.75 18V7.5C21.75 6.90326 21.5129 6.33097 21.091 5.90901C20.669 5.48705 20.0967 5.25 19.5 5.25ZM15.375 12.375C15.375 13.0425 15.1771 13.695 14.8062 14.25C14.4354 14.8051 13.9083 15.2376 13.2916 15.4931C12.6749 15.7485 11.9963 15.8154 11.3416 15.6852C10.6869 15.5549 10.0855 15.2335 9.61351 14.7615C9.14151 14.2895 8.82007 13.6881 8.68985 13.0334C8.55962 12.3787 8.62646 11.7001 8.88191 11.0834C9.13735 10.4667 9.56993 9.93964 10.125 9.56879C10.68 9.19794 11.3325 9 12 9C12.8951 9 13.7535 9.35558 14.3865 9.98851C15.0194 10.6214 15.375 11.4799 15.375 12.375Z\" fill=\"currentColor\"\/>\n<\/svg>\n<\/span>\n\t<span class=\"sr-only\">Image by:<\/span>\n\n\t\t\t<span>\n\t\t\t\t\t\t\t<span>Family of Mari\u00ebtte Kaandorp<\/span>\t\t\t\t\t<\/span>\n\t<\/p>\n<\/figcaption><\/figure><\/div><p>\u201cMari\u00ebtte was really into the art of teaching\u201d, says her father. He is extremely proud of that. The family is a \u2018real family of teachers\u2019. He himself worked in education for 40 years and Mieke spent many years working at the University of Amsterdam and the Amsterdam University of Applied Sciences. \u201cWe talked a lot about what good education is and how she could make her own teaching style more dynamic. This was during her time at the Vrije Universiteit. Her colleagues later asked her: \u2018How come you get so much great feedback on your lectures?\u2019 and \u2018How do you get your students to work so much?\u2019 That made me feel so proud.\u201d<\/p>\n<p>Mariette\u2019s resilience is what Mieke is most proud of. \u201d Also, with all her talents, she was just a very sweet and good person. She never let things get her down. If something was bothering me, she was the one who said: \u2018There is another way to see this, you know\u2019\u201d. Mari\u00ebtte livened things up, her mother recalls. \u201cShe always had a plan for a fun trip. Frans and I used to say to each other, \u2018When we retire, she\u2019ll probably plan that for us too.&#8217;\u201d<\/p>\n<h2 class=\"wp-block-heading\">Modest <\/h2><p>Where her parents were brimming with pride, Mari\u00ebtte was decidedly modest, her parents and manager tell us. Would she have considered the prize an honour? \u201cOh, no\u201d, her mother responds immediately. \u201cShe would have thought that was excessive. She was far too modest for that.\u201dBut in her heart she would have been proud of it, her parents are sure of that.<\/p>\n\n\t<div data-name=\"acf\/quote\" class=\"align\" >\n\t\t<div class=\"\">\n\t\t\t<figure data-component=\"quote-with-author\" class=\"@container\">\n\t<blockquote class=\"text-md italic @2xl:text-xl @4xl:text-2xl text-purple\">\n\t\t\u2018Proud of us as her parents. Proud of her name \u2013 she loved it. Proud of her sister\u2019\n\t<\/blockquote>\n\n\t<\/figure>\n\t\t<\/div>\n\t<\/div>\n<p>Mieke and Frans therefore had not asked for the prize to be named after their child. That was a proposal from the university, but one that they fully support. They are full of praise for how the EUR has treated them. They contributed ideas for the prize, attended the Opening of the Academic Year to commemorate the deaths of students and staff members, and were asked to come up with ideas for a work of art in tribute to their daughter. The chosen artist, Lies Goemans, eventually made one painting for the campus.<\/p>\n<p>Although she was modest, Mari\u00ebtte could certainly be proud, says her mother. \u201cProud of her doctoral title. Proud of us as her parents. Proud of her name \u2013 she loved it. Proud of her sister. Those two were always there for each other. They were no longer allowed to be together on the same team when playing Pictionary, since one sister would draw a line and the other would immediately shout: \u2018An elephant!\u2019 And she would be right too! Yes, we miss Mari\u00ebtte terribly. There\u2019s a hole in our family that will never be filled again.\u201d Her father ends with: \u201cWe hope that her legacy, her passion for excellent education, will live on.\u201d<\/p>\n\n\t<div data-name=\"acf\/persons\" class=\"mt-6 md:mt-8 lg:mt-10\" >\n\t\t\t\t\t<h2 class=\"sr-only\">De redactie<\/h2>\n\t\t\n\t\t<div class=\"space-y-6\">\n\n\t\t\t\n\t\t\t<ul class=\"grid grid-cols-1 md:grid-cols-2 gap-4 md:gap-8 md:items-center\">\n\t\t\t\t\t\t\t\t\t\t\t\t\t\t<li>\n\t\t\t\t\t\t<div data-component=\"teaser-person\" class=\"relative flex gap-4 items-center md:gap-8\">\n\n\t\t\t<span class=\"image:rounded-full image:size-20 image:aspect-square image:object-cover md:image:size-36 shrink-0\">\n\t\t\t<img loading=\"lazy\" decoding=\"async\" width=\"1600\" height=\"1598\" src=\"https:\/\/www.erasmusmagazine.nl\/en\/wp-content\/uploads\/sites\/8\/Tessa-Hofland_profielfoto-bol_Leroy-Verbeet-2026-1600x1598.jpg?image-crop-positioner-ts=1768313432\" class=\"attachment-large size-large\" alt=\"\" srcset=\"https:\/\/www.erasmusmagazine.nl\/en\/wp-content\/uploads\/sites\/8\/Tessa-Hofland_profielfoto-bol_Leroy-Verbeet-2026-1600x1598.jpg?image-crop-positioner-ts=1768313432 1600w, https:\/\/www.erasmusmagazine.nl\/en\/wp-content\/uploads\/sites\/8\/Tessa-Hofland_profielfoto-bol_Leroy-Verbeet-2026-875x875.jpg?image-crop-positioner-ts=1768313432 875w, https:\/\/www.erasmusmagazine.nl\/en\/wp-content\/uploads\/sites\/8\/Tessa-Hofland_profielfoto-bol_Leroy-Verbeet-2026-300x300.jpg?image-crop-positioner-ts=1768313432 300w, https:\/\/www.erasmusmagazine.nl\/en\/wp-content\/uploads\/sites\/8\/Tessa-Hofland_profielfoto-bol_Leroy-Verbeet-2026-1280x1278.jpg?image-crop-positioner-ts=1768313432 1280w, https:\/\/www.erasmusmagazine.nl\/en\/wp-content\/uploads\/sites\/8\/Tessa-Hofland_profielfoto-bol_Leroy-Verbeet-2026-1536x1534.jpg?image-crop-positioner-ts=1768313432 1536w, https:\/\/www.erasmusmagazine.nl\/en\/wp-content\/uploads\/sites\/8\/Tessa-Hofland_profielfoto-bol_Leroy-Verbeet-2026-2048x2045.jpg?image-crop-positioner-ts=1768313432 2048w\" sizes=\"auto, (max-width: 1600px) 100vw, 1600px\" \/>\n\t\t<\/span>\n\t\n\t<div>\n\t\t<a href=\"https:\/\/www.erasmusmagazine.nl\/en\/persons\/tessa-hofland\/\" class=\"absolute-link font-tiempos-headline underline hocus:no-underline decoration-1 underline-offset-2 text-lg text-current\">Tessa Hofland<\/a>\n\n\t\t\t\t\t<p class=\"text-md\">Editor<\/p>\n\t\t\t<\/div>\n<\/div>\n\t\t\t\t\t<\/li>\n\t\t\t\t\t\t\t<\/ul>\n\t\t<\/div>\n\t<\/div>\n\n\t<div data-name=\"acf\/posts\" class=\"alignfull py-6 md:py-8 lg:py-10 bg-white\" >\n\t\t<div class=\"container-fixed\">\n\n\t\t\t\n\t\t\t<div class=\"space-y-6 md:space-y-8\">\n\n\t\t\t\t\t\t\t\t\t<h2 class=\"text-xl md:text-2xl\">Latest news<\/h2>\n\t\t\t\t\n\t\t\t\t\t\n\t<ul data-component=\"post-grid\" class=\"grid items-stretch grid-cols-1 gap-2 md:gap-4 lg:gap-8 text-zoom-lg:grid-cols-1\n\t\t\n\t\tlg:grid-cols-3\n\t\t\">\n\n\t\t\n\t\t\t\t\t\t\n\t\t\t\n\t\t\t<li class=\"@container\">\n\t\t\t\t\n<div data-component=\"teaser-post\" class=\"block-theme-sand hidden lg:flex h-full relative flex bg-sand-300\n\tblock-theme-violet:bg-white block-theme-violet:text-purple block-theme-mocha:bg-sand-500 block-theme-mocha:text-brown\n\tblock-theme-sand:bg-sand-300 block-theme-sand:text-neutral-900\n\tblock-theme-violet:outline-purple-100 block-theme-violet:outline-1 block-theme-violet:outline-t-0\n\tflex-col @xl:flex-row\">\n\t\t\t<div class=\"relative image:w-full image:aspect-video image:object-cover shrink-0 w-full @xl:w-1\/2\">\n\t\t\t<img loading=\"lazy\" decoding=\"async\" width=\"1280\" height=\"720\" src=\"https:\/\/www.erasmusmagazine.nl\/en\/wp-content\/uploads\/sites\/8\/rianne-letschert_persfoto_2026__martijn-beekman-1280x720.jpg?image-crop-positioner-ts=1776934694\" class=\"attachment-video_xl size-video_xl\" alt=\"\" srcset=\"https:\/\/www.erasmusmagazine.nl\/en\/wp-content\/uploads\/sites\/8\/rianne-letschert_persfoto_2026__martijn-beekman-1280x720.jpg?image-crop-positioner-ts=1776934694 1280w, https:\/\/www.erasmusmagazine.nl\/en\/wp-content\/uploads\/sites\/8\/rianne-letschert_persfoto_2026__martijn-beekman-500x282.jpg?image-crop-positioner-ts=1776934694 500w, https:\/\/www.erasmusmagazine.nl\/en\/wp-content\/uploads\/sites\/8\/rianne-letschert_persfoto_2026__martijn-beekman-832x468.jpg?image-crop-positioner-ts=1776934694 832w\" sizes=\"auto, (max-width: 1280px) 100vw, 1280px\" \/>\n\n\t\t\t\t\t<\/div>\n\t\n\t<div class=\"flex flex-col gap-2 md:gap-4 p-4 @md:p-8 @xl:p-8 \">\n\n\t\t\t\t<h3 class=\"text-md @sm:text-xl @md:text-2xl @xl:text-2xl\">\n\t\t\t<a href=\"https:\/\/www.erasmusmagazine.nl\/en\/2026\/04\/24\/letschert-honderden-miljoenen-erbij-voor-hoger-onderwijs\/\" class=\"absolute-link text-current underline-offset-2 decoration-2 hocus:underline @md:decoration-3 @xl:decoration-4 inline-block\">\n\t\t\t\tLetschert: hundreds of millions more for higher education\n\t\t\t<\/a>\n\t\t<\/h3>\n\n\t\t<div class=\"flex flex-wrap gap-4 items-center\">\n\t\t\t<span class=\"sr-only\">Gepubliceerd op:<\/span>\n\t\t\t<time class=\"text-sm font-soehne text-neutral-900\" datetime=\"2026-04-24\">24 April 2026<\/time>\n\n\t\t\t\t\t\t\t\t\t\t\t\n\t<ul data-component=\"list-badges\" class=\"flex items-center gap-2 flex-wrap\" aria-label=\"Geplaatst in categorie\">\n\t\t\t\t\t<li>\n\t\t\t\t\t<div data-component=\"badge\" class=\"block-theme-violet:bg-purple font-soehne font-bold text-sm bg-brown-600 block-theme-violet:bg-purple text-white py-[2px] px-2\">\n\t\t\t\t\tNieuws\n\t\t\t<\/div>\n\t\t\t<\/li>\n\t\t\t<\/ul>\n\t\t\t\t\t<\/div>\n\n\t\t\t<\/div>\n<\/div>\n\t\t\t\t\t\t\t\t\t\n<div data-component=\"teaser-post-small\" class=\"block-theme-sand lg:hidden relative flex h-full bg-sand-300\n\tblock-theme-violet:bg-white block-theme-violet:text-purple block-theme-mocha:bg-sand-500 block-theme-mocha:text-brown\n\tblock-theme-sand:bg-sand-300 block-theme-sand:text-neutral-900\n\tblock-theme-violet:outline-purple-100 block-theme-violet:outline-1 block-theme-violet:outline-t-0\n\ttheme-mocha:bg-white! theme-violet:bg-white! theme-sand:bg-white!\n\tflex-row gap-4 @md:gap-8 p-4 @md:p-6\">\n\t\t\t<div class=\"image:w-full image:aspect-square image:object-cover shrink-0 size-17.5 @sm:size-21.25 @md:size-30 @lg:size-40\">\n\t\t\t<img loading=\"lazy\" decoding=\"async\" width=\"460\" height=\"460\" src=\"https:\/\/www.erasmusmagazine.nl\/en\/wp-content\/uploads\/sites\/8\/rianne-letschert_persfoto_2026__martijn-beekman-460x460.jpg?image-crop-positioner-ts=1776934694\" class=\"attachment-square_lg size-square_lg\" alt=\"\" srcset=\"https:\/\/www.erasmusmagazine.nl\/en\/wp-content\/uploads\/sites\/8\/rianne-letschert_persfoto_2026__martijn-beekman-460x460.jpg?image-crop-positioner-ts=1776934694 460w, https:\/\/www.erasmusmagazine.nl\/en\/wp-content\/uploads\/sites\/8\/rianne-letschert_persfoto_2026__martijn-beekman-115x115.jpg?image-crop-positioner-ts=1776934694 115w, https:\/\/www.erasmusmagazine.nl\/en\/wp-content\/uploads\/sites\/8\/rianne-letschert_persfoto_2026__martijn-beekman-230x230.jpg?image-crop-positioner-ts=1776934694 230w\" sizes=\"auto, (max-width: 460px) 100vw, 460px\" \/>\n\t\t<\/div>\n\t\n\t<div class=\"flex flex-col gap-2 md:gap-4 \">\n\t\t\t\t<h3 class=\"text-md @lg:text-lg\">\n\t\t\t<a href=\"https:\/\/www.erasmusmagazine.nl\/en\/2026\/04\/24\/letschert-honderden-miljoenen-erbij-voor-hoger-onderwijs\/\" class=\"absolute-link text-current hocus:underline inline-block\">\n\t\t\t\tLetschert: hundreds of millions more for higher education\n\t\t\t<\/a>\n\t\t<\/h3>\n\n\t\t<div class=\"flex flex-wrap gap-4 items-center\">\n\t\t\t<span class=\"sr-only\">Gepubliceerd op:<\/span>\n\t\t\t<time class=\"text-sm font-soehne text-neutral-900\" datetime=\"2026-04-24\">24 April 2026<\/time>\n\n\t\t\t\t\t\t\t\t\t\t\t\n\t<ul data-component=\"list-badges\" class=\"flex items-center gap-2 flex-wrap\" aria-label=\"Geplaatst in categorie\">\n\t\t\t\t\t<li>\n\t\t\t\t\t<div data-component=\"badge\" class=\"block-theme-violet:bg-purple font-soehne font-bold text-sm bg-brown-600 block-theme-violet:bg-purple text-white py-[2px] px-2\">\n\t\t\t\t\tNieuws\n\t\t\t<\/div>\n\t\t\t<\/li>\n\t\t\t<\/ul>\n\t\t\t\t\t<\/div>\n\n\t\t\t<\/div>\n<\/div>\n\t\t\t\t\t\t\t<\/li>\n\t\t\n\t\t\t\t\t\t\n\t\t\t\n\t\t\t<li class=\"@container\">\n\t\t\t\t\n<div data-component=\"teaser-post\" class=\"block-theme-sand hidden lg:flex h-full relative flex bg-sand-300\n\tblock-theme-violet:bg-white block-theme-violet:text-purple block-theme-mocha:bg-sand-500 block-theme-mocha:text-brown\n\tblock-theme-sand:bg-sand-300 block-theme-sand:text-neutral-900\n\tblock-theme-violet:outline-purple-100 block-theme-violet:outline-1 block-theme-violet:outline-t-0\n\tflex-col @xl:flex-row\">\n\t\t\t<div class=\"relative image:w-full image:aspect-video image:object-cover shrink-0 w-full @xl:w-1\/2\">\n\t\t\t<img loading=\"lazy\" decoding=\"async\" width=\"1079\" height=\"720\" src=\"https:\/\/www.erasmusmagazine.nl\/en\/wp-content\/uploads\/sites\/8\/2024\/11\/07103456\/collegezaal-master-open-dag-2023-foto-EUR.jpg?image-crop-positioner-ts=1766139400\" class=\"attachment-video_xl size-video_xl\" alt=\"\" srcset=\"https:\/\/www.erasmusmagazine.nl\/en\/wp-content\/uploads\/sites\/8\/2024\/11\/07103456\/collegezaal-master-open-dag-2023-foto-EUR.jpg?image-crop-positioner-ts=1766139400 1619w, https:\/\/www.erasmusmagazine.nl\/en\/wp-content\/uploads\/sites\/8\/2024\/11\/07103456\/collegezaal-master-open-dag-2023-foto-EUR-875x584.jpg?image-crop-positioner-ts=1766139400 875w, https:\/\/www.erasmusmagazine.nl\/en\/wp-content\/uploads\/sites\/8\/2024\/11\/07103456\/collegezaal-master-open-dag-2023-foto-EUR-1600x1067.jpg?image-crop-positioner-ts=1766139400 1600w, https:\/\/www.erasmusmagazine.nl\/en\/wp-content\/uploads\/sites\/8\/2024\/11\/07103456\/collegezaal-master-open-dag-2023-foto-EUR-300x200.jpg?image-crop-positioner-ts=1766139400 300w, https:\/\/www.erasmusmagazine.nl\/en\/wp-content\/uploads\/sites\/8\/2024\/11\/07103456\/collegezaal-master-open-dag-2023-foto-EUR-1280x854.jpg?image-crop-positioner-ts=1766139400 1280w, https:\/\/www.erasmusmagazine.nl\/en\/wp-content\/uploads\/sites\/8\/2024\/11\/07103456\/collegezaal-master-open-dag-2023-foto-EUR-1536x1025.jpg?image-crop-positioner-ts=1766139400 1536w, https:\/\/www.erasmusmagazine.nl\/en\/wp-content\/uploads\/sites\/8\/2024\/11\/07103456\/collegezaal-master-open-dag-2023-foto-EUR-150x100.jpg?image-crop-positioner-ts=1766139400 150w, https:\/\/www.erasmusmagazine.nl\/en\/wp-content\/uploads\/sites\/8\/2024\/11\/07103456\/collegezaal-master-open-dag-2023-foto-EUR-225x150.jpg?image-crop-positioner-ts=1766139400 225w\" sizes=\"auto, (max-width: 1079px) 100vw, 1079px\" \/>\n\n\t\t\t\t\t<\/div>\n\t\n\t<div class=\"flex flex-col gap-2 md:gap-4 p-4 @md:p-8 @xl:p-8 \">\n\n\t\t\t\t<h3 class=\"text-md @sm:text-xl @md:text-2xl @xl:text-2xl\">\n\t\t\t<a href=\"https:\/\/www.erasmusmagazine.nl\/en\/2026\/04\/24\/erasmus-universiteit-krijgt-voorlopig-positief-advies-op-instellingstoets\/\" class=\"absolute-link text-current underline-offset-2 decoration-2 hocus:underline @md:decoration-3 @xl:decoration-4 inline-block\">\n\t\t\t\tErasmus University receives preliminary positive recommendation on institutional review\n\t\t\t<\/a>\n\t\t<\/h3>\n\n\t\t<div class=\"flex flex-wrap gap-4 items-center\">\n\t\t\t<span class=\"sr-only\">Gepubliceerd op:<\/span>\n\t\t\t<time class=\"text-sm font-soehne text-neutral-900\" datetime=\"2026-04-24\">24 April 2026<\/time>\n\n\t\t\t\t\t\t\t\t\t\t\t\n\t<ul data-component=\"list-badges\" class=\"flex items-center gap-2 flex-wrap\" aria-label=\"Geplaatst in categorie\">\n\t\t\t\t\t<li>\n\t\t\t\t\t<div data-component=\"badge\" class=\"block-theme-violet:bg-purple font-soehne font-bold text-sm bg-brown-600 block-theme-violet:bg-purple text-white py-[2px] px-2\">\n\t\t\t\t\tEducation\n\t\t\t<\/div>\n\t\t\t<\/li>\n\t\t\t<\/ul>\n\t\t\t\t\t<\/div>\n\n\t\t\t<\/div>\n<\/div>\n\t\t\t\t\t\t\t\t\t\n<div data-component=\"teaser-post-small\" class=\"block-theme-sand lg:hidden relative flex h-full bg-sand-300\n\tblock-theme-violet:bg-white block-theme-violet:text-purple block-theme-mocha:bg-sand-500 block-theme-mocha:text-brown\n\tblock-theme-sand:bg-sand-300 block-theme-sand:text-neutral-900\n\tblock-theme-violet:outline-purple-100 block-theme-violet:outline-1 block-theme-violet:outline-t-0\n\ttheme-mocha:bg-white! theme-violet:bg-white! theme-sand:bg-white!\n\tflex-row gap-4 @md:gap-8 p-4 @md:p-6\">\n\t\t\t<div class=\"image:w-full image:aspect-square image:object-cover shrink-0 size-17.5 @sm:size-21.25 @md:size-30 @lg:size-40\">\n\t\t\t<img loading=\"lazy\" decoding=\"async\" width=\"460\" height=\"307\" src=\"https:\/\/www.erasmusmagazine.nl\/en\/wp-content\/uploads\/sites\/8\/2024\/11\/07103456\/collegezaal-master-open-dag-2023-foto-EUR.jpg?image-crop-positioner-ts=1766139400\" class=\"attachment-square_lg size-square_lg\" alt=\"\" srcset=\"https:\/\/www.erasmusmagazine.nl\/en\/wp-content\/uploads\/sites\/8\/2024\/11\/07103456\/collegezaal-master-open-dag-2023-foto-EUR.jpg?image-crop-positioner-ts=1766139400 1619w, https:\/\/www.erasmusmagazine.nl\/en\/wp-content\/uploads\/sites\/8\/2024\/11\/07103456\/collegezaal-master-open-dag-2023-foto-EUR-875x584.jpg?image-crop-positioner-ts=1766139400 875w, https:\/\/www.erasmusmagazine.nl\/en\/wp-content\/uploads\/sites\/8\/2024\/11\/07103456\/collegezaal-master-open-dag-2023-foto-EUR-1600x1067.jpg?image-crop-positioner-ts=1766139400 1600w, https:\/\/www.erasmusmagazine.nl\/en\/wp-content\/uploads\/sites\/8\/2024\/11\/07103456\/collegezaal-master-open-dag-2023-foto-EUR-300x200.jpg?image-crop-positioner-ts=1766139400 300w, https:\/\/www.erasmusmagazine.nl\/en\/wp-content\/uploads\/sites\/8\/2024\/11\/07103456\/collegezaal-master-open-dag-2023-foto-EUR-1280x854.jpg?image-crop-positioner-ts=1766139400 1280w, https:\/\/www.erasmusmagazine.nl\/en\/wp-content\/uploads\/sites\/8\/2024\/11\/07103456\/collegezaal-master-open-dag-2023-foto-EUR-1536x1025.jpg?image-crop-positioner-ts=1766139400 1536w, https:\/\/www.erasmusmagazine.nl\/en\/wp-content\/uploads\/sites\/8\/2024\/11\/07103456\/collegezaal-master-open-dag-2023-foto-EUR-150x100.jpg?image-crop-positioner-ts=1766139400 150w, https:\/\/www.erasmusmagazine.nl\/en\/wp-content\/uploads\/sites\/8\/2024\/11\/07103456\/collegezaal-master-open-dag-2023-foto-EUR-225x150.jpg?image-crop-positioner-ts=1766139400 225w\" sizes=\"auto, (max-width: 460px) 100vw, 460px\" \/>\n\t\t<\/div>\n\t\n\t<div class=\"flex flex-col gap-2 md:gap-4 \">\n\t\t\t\t<h3 class=\"text-md @lg:text-lg\">\n\t\t\t<a href=\"https:\/\/www.erasmusmagazine.nl\/en\/2026\/04\/24\/erasmus-universiteit-krijgt-voorlopig-positief-advies-op-instellingstoets\/\" class=\"absolute-link text-current hocus:underline inline-block\">\n\t\t\t\tErasmus University receives preliminary positive recommendation on institutional review\n\t\t\t<\/a>\n\t\t<\/h3>\n\n\t\t<div class=\"flex flex-wrap gap-4 items-center\">\n\t\t\t<span class=\"sr-only\">Gepubliceerd op:<\/span>\n\t\t\t<time class=\"text-sm font-soehne text-neutral-900\" datetime=\"2026-04-24\">24 April 2026<\/time>\n\n\t\t\t\t\t\t\t\t\t\t\t\n\t<ul data-component=\"list-badges\" class=\"flex items-center gap-2 flex-wrap\" aria-label=\"Geplaatst in categorie\">\n\t\t\t\t\t<li>\n\t\t\t\t\t<div data-component=\"badge\" class=\"block-theme-violet:bg-purple font-soehne font-bold text-sm bg-brown-600 block-theme-violet:bg-purple text-white py-[2px] px-2\">\n\t\t\t\t\tEducation\n\t\t\t<\/div>\n\t\t\t<\/li>\n\t\t\t<\/ul>\n\t\t\t\t\t<\/div>\n\n\t\t\t<\/div>\n<\/div>\n\t\t\t\t\t\t\t<\/li>\n\t\t\n\t\t\t\t\t\t\n\t\t\t\n\t\t\t<li class=\"@container\">\n\t\t\t\t\n<div data-component=\"teaser-post\" class=\"block-theme-sand hidden lg:flex h-full relative flex bg-sand-300\n\tblock-theme-violet:bg-white block-theme-violet:text-purple block-theme-mocha:bg-sand-500 block-theme-mocha:text-brown\n\tblock-theme-sand:bg-sand-300 block-theme-sand:text-neutral-900\n\tblock-theme-violet:outline-purple-100 block-theme-violet:outline-1 block-theme-violet:outline-t-0\n\tflex-col @xl:flex-row\">\n\t\t\t<div class=\"relative image:w-full image:aspect-video image:object-cover shrink-0 w-full @xl:w-1\/2\">\n\t\t\t<img loading=\"lazy\" decoding=\"async\" width=\"1280\" height=\"720\" src=\"https:\/\/www.erasmusmagazine.nl\/en\/wp-content\/uploads\/sites\/8\/server-1235959_1920-1280x720.jpg?image-crop-positioner-ts=1777012514\" class=\"attachment-video_xl size-video_xl\" alt=\"\" srcset=\"https:\/\/www.erasmusmagazine.nl\/en\/wp-content\/uploads\/sites\/8\/server-1235959_1920-1280x720.jpg?image-crop-positioner-ts=1777012514 1280w, https:\/\/www.erasmusmagazine.nl\/en\/wp-content\/uploads\/sites\/8\/server-1235959_1920-500x282.jpg?image-crop-positioner-ts=1777012514 500w, https:\/\/www.erasmusmagazine.nl\/en\/wp-content\/uploads\/sites\/8\/server-1235959_1920-832x468.jpg?image-crop-positioner-ts=1777012514 832w\" sizes=\"auto, (max-width: 1280px) 100vw, 1280px\" \/>\n\n\t\t\t\t\t<\/div>\n\t\n\t<div class=\"flex flex-col gap-2 md:gap-4 p-4 @md:p-8 @xl:p-8 \">\n\n\t\t\t\t<h3 class=\"text-md @sm:text-xl @md:text-2xl @xl:text-2xl\">\n\t\t\t<a href=\"https:\/\/www.erasmusmagazine.nl\/en\/2026\/04\/24\/aivd-blijft-waarschuwen-voor-diefstal-van-kennis\/\" class=\"absolute-link text-current underline-offset-2 decoration-2 hocus:underline @md:decoration-3 @xl:decoration-4 inline-block\">\n\t\t\t\tAIVD continues to warn about knowledge theft\n\t\t\t<\/a>\n\t\t<\/h3>\n\n\t\t<div class=\"flex flex-wrap gap-4 items-center\">\n\t\t\t<span class=\"sr-only\">Gepubliceerd op:<\/span>\n\t\t\t<time class=\"text-sm font-soehne text-neutral-900\" datetime=\"2026-04-24\">24 April 2026<\/time>\n\n\t\t\t\t\t\t\t\t\t\t\t\n\t<ul data-component=\"list-badges\" class=\"flex items-center gap-2 flex-wrap\" aria-label=\"Geplaatst in categorie\">\n\t\t\t\t\t<li>\n\t\t\t\t\t<div data-component=\"badge\" class=\"block-theme-violet:bg-purple font-soehne font-bold text-sm bg-brown-600 block-theme-violet:bg-purple text-white py-[2px] px-2\">\n\t\t\t\t\tIT\n\t\t\t<\/div>\n\t\t\t<\/li>\n\t\t\t<\/ul>\n\t\t\t\t\t<\/div>\n\n\t\t\t<\/div>\n<\/div>\n\t\t\t\t\t\t\t\t\t\n<div data-component=\"teaser-post-small\" class=\"block-theme-sand lg:hidden relative flex h-full bg-sand-300\n\tblock-theme-violet:bg-white block-theme-violet:text-purple block-theme-mocha:bg-sand-500 block-theme-mocha:text-brown\n\tblock-theme-sand:bg-sand-300 block-theme-sand:text-neutral-900\n\tblock-theme-violet:outline-purple-100 block-theme-violet:outline-1 block-theme-violet:outline-t-0\n\ttheme-mocha:bg-white! theme-violet:bg-white! theme-sand:bg-white!\n\tflex-row gap-4 @md:gap-8 p-4 @md:p-6\">\n\t\t\t<div class=\"image:w-full image:aspect-square image:object-cover shrink-0 size-17.5 @sm:size-21.25 @md:size-30 @lg:size-40\">\n\t\t\t<img loading=\"lazy\" decoding=\"async\" width=\"460\" height=\"460\" src=\"https:\/\/www.erasmusmagazine.nl\/en\/wp-content\/uploads\/sites\/8\/server-1235959_1920-460x460.jpg?image-crop-positioner-ts=1777012514\" class=\"attachment-square_lg size-square_lg\" alt=\"\" srcset=\"https:\/\/www.erasmusmagazine.nl\/en\/wp-content\/uploads\/sites\/8\/server-1235959_1920-460x460.jpg?image-crop-positioner-ts=1777012514 460w, https:\/\/www.erasmusmagazine.nl\/en\/wp-content\/uploads\/sites\/8\/server-1235959_1920-115x115.jpg?image-crop-positioner-ts=1777012514 115w, https:\/\/www.erasmusmagazine.nl\/en\/wp-content\/uploads\/sites\/8\/server-1235959_1920-230x230.jpg?image-crop-positioner-ts=1777012514 230w\" sizes=\"auto, (max-width: 460px) 100vw, 460px\" \/>\n\t\t<\/div>\n\t\n\t<div class=\"flex flex-col gap-2 md:gap-4 \">\n\t\t\t\t<h3 class=\"text-md @lg:text-lg\">\n\t\t\t<a href=\"https:\/\/www.erasmusmagazine.nl\/en\/2026\/04\/24\/aivd-blijft-waarschuwen-voor-diefstal-van-kennis\/\" class=\"absolute-link text-current hocus:underline inline-block\">\n\t\t\t\tAIVD continues to warn about knowledge theft\n\t\t\t<\/a>\n\t\t<\/h3>\n\n\t\t<div class=\"flex flex-wrap gap-4 items-center\">\n\t\t\t<span class=\"sr-only\">Gepubliceerd op:<\/span>\n\t\t\t<time class=\"text-sm font-soehne text-neutral-900\" datetime=\"2026-04-24\">24 April 2026<\/time>\n\n\t\t\t\t\t\t\t\t\t\t\t\n\t<ul data-component=\"list-badges\" class=\"flex items-center gap-2 flex-wrap\" aria-label=\"Geplaatst in categorie\">\n\t\t\t\t\t<li>\n\t\t\t\t\t<div data-component=\"badge\" class=\"block-theme-violet:bg-purple font-soehne font-bold text-sm bg-brown-600 block-theme-violet:bg-purple text-white py-[2px] px-2\">\n\t\t\t\t\tIT\n\t\t\t<\/div>\n\t\t\t<\/li>\n\t\t\t<\/ul>\n\t\t\t\t\t<\/div>\n\n\t\t\t<\/div>\n<\/div>\n\t\t\t\t\t\t\t<\/li>\n\t\t\t<\/ul>\n\n\t\t\t\t\t\t\t\t\t<div class=\"text-right text-brown-600\">\n\t\t\t\t\t\t\n\n\n\n<a\n\tdata-variant=\"outline\"\n\tdata-size=\"default\"\n\tclass=\"group inline-flex justify-center items-center gap-2 cursor-pointer text-md font-soehne underline-offset-2 decoration-2 px-4 min-h-[3.75rem] border-2 border-current bg-transparent text-current font-bold hocus:underline w-full lg:w-auto\"\n\n\t\n\t\t\thref=\"\"\n\t\n\t\n\t\n\t\n\t\n\t\n\t\n\t\n\t\n\t\n\t\n\t\n\t>\n\t\n\t\t\t\t\t<span data-button-text class=\"\">\n\t\t\tAll articles\n\n\t\t\t\t\t<\/span>\n\t\n\t\t\t\t\t\t<span class=\" flex items-center justify-center w-[1em] h-[1em] icon  \" aria-hidden=\"true\">\n\t\t\t<svg aria-hidden=\"true\" width=\"20\" height=\"17\" viewBox=\"0 0 20 17\" fill=\"none\" xmlns=\"http:\/\/www.w3.org\/2000\/svg\">\n<path d=\"M18.25 7.5C18.8023 7.5 19.25 7.94772 19.25 8.5C19.25 9.05228 18.8023 9.5 18.25 9.5H1.75C1.19772 9.5 0.75 9.05228 0.75 8.5C0.75 7.94772 1.19772 7.5 1.75 7.5H18.25Z\" fill=\"currentColor\"\/>\n<path d=\"M10.793 1.04295C11.1835 0.65243 11.8165 0.65243 12.207 1.04295L18.957 7.79295C19.3476 8.18348 19.3476 8.81649 18.957 9.20702L12.207 15.957C11.8165 16.3475 11.1835 16.3475 10.793 15.957C10.4024 15.5665 10.4024 14.9335 10.793 14.543L16.8359 8.49999L10.793 2.45702C10.4024 2.06649 10.4024 1.43348 10.793 1.04295Z\" fill=\"currentColor\"\/>\n<\/svg>\n\n\t\t<\/span>\n\n\t\t\t\n\t<\/a>\n\t\t\t\t\t<\/div>\n\t\t\t\t\t\t\t<\/div>\n\t\t<\/div>\n\t<\/div>\n","protected":false},"excerpt":{"rendered":"<p>To ensure that her legacy &#8211; her passion for excellent education &#8211; will live on. That is what the parents and colleagues of the late Mari\u00ebtte Kaandorp hope to achieve with the Mari\u00ebtte Kaandorp Prize for Excellence in Thesis Mentoring. Would the then 35-year-old Mari\u00ebtte have been thrilled with this prize? &#8220;Oh, no. She would [&hellip;]<\/p>\n","protected":false},"author":284,"featured_media":134874,"comment_status":"open","ping_status":"open","sticky":false,"template":"","format":"standard","meta":{"_acf_changed":false,"_trash_the_other_posts":false,"editor_notices":[],"footnotes":""},"categories":[155],"em_content_type":[24778],"class_list":["post-134952","post","type-post","status-publish","format-standard","has-post-thumbnail","hentry","category-education","em_content_type-nieuws"],"acf":[],"yoast_head":"<!-- This site is optimized with the Yoast SEO plugin v27.3 - https:\/\/yoast.com\/product\/yoast-seo-wordpress\/ -->\n<title>A prize to keep Mari\u00ebtte Kaandorp&#039;s love of education alive<\/title>\n<meta name=\"description\" content=\"To ensure that her legacy - her passion for excellent education - will live on. That is what the parents and colleagues of the late Mari\u00ebtte Kaandorp hope to achieve with the Mari\u00ebtte Kaandorp Prize for Excellence in Thesis Mentoring. Would the then 35-year-old Mari\u00ebtte have been thrilled with this prize? &quot;Oh, no. She would have thought it was excessive. She was far too modest for that.&quot;\" \/>\n<meta name=\"robots\" content=\"index, follow, max-snippet:-1, max-image-preview:large, max-video-preview:-1\" \/>\n<link rel=\"canonical\" href=\"https:\/\/www.erasmusmagazine.nl\/en\/2022\/01\/21\/a-prize-to-keep-mariette-kaandorps-love-of-education-alive\/\" \/>\n<meta property=\"og:locale\" content=\"en_GB\" \/>\n<meta property=\"og:type\" content=\"article\" \/>\n<meta property=\"og:title\" content=\"A prize to keep Mari\u00ebtte Kaandorp&#039;s love of education alive\" \/>\n<meta property=\"og:description\" content=\"To ensure that her legacy - her passion for excellent education - will live on. That is what the parents and colleagues of the late Mari\u00ebtte Kaandorp hope to achieve with the Mari\u00ebtte Kaandorp Prize for Excellence in Thesis Mentoring. Would the then 35-year-old Mari\u00ebtte have been thrilled with this prize? &quot;Oh, no. She would have thought it was excessive. She was far too modest for that.&quot;\" \/>\n<meta property=\"og:url\" content=\"https:\/\/www.erasmusmagazine.nl\/en\/2022\/01\/21\/a-prize-to-keep-mariette-kaandorps-love-of-education-alive\/\" \/>\n<meta property=\"og:site_name\" content=\"Erasmus Magazine\" \/>\n<meta property=\"article:publisher\" content=\"https:\/\/www.facebook.com\/ErasmusMagazineInternational\/\" \/>\n<meta property=\"article:published_time\" content=\"2022-01-21T08:27:31+00:00\" \/>\n<meta property=\"article:modified_time\" content=\"2025-12-19T10:26:05+00:00\" \/>\n<meta property=\"og:image\" content=\"https:\/\/www.erasmusmagazine.nl\/wp-content\/uploads\/sites\/8\/2022\/01\/18151704\/Marie\u0308tte-Kaandorp-1600x1066.jpeg\" \/>\n\t<meta property=\"og:image:width\" content=\"1600\" \/>\n\t<meta property=\"og:image:height\" content=\"1066\" \/>\n\t<meta property=\"og:image:type\" content=\"image\/jpeg\" \/>\n<meta name=\"author\" content=\"Tessa Hofland\" \/>\n<meta name=\"twitter:card\" content=\"summary_large_image\" \/>\n<meta name=\"twitter:creator\" content=\"@erasmusmag\" \/>\n<meta name=\"twitter:site\" content=\"@erasmusmag\" \/>\n<meta name=\"twitter:label1\" content=\"Estimated reading time\" \/>\n\t<meta name=\"twitter:data1\" content=\"6 minutes\" \/>\n\t<meta name=\"twitter:label2\" content=\"Written by\" \/>\n\t<meta name=\"twitter:data2\" content=\"Tessa Hofland\" \/>\n<script type=\"application\/ld+json\" class=\"yoast-schema-graph\">{\"@context\":\"https:\\\/\\\/schema.org\",\"@graph\":[{\"@type\":\"Article\",\"@id\":\"https:\\\/\\\/www.erasmusmagazine.nl\\\/en\\\/2022\\\/01\\\/21\\\/a-prize-to-keep-mariette-kaandorps-love-of-education-alive\\\/#article\",\"isPartOf\":{\"@id\":\"https:\\\/\\\/www.erasmusmagazine.nl\\\/en\\\/2022\\\/01\\\/21\\\/a-prize-to-keep-mariette-kaandorps-love-of-education-alive\\\/\"},\"author\":\"Tessa Hofland\",\"headline\":\"A prize to keep Mari\u00ebtte Kaandorp&#8217;s love of education alive\",\"datePublished\":\"2022-01-21T08:27:31+00:00\",\"dateModified\":\"2025-12-19T10:26:05+00:00\",\"mainEntityOfPage\":{\"@id\":\"https:\\\/\\\/www.erasmusmagazine.nl\\\/en\\\/2022\\\/01\\\/21\\\/a-prize-to-keep-mariette-kaandorps-love-of-education-alive\\\/\"},\"wordCount\":1283,\"commentCount\":0,\"image\":{\"@id\":\"https:\\\/\\\/www.erasmusmagazine.nl\\\/en\\\/2022\\\/01\\\/21\\\/a-prize-to-keep-mariette-kaandorps-love-of-education-alive\\\/#primaryimage\"},\"thumbnailUrl\":\"https:\\\/\\\/www.erasmusmagazine.nl\\\/en\\\/wp-content\\\/uploads\\\/sites\\\/8\\\/2022\\\/01\\\/18151704\\\/Marie\u0308tte-Kaandorp.jpeg?image-crop-positioner-ts=1766139271\",\"keywords\":[\"Mari\u00ebtte Kaandorp\",\"Mari\u00ebtte Kaandorp Prize for Excellence in Thesis Mentoring\",\"Rotterdam Schoof of Management\",\"RSM\"],\"articleSection\":[\"Education\"],\"inLanguage\":\"en-GB\",\"potentialAction\":[{\"@type\":\"CommentAction\",\"name\":\"Comment\",\"target\":[\"https:\\\/\\\/www.erasmusmagazine.nl\\\/en\\\/2022\\\/01\\\/21\\\/a-prize-to-keep-mariette-kaandorps-love-of-education-alive\\\/#respond\"]}]},{\"@type\":\"WebPage\",\"@id\":\"https:\\\/\\\/www.erasmusmagazine.nl\\\/en\\\/2022\\\/01\\\/21\\\/a-prize-to-keep-mariette-kaandorps-love-of-education-alive\\\/\",\"url\":\"https:\\\/\\\/www.erasmusmagazine.nl\\\/en\\\/2022\\\/01\\\/21\\\/a-prize-to-keep-mariette-kaandorps-love-of-education-alive\\\/\",\"name\":\"A prize to keep Mari\u00ebtte Kaandorp's love of education alive\",\"isPartOf\":{\"@id\":\"https:\\\/\\\/www.erasmusmagazine.nl\\\/en\\\/#website\"},\"primaryImageOfPage\":{\"@id\":\"https:\\\/\\\/www.erasmusmagazine.nl\\\/en\\\/2022\\\/01\\\/21\\\/a-prize-to-keep-mariette-kaandorps-love-of-education-alive\\\/#primaryimage\"},\"image\":{\"@id\":\"https:\\\/\\\/www.erasmusmagazine.nl\\\/en\\\/2022\\\/01\\\/21\\\/a-prize-to-keep-mariette-kaandorps-love-of-education-alive\\\/#primaryimage\"},\"thumbnailUrl\":\"https:\\\/\\\/www.erasmusmagazine.nl\\\/en\\\/wp-content\\\/uploads\\\/sites\\\/8\\\/2022\\\/01\\\/18151704\\\/Marie\u0308tte-Kaandorp.jpeg?image-crop-positioner-ts=1766139271\",\"datePublished\":\"2022-01-21T08:27:31+00:00\",\"dateModified\":\"2025-12-19T10:26:05+00:00\",\"author\":\"Tessa Hofland\",\"description\":\"To ensure that her legacy - her passion for excellent education - will live on. That is what the parents and colleagues of the late Mari\u00ebtte Kaandorp hope to achieve with the Mari\u00ebtte Kaandorp Prize for Excellence in Thesis Mentoring. Would the then 35-year-old Mari\u00ebtte have been thrilled with this prize? \\\"Oh, no. She would have thought it was excessive. She was far too modest for that.\\\"\",\"breadcrumb\":{\"@id\":\"https:\\\/\\\/www.erasmusmagazine.nl\\\/en\\\/2022\\\/01\\\/21\\\/a-prize-to-keep-mariette-kaandorps-love-of-education-alive\\\/#breadcrumb\"},\"inLanguage\":\"en-GB\",\"potentialAction\":[{\"@type\":\"ReadAction\",\"target\":[\"https:\\\/\\\/www.erasmusmagazine.nl\\\/en\\\/2022\\\/01\\\/21\\\/a-prize-to-keep-mariette-kaandorps-love-of-education-alive\\\/\"]}]},{\"@type\":\"ImageObject\",\"inLanguage\":\"en-GB\",\"@id\":\"https:\\\/\\\/www.erasmusmagazine.nl\\\/en\\\/2022\\\/01\\\/21\\\/a-prize-to-keep-mariette-kaandorps-love-of-education-alive\\\/#primaryimage\",\"url\":\"https:\\\/\\\/www.erasmusmagazine.nl\\\/en\\\/wp-content\\\/uploads\\\/sites\\\/8\\\/2022\\\/01\\\/18151704\\\/Marie\u0308tte-Kaandorp.jpeg?image-crop-positioner-ts=1766139271\",\"contentUrl\":\"https:\\\/\\\/www.erasmusmagazine.nl\\\/en\\\/wp-content\\\/uploads\\\/sites\\\/8\\\/2022\\\/01\\\/18151704\\\/Marie\u0308tte-Kaandorp.jpeg?image-crop-positioner-ts=1766139271\",\"width\":2000,\"height\":1332,\"caption\":\"Mari\u00ebtte Kaandorp (21-01-1985 - 20-11-2020)\"},{\"@type\":\"BreadcrumbList\",\"@id\":\"https:\\\/\\\/www.erasmusmagazine.nl\\\/en\\\/2022\\\/01\\\/21\\\/a-prize-to-keep-mariette-kaandorps-love-of-education-alive\\\/#breadcrumb\",\"itemListElement\":[{\"@type\":\"ListItem\",\"position\":1,\"name\":\"Home\",\"item\":\"https:\\\/\\\/www.erasmusmagazine.nl\\\/en\\\/\"},{\"@type\":\"ListItem\",\"position\":2,\"name\":\"A prize to keep Mari\u00ebtte Kaandorp&#8217;s love of education alive\"}]},{\"@type\":\"WebSite\",\"@id\":\"https:\\\/\\\/www.erasmusmagazine.nl\\\/en\\\/#website\",\"url\":\"https:\\\/\\\/www.erasmusmagazine.nl\\\/en\\\/\",\"name\":\"Erasmus Magazine\",\"description\":\"Independent news platform of Erasmus University Rotterdam\",\"potentialAction\":[{\"@type\":\"SearchAction\",\"target\":{\"@type\":\"EntryPoint\",\"urlTemplate\":\"https:\\\/\\\/www.erasmusmagazine.nl\\\/en\\\/?s={search_term_string}\"},\"query-input\":{\"@type\":\"PropertyValueSpecification\",\"valueRequired\":true,\"valueName\":\"search_term_string\"}}],\"inLanguage\":\"en-GB\"},{\"@type\":\"Person\",\"name\":\"Tessa Hofland\",\"id\":\"https:\\\/\\\/www.erasmusmagazine.nl\\\/en\\\/persons\\\/tessa-hofland\\\/\",\"url\":\"https:\\\/\\\/www.erasmusmagazine.nl\\\/en\\\/persons\\\/tessa-hofland\\\/\",\"image\":{\"@type\":\"ImageObject\",\"inLanguage\":\"en-GB\",\"@id\":\"https:\\\/\\\/www.erasmusmagazine.nl\\\/en\\\/wp-content\\\/uploads\\\/sites\\\/8\\\/Tessa-Hofland_profielfoto-bol_Leroy-Verbeet-2026.jpg\",\"url\":\"https:\\\/\\\/www.erasmusmagazine.nl\\\/en\\\/wp-content\\\/uploads\\\/sites\\\/8\\\/Tessa-Hofland_profielfoto-bol_Leroy-Verbeet-2026.jpg\",\"contentUrl\":\"https:\\\/\\\/www.erasmusmagazine.nl\\\/en\\\/wp-content\\\/uploads\\\/sites\\\/8\\\/Tessa-Hofland_profielfoto-bol_Leroy-Verbeet-2026.jpg\",\"caption\":\"Tessa Hofland\"}}]}<\/script>\n<!-- \/ Yoast SEO plugin. -->","yoast_head_json":{"title":"A prize to keep Mari\u00ebtte Kaandorp's love of education alive","description":"To ensure that her legacy - her passion for excellent education - will live on. That is what the parents and colleagues of the late Mari\u00ebtte Kaandorp hope to achieve with the Mari\u00ebtte Kaandorp Prize for Excellence in Thesis Mentoring. Would the then 35-year-old Mari\u00ebtte have been thrilled with this prize? \"Oh, no. She would have thought it was excessive. She was far too modest for that.\"","robots":{"index":"index","follow":"follow","max-snippet":"max-snippet:-1","max-image-preview":"max-image-preview:large","max-video-preview":"max-video-preview:-1"},"canonical":"https:\/\/www.erasmusmagazine.nl\/en\/2022\/01\/21\/a-prize-to-keep-mariette-kaandorps-love-of-education-alive\/","og_locale":"en_GB","og_type":"article","og_title":"A prize to keep Mari\u00ebtte Kaandorp's love of education alive","og_description":"To ensure that her legacy - her passion for excellent education - will live on. That is what the parents and colleagues of the late Mari\u00ebtte Kaandorp hope to achieve with the Mari\u00ebtte Kaandorp Prize for Excellence in Thesis Mentoring. Would the then 35-year-old Mari\u00ebtte have been thrilled with this prize? \"Oh, no. She would have thought it was excessive. She was far too modest for that.\"","og_url":"https:\/\/www.erasmusmagazine.nl\/en\/2022\/01\/21\/a-prize-to-keep-mariette-kaandorps-love-of-education-alive\/","og_site_name":"Erasmus Magazine","article_publisher":"https:\/\/www.facebook.com\/ErasmusMagazineInternational\/","article_published_time":"2022-01-21T08:27:31+00:00","article_modified_time":"2025-12-19T10:26:05+00:00","og_image":[{"width":1600,"height":1066,"url":"https:\/\/www.erasmusmagazine.nl\/wp-content\/uploads\/sites\/8\/2022\/01\/18151704\/Marie\u0308tte-Kaandorp-1600x1066.jpeg","type":"image\/jpeg"}],"author":"Tessa Hofland","twitter_card":"summary_large_image","twitter_creator":"@erasmusmag","twitter_site":"@erasmusmag","twitter_misc":{"Estimated reading time":"6 minutes","Written by":"Tessa Hofland"},"schema":{"@context":"https:\/\/schema.org","@graph":[{"@type":"Article","@id":"https:\/\/www.erasmusmagazine.nl\/en\/2022\/01\/21\/a-prize-to-keep-mariette-kaandorps-love-of-education-alive\/#article","isPartOf":{"@id":"https:\/\/www.erasmusmagazine.nl\/en\/2022\/01\/21\/a-prize-to-keep-mariette-kaandorps-love-of-education-alive\/"},"author":"Tessa Hofland","headline":"A prize to keep Mari\u00ebtte Kaandorp&#8217;s love of education alive","datePublished":"2022-01-21T08:27:31+00:00","dateModified":"2025-12-19T10:26:05+00:00","mainEntityOfPage":{"@id":"https:\/\/www.erasmusmagazine.nl\/en\/2022\/01\/21\/a-prize-to-keep-mariette-kaandorps-love-of-education-alive\/"},"wordCount":1283,"commentCount":0,"image":{"@id":"https:\/\/www.erasmusmagazine.nl\/en\/2022\/01\/21\/a-prize-to-keep-mariette-kaandorps-love-of-education-alive\/#primaryimage"},"thumbnailUrl":"https:\/\/www.erasmusmagazine.nl\/en\/wp-content\/uploads\/sites\/8\/2022\/01\/18151704\/Marie\u0308tte-Kaandorp.jpeg?image-crop-positioner-ts=1766139271","keywords":["Mari\u00ebtte Kaandorp","Mari\u00ebtte Kaandorp Prize for Excellence in Thesis Mentoring","Rotterdam Schoof of Management","RSM"],"articleSection":["Education"],"inLanguage":"en-GB","potentialAction":[{"@type":"CommentAction","name":"Comment","target":["https:\/\/www.erasmusmagazine.nl\/en\/2022\/01\/21\/a-prize-to-keep-mariette-kaandorps-love-of-education-alive\/#respond"]}]},{"@type":"WebPage","@id":"https:\/\/www.erasmusmagazine.nl\/en\/2022\/01\/21\/a-prize-to-keep-mariette-kaandorps-love-of-education-alive\/","url":"https:\/\/www.erasmusmagazine.nl\/en\/2022\/01\/21\/a-prize-to-keep-mariette-kaandorps-love-of-education-alive\/","name":"A prize to keep Mari\u00ebtte Kaandorp's love of education alive","isPartOf":{"@id":"https:\/\/www.erasmusmagazine.nl\/en\/#website"},"primaryImageOfPage":{"@id":"https:\/\/www.erasmusmagazine.nl\/en\/2022\/01\/21\/a-prize-to-keep-mariette-kaandorps-love-of-education-alive\/#primaryimage"},"image":{"@id":"https:\/\/www.erasmusmagazine.nl\/en\/2022\/01\/21\/a-prize-to-keep-mariette-kaandorps-love-of-education-alive\/#primaryimage"},"thumbnailUrl":"https:\/\/www.erasmusmagazine.nl\/en\/wp-content\/uploads\/sites\/8\/2022\/01\/18151704\/Marie\u0308tte-Kaandorp.jpeg?image-crop-positioner-ts=1766139271","datePublished":"2022-01-21T08:27:31+00:00","dateModified":"2025-12-19T10:26:05+00:00","author":"Tessa Hofland","description":"To ensure that her legacy - her passion for excellent education - will live on. That is what the parents and colleagues of the late Mari\u00ebtte Kaandorp hope to achieve with the Mari\u00ebtte Kaandorp Prize for Excellence in Thesis Mentoring. Would the then 35-year-old Mari\u00ebtte have been thrilled with this prize? \"Oh, no. She would have thought it was excessive. She was far too modest for that.\"","breadcrumb":{"@id":"https:\/\/www.erasmusmagazine.nl\/en\/2022\/01\/21\/a-prize-to-keep-mariette-kaandorps-love-of-education-alive\/#breadcrumb"},"inLanguage":"en-GB","potentialAction":[{"@type":"ReadAction","target":["https:\/\/www.erasmusmagazine.nl\/en\/2022\/01\/21\/a-prize-to-keep-mariette-kaandorps-love-of-education-alive\/"]}]},{"@type":"ImageObject","inLanguage":"en-GB","@id":"https:\/\/www.erasmusmagazine.nl\/en\/2022\/01\/21\/a-prize-to-keep-mariette-kaandorps-love-of-education-alive\/#primaryimage","url":"https:\/\/www.erasmusmagazine.nl\/en\/wp-content\/uploads\/sites\/8\/2022\/01\/18151704\/Marie\u0308tte-Kaandorp.jpeg?image-crop-positioner-ts=1766139271","contentUrl":"https:\/\/www.erasmusmagazine.nl\/en\/wp-content\/uploads\/sites\/8\/2022\/01\/18151704\/Marie\u0308tte-Kaandorp.jpeg?image-crop-positioner-ts=1766139271","width":2000,"height":1332,"caption":"Mari\u00ebtte Kaandorp (21-01-1985 - 20-11-2020)"},{"@type":"BreadcrumbList","@id":"https:\/\/www.erasmusmagazine.nl\/en\/2022\/01\/21\/a-prize-to-keep-mariette-kaandorps-love-of-education-alive\/#breadcrumb","itemListElement":[{"@type":"ListItem","position":1,"name":"Home","item":"https:\/\/www.erasmusmagazine.nl\/en\/"},{"@type":"ListItem","position":2,"name":"A prize to keep Mari\u00ebtte Kaandorp&#8217;s love of education alive"}]},{"@type":"WebSite","@id":"https:\/\/www.erasmusmagazine.nl\/en\/#website","url":"https:\/\/www.erasmusmagazine.nl\/en\/","name":"Erasmus Magazine","description":"Independent news platform of Erasmus University Rotterdam","potentialAction":[{"@type":"SearchAction","target":{"@type":"EntryPoint","urlTemplate":"https:\/\/www.erasmusmagazine.nl\/en\/?s={search_term_string}"},"query-input":{"@type":"PropertyValueSpecification","valueRequired":true,"valueName":"search_term_string"}}],"inLanguage":"en-GB"},{"@type":"Person","name":"Tessa Hofland","id":"https:\/\/www.erasmusmagazine.nl\/en\/persons\/tessa-hofland\/","url":"https:\/\/www.erasmusmagazine.nl\/en\/persons\/tessa-hofland\/","image":{"@type":"ImageObject","inLanguage":"en-GB","@id":"https:\/\/www.erasmusmagazine.nl\/en\/wp-content\/uploads\/sites\/8\/Tessa-Hofland_profielfoto-bol_Leroy-Verbeet-2026.jpg","url":"https:\/\/www.erasmusmagazine.nl\/en\/wp-content\/uploads\/sites\/8\/Tessa-Hofland_profielfoto-bol_Leroy-Verbeet-2026.jpg","contentUrl":"https:\/\/www.erasmusmagazine.nl\/en\/wp-content\/uploads\/sites\/8\/Tessa-Hofland_profielfoto-bol_Leroy-Verbeet-2026.jpg","caption":"Tessa Hofland"}}]}},"_links":{"self":[{"href":"https:\/\/www.erasmusmagazine.nl\/en\/wp-json\/wp\/v2\/posts\/134952","targetHints":{"allow":["GET"]}}],"collection":[{"href":"https:\/\/www.erasmusmagazine.nl\/en\/wp-json\/wp\/v2\/posts"}],"about":[{"href":"https:\/\/www.erasmusmagazine.nl\/en\/wp-json\/wp\/v2\/types\/post"}],"author":[{"embeddable":true,"href":"https:\/\/www.erasmusmagazine.nl\/en\/wp-json\/wp\/v2\/users\/284"}],"replies":[{"embeddable":true,"href":"https:\/\/www.erasmusmagazine.nl\/en\/wp-json\/wp\/v2\/comments?post=134952"}],"version-history":[{"count":1,"href":"https:\/\/www.erasmusmagazine.nl\/en\/wp-json\/wp\/v2\/posts\/134952\/revisions"}],"predecessor-version":[{"id":190739,"href":"https:\/\/www.erasmusmagazine.nl\/en\/wp-json\/wp\/v2\/posts\/134952\/revisions\/190739"}],"wp:featuredmedia":[{"embeddable":true,"href":"https:\/\/www.erasmusmagazine.nl\/en\/wp-json\/wp\/v2\/media\/134874"}],"wp:attachment":[{"href":"https:\/\/www.erasmusmagazine.nl\/en\/wp-json\/wp\/v2\/media?parent=134952"}],"wp:term":[{"taxonomy":"category","embeddable":true,"href":"https:\/\/www.erasmusmagazine.nl\/en\/wp-json\/wp\/v2\/categories?post=134952"},{"taxonomy":"em_content_type","embeddable":true,"href":"https:\/\/www.erasmusmagazine.nl\/en\/wp-json\/wp\/v2\/em_content_type?post=134952"}],"curies":[{"name":"wp","href":"https:\/\/api.w.org\/{rel}","templated":true}]}}